{"id":388177,"date":"2020-07-18T21:45:08","date_gmt":"2020-07-18T19:45:08","guid":{"rendered":"https:\/\/hashtag.al\/?p=388177"},"modified":"2020-07-18T21:44:04","modified_gmt":"2020-07-18T19:44:04","slug":"keshillit-politik-i-shtohet-edhe-nje-anetar-neser-ne-mbledhje-per-te-diskutuar-listat-e-hapura-edhe-murrizi","status":"publish","type":"post","link":"https:\/\/www.hashtag.al\/index.php\/2020\/07\/18\/keshillit-politik-i-shtohet-edhe-nje-anetar-neser-ne-mbledhje-per-te-diskutuar-listat-e-hapura-edhe-murrizi\/","title":{"rendered":"K\u00ebshillit Politik i shtohet edhe nj\u00eb an\u00ebtar, nes\u00ebr n\u00eb mbledhje p\u00ebr t\u00eb diskutuar listat e hapura edhe Murrizi","gt_translate_keys":[{"key":"rendered","format":"text"}]},"content":{"rendered":"<p><img loading=\"lazy\" decoding=\"async\" class=\"aligncenter size-full wp-image-388178\" src=\"https:\/\/hashtag.al\/wp-content\/uploads\/2020\/07\/murrizi-keshilli-politik.jpg\" alt=\"\" width=\"1659\" height=\"722\" srcset=\"https:\/\/www.hashtag.al\/wp-content\/uploads\/2020\/07\/murrizi-keshilli-politik.jpg 1659w, https:\/\/www.hashtag.al\/wp-content\/uploads\/2020\/07\/murrizi-keshilli-politik-300x131.jpg 300w, https:\/\/www.hashtag.al\/wp-content\/uploads\/2020\/07\/murrizi-keshilli-politik-768x334.jpg 768w, https:\/\/www.hashtag.al\/wp-content\/uploads\/2020\/07\/murrizi-keshilli-politik-1024x446.jpg 1024w\" sizes=\"auto, (max-width: 1659px) 100vw, 1659px\" \/><\/p>\n<p><span style=\"color: #000000;\">K\u00ebshilli Politik do t\u00eb mblidhet s\u00ebrish dit\u00ebn e h\u00ebn\u00eb ku punimet pritet t\u2019i filloj\u00eb q\u00eb prej or\u00ebs 11:00. K\u00ebt\u00eb her\u00eb k\u00ebshilli mblidhet p\u00ebr t\u00eb diskutuar hapjen e listave dhe formul\u00ebn e koalicioneve mes partive.<\/span><\/p>\n<p><span style=\"color: #000000;\">Ndryshe nga her\u00ebt e tjera n\u00eb nes\u00ebr do jet\u00eb i pranish\u00ebm edhe kreu i qeveris\u00eb Edi Rama nd\u00ebrsa Partia Demokratike do p\u00ebrfaq\u00ebsohet nga Gazment Bardhi.<\/span><\/p>\n<p><span style=\"color: #000000;\">Nj\u00eb an\u00ebtar i ri i shtohet k\u00ebtij K\u00ebshilli nga radh\u00ebt e opozit\u00ebs parlamentare. Myslim Murrizi do jet\u00eb i pranish\u00ebm n\u00eb mbledhje i cili s\u00eb bashku me Rudina Hajdarin jan\u00eb edhe n\u00ebshkruesit p\u00ebr hapjen e listave t\u00eb kandidat\u00ebve p\u00ebr deputet q\u00eb m\u00eb von\u00eb u mb\u00ebshtet\u00ebn edhe nga mazhoranca socialiste.<\/span><\/p>\n<p><span style=\"color: #000000;\">Lajmin p\u00ebr p\u00ebrfaq\u00ebsimin e Murrizit n\u00eb K\u00ebshillin Politik e ka ndar\u00eb deputeti i opozit\u00ebs n\u00eb parlament Edmond Stojku.<\/span><\/p>\n<p><strong><span style=\"color: #000000;\">Postimi i plot\u00eb i Edmond Stojkut:<\/span><\/strong><\/p>\n<p><span style=\"color: #000000;\">T\u00eb nderuar miq!<\/span><\/p>\n<p><span style=\"color: #000000;\">Ju njoftoj se pas dakord\u00ebsis\u00eb s\u00eb pal\u00ebve t\u00eb k\u00ebshillit politik, si dhe miqve tan\u00eb t\u00eb nderuar nd\u00ebrkomb\u00ebtare, p\u00ebr procesin e ndryshimeve kushtetuese, opozita parlamentare vendosi p\u00ebrfaq\u00ebsimin e saj! N\u00eb em\u00ebr t\u00eb 28 deputet\u00ebve firm\u00ebtar\u00eb t\u00eb tre grupeve parlamentare dhe t\u00eb deputet\u00ebve t\u00eb pavarur, me t\u00eb cil\u00ebt kemi k\u00ebrkuar ndryshimet kushtetuese p\u00ebr:<\/span><\/p>\n<p><span style=\"color: #000000;\">1-Sistemin zgjedhor<\/span><\/p>\n<p><span style=\"color: #000000;\">2-Listat e hapura,<\/span><\/p>\n<p><span style=\"color: #000000;\">3-Zbatimin e rekomandimeve t\u00eb Osbe Odihrit p\u00ebr depolitizimim e komisioner\u00ebve, pra p\u00ebr administrat\u00eb zgjedhore publike.<\/span><\/p>\n<p><span style=\"color: #000000;\">Jemi dakort\u00ebsuar q\u00eb Perfaqesuesit tan\u00eb n\u00eb K\u00ebshillin politik do t\u00eb jen\u00eb Z.Myslim Murrizi dhe si Kryetare e Komisionit t\u00eb Integrimit Znj. Rudina Hajdari!<\/span><\/p>\n","protected":false,"gt_translate_keys":[{"key":"rendered","format":"html"}]},"excerpt":{"rendered":"<p>K\u00ebshilli Politik do t\u00eb mblidhet s\u00ebrish dit\u00ebn e h\u00ebn\u00eb ku punimet pritet t\u2019i filloj\u00eb q\u00eb prej or\u00ebs 11:00. K\u00ebt\u00eb her\u00eb k\u00ebshilli mblidhet p\u00ebr t\u00eb diskutuar hapjen e listave dhe formul\u00ebn e koalicioneve mes partive. Ndryshe nga her\u00ebt e tjera n\u00eb nes\u00ebr do jet\u00eb i pranish\u00ebm edhe kreu i qeveris\u00eb Edi Rama nd\u00ebrsa Partia Demokratike do [&hellip;]<\/p>\n","protected":false,"gt_translate_keys":[{"key":"rendered","format":"html"}]},"author":32,"featured_media":388178,"comment_status":"open","ping_status":"open","sticky":false,"template":"","format":"standard","meta":{"footnotes":""},"categories":[65,13],"tags":[],"class_list":["post-388177","post","type-post","status-publish","format-standard","has-post-thumbnail","hentry","category-lajme","category-te-fundit"],"gt_translate_keys":[{"key":"link","format":"url"}],"_links":{"self":[{"href":"https:\/\/www.hashtag.al\/index.php\/wp-json\/wp\/v2\/posts\/388177","targetHints":{"allow":["GET"]}}],"collection":[{"href":"https:\/\/www.hashtag.al\/index.php\/wp-json\/wp\/v2\/posts"}],"about":[{"href":"https:\/\/www.hashtag.al\/index.php\/wp-json\/wp\/v2\/types\/post"}],"author":[{"embeddable":true,"href":"https:\/\/www.hashtag.al\/index.php\/wp-json\/wp\/v2\/users\/32"}],"replies":[{"embeddable":true,"href":"https:\/\/www.hashtag.al\/index.php\/wp-json\/wp\/v2\/comments?post=388177"}],"version-history":[{"count":0,"href":"https:\/\/www.hashtag.al\/index.php\/wp-json\/wp\/v2\/posts\/388177\/revisions"}],"wp:featuredmedia":[{"embeddable":true,"href":"https:\/\/www.hashtag.al\/index.php\/wp-json\/wp\/v2\/media\/388178"}],"wp:attachment":[{"href":"https:\/\/www.hashtag.al\/index.php\/wp-json\/wp\/v2\/media?parent=388177"}],"wp:term":[{"taxonomy":"category","embeddable":true,"href":"https:\/\/www.hashtag.al\/index.php\/wp-json\/wp\/v2\/categories?post=388177"},{"taxonomy":"post_tag","embeddable":true,"href":"https:\/\/www.hashtag.al\/index.php\/wp-json\/wp\/v2\/tags?post=388177"}],"curies":[{"name":"wp","href":"https:\/\/api.w.org\/{rel}","templated":true}]}}