{"id":387892,"date":"2020-07-17T15:24:53","date_gmt":"2020-07-17T13:24:53","guid":{"rendered":"https:\/\/hashtag.al\/?p=387892"},"modified":"2020-07-17T15:26:33","modified_gmt":"2020-07-17T13:26:33","slug":"rama-jam-i-gatshem-te-shkoj-vete-ne-keshillin-politik-kete-here-per-ndryshimet-kushtetuese","status":"publish","type":"post","link":"https:\/\/www.hashtag.al\/index.php\/2020\/07\/17\/rama-jam-i-gatshem-te-shkoj-vete-ne-keshillin-politik-kete-here-per-ndryshimet-kushtetuese\/","title":{"rendered":"Rama: Jam i gatsh\u00ebm t\u00eb shkoj vet\u00eb n\u00eb K\u00ebshillin Politik k\u00ebt\u00eb her\u00eb p\u00ebr ndryshimet kushtetuese","gt_translate_keys":[{"key":"rendered","format":"text"}]},"content":{"rendered":"<p><a href=\"https:\/\/hashtag.al\/wp-content\/uploads\/2020\/07\/RAMA-2.jpg\"><img loading=\"lazy\" decoding=\"async\" class=\"aligncenter size-full wp-image-387352\" src=\"https:\/\/hashtag.al\/wp-content\/uploads\/2020\/07\/RAMA-2.jpg\" alt=\"\" width=\"512\" height=\"289\" srcset=\"https:\/\/www.hashtag.al\/wp-content\/uploads\/2020\/07\/RAMA-2.jpg 512w, https:\/\/www.hashtag.al\/wp-content\/uploads\/2020\/07\/RAMA-2-300x169.jpg 300w\" sizes=\"auto, (max-width: 512px) 100vw, 512px\" \/><\/a><\/p>\n<p><span style=\"color: #000000;\">Kryeministri Edi Rama ka reaguar lidhur me zhvillimet e fundit politike, pas votimit t\u00eb ndryshimeve kushtetuese p\u00ebr hapjen e listave dhe koalicionet parazgjedhore.<\/span><\/p>\n<p><span style=\"color: #000000;\">Rama thot\u00eb se PS nuk ka asnj\u00eb detyrim ndaj PD-s\u00eb e LSI-s\u00eb p\u00ebrve\u00e7 marr\u00ebveshjes s\u00eb 5 qershorit, e megjithat\u00eb i p\u00ebrgjigjet ftes\u00ebs s\u00eb Lulzim Bash\u00ebs, p\u00ebr t\u00eb diskutuar p\u00ebrs\u00ebri n\u00eb K\u00ebshillin Politik \u00e7\u00ebshtjet q\u00eb nuk jan\u00eb trajtuar n\u00eb paktin e 5 qershorit. Ai thot\u00eb se \u00ebsht\u00eb i gatsh\u00ebm t\u00eb shkoj\u00eb vet\u00eb n\u00eb tryez\u00ebn e K\u00ebshillit Politik q\u00eb t\u00eb h\u00ebn\u00ebn, p\u00ebr t\u00eb bindur opozit\u00ebn p\u00ebr ndryshimet kushtetuese.<\/span><\/p>\n<p><em><span style=\"color: #000000;\">\u00a0\u201cPS nuk ka asnj\u00eb obligim ndaj PD-LSI p\u00ebrve\u00e7 marr\u00ebveshjes s\u00eb 5 qershorit, t\u00eb cil\u00ebn do ta mb\u00ebshtes\u00eb deri n\u00eb fund! Por n\u00ebse opozita presidenciale (OP) mendon se nisma zyrtare kushtetuese ia vlen t\u00eb diskutohet n\u00eb K\u00ebshillin Politik, PS s\u2019ka si t\u00eb jet\u00eb kund\u00ebr, madje megjith\u00eb OP n\u00eb tryez\u00eb!<\/span><\/em><\/p>\n<p><span style=\"color: #000000;\"><em>PS e ka gjith\u00eb vullnetin t\u00eb b\u00ebj\u00eb \u00e7do p\u00ebrpjekje p\u00ebr ta bindur PD-LSI p\u00ebr dobin\u00eb q\u00eb nisma kushtetuese ka p\u00ebr Shqip\u00ebrin\u00eb, e un\u00eb jam i gatsh\u00ebm t\u00eb shkoj vet\u00eb n\u00eb K\u00ebshillin Politik k\u00ebt\u00eb her\u00eb, ku po erdhi dhe LB apo edhe IM n\u00ebse d\u00ebshirojn\u00eb, do jet\u00eb edhe m\u00eb mir\u00eb padyshim. Gati q\u00eb t\u00eb h\u00ebn\u00ebn!<\/em>\u201d- shkruan Rama.<\/span><\/p>\n","protected":false,"gt_translate_keys":[{"key":"rendered","format":"html"}]},"excerpt":{"rendered":"<p>Kryeministri Edi Rama ka reaguar lidhur me zhvillimet e fundit politike, pas votimit t\u00eb ndryshimeve kushtetuese p\u00ebr hapjen e listave dhe koalicionet parazgjedhore. Rama thot\u00eb se PS nuk ka asnj\u00eb detyrim ndaj PD-s\u00eb e LSI-s\u00eb p\u00ebrve\u00e7 marr\u00ebveshjes s\u00eb 5 qershorit, e megjithat\u00eb i p\u00ebrgjigjet ftes\u00ebs s\u00eb Lulzim Bash\u00ebs, p\u00ebr t\u00eb diskutuar p\u00ebrs\u00ebri n\u00eb K\u00ebshillin Politik [&hellip;]<\/p>\n","protected":false,"gt_translate_keys":[{"key":"rendered","format":"html"}]},"author":30,"featured_media":387352,"comment_status":"open","ping_status":"open","sticky":false,"template":"","format":"standard","meta":{"footnotes":""},"categories":[65,13],"tags":[],"class_list":["post-387892","post","type-post","status-publish","format-standard","has-post-thumbnail","hentry","category-lajme","category-te-fundit"],"gt_translate_keys":[{"key":"link","format":"url"}],"_links":{"self":[{"href":"https:\/\/www.hashtag.al\/index.php\/wp-json\/wp\/v2\/posts\/387892","targetHints":{"allow":["GET"]}}],"collection":[{"href":"https:\/\/www.hashtag.al\/index.php\/wp-json\/wp\/v2\/posts"}],"about":[{"href":"https:\/\/www.hashtag.al\/index.php\/wp-json\/wp\/v2\/types\/post"}],"author":[{"embeddable":true,"href":"https:\/\/www.hashtag.al\/index.php\/wp-json\/wp\/v2\/users\/30"}],"replies":[{"embeddable":true,"href":"https:\/\/www.hashtag.al\/index.php\/wp-json\/wp\/v2\/comments?post=387892"}],"version-history":[{"count":0,"href":"https:\/\/www.hashtag.al\/index.php\/wp-json\/wp\/v2\/posts\/387892\/revisions"}],"wp:featuredmedia":[{"embeddable":true,"href":"https:\/\/www.hashtag.al\/index.php\/wp-json\/wp\/v2\/media\/387352"}],"wp:attachment":[{"href":"https:\/\/www.hashtag.al\/index.php\/wp-json\/wp\/v2\/media?parent=387892"}],"wp:term":[{"taxonomy":"category","embeddable":true,"href":"https:\/\/www.hashtag.al\/index.php\/wp-json\/wp\/v2\/categories?post=387892"},{"taxonomy":"post_tag","embeddable":true,"href":"https:\/\/www.hashtag.al\/index.php\/wp-json\/wp\/v2\/tags?post=387892"}],"curies":[{"name":"wp","href":"https:\/\/api.w.org\/{rel}","templated":true}]}}