{"id":387721,"date":"2020-07-16T18:45:07","date_gmt":"2020-07-16T16:45:07","guid":{"rendered":"https:\/\/hashtag.al\/?p=387721"},"modified":"2020-07-16T18:45:07","modified_gmt":"2020-07-16T16:45:07","slug":"20-viktima-dhe-230-raste-te-reja-lidhur-me-covid-19-ne-itali-gjate-24-oreve","status":"publish","type":"post","link":"https:\/\/www.hashtag.al\/index.php\/2020\/07\/16\/20-viktima-dhe-230-raste-te-reja-lidhur-me-covid-19-ne-itali-gjate-24-oreve\/","title":{"rendered":"20 viktima dhe 230 raste t\u00eb reja lidhur me Covid-19 n\u00eb Itali gjat\u00eb 24 or\u00ebve","gt_translate_keys":[{"key":"rendered","format":"text"}]},"content":{"rendered":"<p><img loading=\"lazy\" decoding=\"async\" class=\"aligncenter size-full wp-image-373067\" src=\"https:\/\/hashtag.al\/wp-content\/uploads\/2020\/05\/coviditali.jpg\" alt=\"\" width=\"2500\" height=\"1656\" srcset=\"https:\/\/www.hashtag.al\/wp-content\/uploads\/2020\/05\/coviditali.jpg 2500w, https:\/\/www.hashtag.al\/wp-content\/uploads\/2020\/05\/coviditali-300x199.jpg 300w, https:\/\/www.hashtag.al\/wp-content\/uploads\/2020\/05\/coviditali-768x509.jpg 768w, https:\/\/www.hashtag.al\/wp-content\/uploads\/2020\/05\/coviditali-1024x678.jpg 1024w\" sizes=\"auto, (max-width: 2500px) 100vw, 2500px\" \/><\/p>\n<p><span style=\"color: #000000;\">Sipas t\u00eb dh\u00ebnave nga Ministria e Sh\u00ebndet\u00ebsis\u00eb Italiane, gjat\u00eb 24 or\u00ebve t\u00eb fundit n\u00eb vend jan\u00eb regjistruar 20 viktima nga koronavirusi (dje ishin 13), p\u00ebr nj\u00eb total prej 35017 q\u00eb nga fillimi i emergjenc\u00ebs sh\u00ebndet\u00ebsore.<\/span><\/p>\n<p><span style=\"color: #000000;\">Autoritetet e sh\u00ebndet\u00ebsis\u00eb raportuan gjithashtu se sot u regjistruan edhe 230 raste t\u00eb reja pozitiv (dje ishin 162) p\u00ebr nj\u00eb total prej 243.736<\/span><\/p>\n<p><span style=\"color: #000000;\">N\u00eb Rajonin e Lombardis\u00eb sot u regjistruan 10 viktima nga koronavirusi p\u00ebr nj\u00eb total prej 16 755 vdekje, si edhe 80 raste t\u00eb reja t\u00eb pozitivitetit Covid.<\/span><\/p>\n","protected":false,"gt_translate_keys":[{"key":"rendered","format":"html"}]},"excerpt":{"rendered":"<p>Sipas t\u00eb dh\u00ebnave nga Ministria e Sh\u00ebndet\u00ebsis\u00eb Italiane, gjat\u00eb 24 or\u00ebve t\u00eb fundit n\u00eb vend jan\u00eb regjistruar 20 viktima nga koronavirusi (dje ishin 13), p\u00ebr nj\u00eb total prej 35017 q\u00eb nga fillimi i emergjenc\u00ebs sh\u00ebndet\u00ebsore. Autoritetet e sh\u00ebndet\u00ebsis\u00eb raportuan gjithashtu se sot u regjistruan edhe 230 raste t\u00eb reja pozitiv (dje ishin 162) p\u00ebr nj\u00eb [&hellip;]<\/p>\n","protected":false,"gt_translate_keys":[{"key":"rendered","format":"html"}]},"author":32,"featured_media":373067,"comment_status":"open","ping_status":"open","sticky":false,"template":"","format":"standard","meta":{"footnotes":""},"categories":[6,13],"tags":[],"class_list":["post-387721","post","type-post","status-publish","format-standard","has-post-thumbnail","hentry","category-nderkombetare","category-te-fundit"],"gt_translate_keys":[{"key":"link","format":"url"}],"_links":{"self":[{"href":"https:\/\/www.hashtag.al\/index.php\/wp-json\/wp\/v2\/posts\/387721","targetHints":{"allow":["GET"]}}],"collection":[{"href":"https:\/\/www.hashtag.al\/index.php\/wp-json\/wp\/v2\/posts"}],"about":[{"href":"https:\/\/www.hashtag.al\/index.php\/wp-json\/wp\/v2\/types\/post"}],"author":[{"embeddable":true,"href":"https:\/\/www.hashtag.al\/index.php\/wp-json\/wp\/v2\/users\/32"}],"replies":[{"embeddable":true,"href":"https:\/\/www.hashtag.al\/index.php\/wp-json\/wp\/v2\/comments?post=387721"}],"version-history":[{"count":0,"href":"https:\/\/www.hashtag.al\/index.php\/wp-json\/wp\/v2\/posts\/387721\/revisions"}],"wp:featuredmedia":[{"embeddable":true,"href":"https:\/\/www.hashtag.al\/index.php\/wp-json\/wp\/v2\/media\/373067"}],"wp:attachment":[{"href":"https:\/\/www.hashtag.al\/index.php\/wp-json\/wp\/v2\/media?parent=387721"}],"wp:term":[{"taxonomy":"category","embeddable":true,"href":"https:\/\/www.hashtag.al\/index.php\/wp-json\/wp\/v2\/categories?post=387721"},{"taxonomy":"post_tag","embeddable":true,"href":"https:\/\/www.hashtag.al\/index.php\/wp-json\/wp\/v2\/tags?post=387721"}],"curies":[{"name":"wp","href":"https:\/\/api.w.org\/{rel}","templated":true}]}}