{"id":387385,"date":"2020-07-15T13:48:30","date_gmt":"2020-07-15T11:48:30","guid":{"rendered":"https:\/\/hashtag.al\/?p=387385"},"modified":"2020-07-15T13:48:42","modified_gmt":"2020-07-15T11:48:42","slug":"soreca-marreveshja-e-5-qershorit-te-miratohet-sa-me-shpejt-ne-parlament","status":"publish","type":"post","link":"https:\/\/www.hashtag.al\/index.php\/2020\/07\/15\/soreca-marreveshja-e-5-qershorit-te-miratohet-sa-me-shpejt-ne-parlament\/","title":{"rendered":"Soreca: Marr\u00ebveshja e 5 qershorit t\u00eb miratohet sa m\u00eb shpejt n\u00eb Parlament","gt_translate_keys":[{"key":"rendered","format":"text"}]},"content":{"rendered":"<p><a href=\"https:\/\/hashtag.al\/index.php\/2020\/07\/15\/soreca-marreveshja-e-5-qershorit-te-miratohet-sa-me-shpejt-ne-parlament\/soreca-18\/\" rel=\"attachment wp-att-387386\"><img loading=\"lazy\" decoding=\"async\" class=\"aligncenter size-full wp-image-387386\" src=\"https:\/\/hashtag.al\/wp-content\/uploads\/2020\/07\/soreca.jpg\" alt=\"\" width=\"1280\" height=\"889\" srcset=\"https:\/\/www.hashtag.al\/wp-content\/uploads\/2020\/07\/soreca.jpg 1280w, https:\/\/www.hashtag.al\/wp-content\/uploads\/2020\/07\/soreca-300x208.jpg 300w, https:\/\/www.hashtag.al\/wp-content\/uploads\/2020\/07\/soreca-768x533.jpg 768w, https:\/\/www.hashtag.al\/wp-content\/uploads\/2020\/07\/soreca-1024x711.jpg 1024w\" sizes=\"auto, (max-width: 1280px) 100vw, 1280px\" \/><\/a><\/p>\n<p><span style=\"color: #000000;\">Ambasadori i BE-s\u00eb n\u00eb Tiran\u00eb, Soreca, deklaroi sot se miratimi i marr\u00ebveshjes s\u00eb 5 qershorit duhet t\u00eb miratohet n\u00eb parlament sa m\u00eb shpejt. <\/span><\/p>\n<p><span style=\"color: #000000;\">Nga Vlora ai theksoi se reforma zgjedhore \u00ebsht\u00eb kusht ky\u00e7 p\u00ebr hyrjen n\u00eb BE. <\/span><\/p>\n<p><span style=\"color: #000000;\">Lidhur me ndryshimet kushtetuese, Soreca shtoi se duhen b\u00ebr\u00eb konsultimet e duhura dhe t\u00eb vijoj\u00eb dialogu.<\/span><\/p>\n<p><span style=\"color: #000000;\"><em>\u201cSi\u00e7 e dini BE e ka mir\u00ebpritur marr\u00ebveshjen e 5 qershorit, ai \u00ebsht\u00eb nj\u00eb pro\u00e7es gjith\u00ebp\u00ebrfshir\u00ebs, kjo marr\u00ebveshje t\u00eb miratohet shum\u00eb shpejt. Ne ftojm\u00eb parlamentin ta pranoj\u00eb. Reforma zgjedhore \u00ebsht\u00eb kusht ky\u00e7 p\u00ebr hyrjen n\u00eb BE, kusht pa t\u00eb cilin Shqip\u00ebria nuk mund t\u00eb filloj\u00eb konferenc\u00ebn e par\u00eb nd\u00ebrkomb\u00ebtare, ky si kusht duhet t\u00eb p\u00ebrmbushet plot\u00ebsisht. Nd\u00ebrkoh\u00eb q\u00eb sa i p\u00ebrket ndryshimeve t\u00eb kushtetut\u00ebs, do t\u00eb thoja q\u00eb orientimet e k\u00ebshillit t\u00eb Venecias dhe OSBE, k\u00ebrkojn\u00eb q\u00eb t\u00eb b\u00ebhen konsultimet e duhura, ne e njohim parlamentin, ne inkurajojm\u00eb t\u00eb gjitha pal\u00ebt t\u00eb vazhdojn\u00eb dialogun, bashk\u00ebpunimin me t\u00eb nj\u00ebjtin mekaniz\u00ebm gjith\u00ebp\u00ebrfshir\u00ebs ashtu si n\u00eb 5 qershor.\u201d<\/em> &#8211; tha Soreca.<\/span><\/p>\n","protected":false,"gt_translate_keys":[{"key":"rendered","format":"html"}]},"excerpt":{"rendered":"<p>Ambasadori i BE-s\u00eb n\u00eb Tiran\u00eb, Soreca, deklaroi sot se miratimi i marr\u00ebveshjes s\u00eb 5 qershorit duhet t\u00eb miratohet n\u00eb parlament sa m\u00eb shpejt. Nga Vlora ai theksoi se reforma zgjedhore \u00ebsht\u00eb kusht ky\u00e7 p\u00ebr hyrjen n\u00eb BE. Lidhur me ndryshimet kushtetuese, Soreca shtoi se duhen b\u00ebr\u00eb konsultimet e duhura dhe t\u00eb vijoj\u00eb dialogu. \u201cSi\u00e7 e [&hellip;]<\/p>\n","protected":false,"gt_translate_keys":[{"key":"rendered","format":"html"}]},"author":51,"featured_media":387386,"comment_status":"open","ping_status":"open","sticky":false,"template":"","format":"standard","meta":{"footnotes":""},"categories":[65,13],"tags":[],"class_list":["post-387385","post","type-post","status-publish","format-standard","has-post-thumbnail","hentry","category-lajme","category-te-fundit"],"gt_translate_keys":[{"key":"link","format":"url"}],"_links":{"self":[{"href":"https:\/\/www.hashtag.al\/index.php\/wp-json\/wp\/v2\/posts\/387385","targetHints":{"allow":["GET"]}}],"collection":[{"href":"https:\/\/www.hashtag.al\/index.php\/wp-json\/wp\/v2\/posts"}],"about":[{"href":"https:\/\/www.hashtag.al\/index.php\/wp-json\/wp\/v2\/types\/post"}],"author":[{"embeddable":true,"href":"https:\/\/www.hashtag.al\/index.php\/wp-json\/wp\/v2\/users\/51"}],"replies":[{"embeddable":true,"href":"https:\/\/www.hashtag.al\/index.php\/wp-json\/wp\/v2\/comments?post=387385"}],"version-history":[{"count":0,"href":"https:\/\/www.hashtag.al\/index.php\/wp-json\/wp\/v2\/posts\/387385\/revisions"}],"wp:featuredmedia":[{"embeddable":true,"href":"https:\/\/www.hashtag.al\/index.php\/wp-json\/wp\/v2\/media\/387386"}],"wp:attachment":[{"href":"https:\/\/www.hashtag.al\/index.php\/wp-json\/wp\/v2\/media?parent=387385"}],"wp:term":[{"taxonomy":"category","embeddable":true,"href":"https:\/\/www.hashtag.al\/index.php\/wp-json\/wp\/v2\/categories?post=387385"},{"taxonomy":"post_tag","embeddable":true,"href":"https:\/\/www.hashtag.al\/index.php\/wp-json\/wp\/v2\/tags?post=387385"}],"curies":[{"name":"wp","href":"https:\/\/api.w.org\/{rel}","templated":true}]}}