{"id":387362,"date":"2020-07-15T12:59:52","date_gmt":"2020-07-15T10:59:52","guid":{"rendered":"https:\/\/hashtag.al\/?p=387362"},"modified":"2020-07-15T12:59:52","modified_gmt":"2020-07-15T10:59:52","slug":"akuza-se-kercenoi-me-arme-biznesmenin-ne-bulqize-arrestohet-feruzan-shehu","status":"publish","type":"post","link":"https:\/\/www.hashtag.al\/index.php\/2020\/07\/15\/akuza-se-kercenoi-me-arme-biznesmenin-ne-bulqize-arrestohet-feruzan-shehu\/","title":{"rendered":"Akuza se k\u00ebrc\u00ebnoi me arm\u00eb biznesmenin n\u00eb Bulqiz\u00eb, arrestohet Feruzan Shehu","gt_translate_keys":[{"key":"rendered","format":"text"}]},"content":{"rendered":"<p><a href=\"https:\/\/hashtag.al\/wp-content\/uploads\/2020\/07\/Feruzan-Shehu.jpg\"><img loading=\"lazy\" decoding=\"async\" class=\"aligncenter size-full wp-image-387363\" src=\"https:\/\/hashtag.al\/wp-content\/uploads\/2020\/07\/Feruzan-Shehu.jpg\" alt=\"\" width=\"1648\" height=\"1000\" srcset=\"https:\/\/www.hashtag.al\/wp-content\/uploads\/2020\/07\/Feruzan-Shehu.jpg 1648w, https:\/\/www.hashtag.al\/wp-content\/uploads\/2020\/07\/Feruzan-Shehu-300x182.jpg 300w, https:\/\/www.hashtag.al\/wp-content\/uploads\/2020\/07\/Feruzan-Shehu-768x466.jpg 768w, https:\/\/www.hashtag.al\/wp-content\/uploads\/2020\/07\/Feruzan-Shehu-1024x621.jpg 1024w\" sizes=\"auto, (max-width: 1648px) 100vw, 1648px\" \/><\/a><\/p>\n<p><span style=\"color: #000000;\">Arrestohet Feruzan Shehun, i cili akuzohet se ka k\u00ebrc\u00ebnuar me arm\u00eb biznesmenin G\u00ebzim Balla n\u00eb Bulqiz\u00eb.<\/span><\/p>\n<p><span style=\"color: #000000;\">Ngjarja ka ndodhur m\u00eb 19 qershor, kur biznesmeni G\u00ebzim Balla \u00ebsht\u00eb q\u00eblluar me arm\u00eb nga nj\u00eb person. Ai besohet se \u00ebsht\u00eb Feruzan Shehu.<\/span><\/p>\n<p><span style=\"color: #000000;\">Ai ka folur gjat\u00eb arratis\u00eb lidhur me ngjarjen, duke th\u00ebn\u00eb se s\u2019ka patur asnj\u00eb konflikt me Ball\u00ebn. Pir se kishte shkuar p\u00ebr ta k\u00ebrkuar p\u00ebr t\u2019I k\u00ebrkuar para, pasi ai i kishte premtuar se i jepte lek\u00eb pasi t\u00eb fitonte ndonj\u00eb tender.<\/span><\/p>\n<p><span style=\"color: #000000;\">Shehu thot\u00eb se Balla jo vet\u00ebm nuk i dha para, por se e ofendoi.<\/span><\/p>\n<p><span style=\"color: #000000;\">P\u00ebr ngjarjen ai ka folur ekskluzivisht m\u00eb her\u00ebt p\u00ebr \u201dNe\u00ebs24\u201d p\u00ebr t\u00eb sqaruar ngjarjen ku u k\u00ebrc\u00ebnua biznesmeni i nd\u00ebrtimit, G\u00ebzim Balla. Shehu thot\u00eb se nuk ka konflikt me G\u00ebzim Ball\u00ebn por zbulon se duke pir\u00eb kafe nj\u00eb dit\u00eb biznesmeni i premtonte se do i jepte lek\u00eb pasi t\u00eb merrte ndonj\u00eb tender. Shehu pasi m\u00ebsoi q\u00eb kishte marr\u00eb tenderin e rrug\u00ebs n\u00eb Fush\u00eb- Bulqiz\u00eb e telefonoi dhe i k\u00ebrkoi para por kur shkoi ta takonte nj\u00eb grup polic\u00ebsh nis\u00ebn t\u00eb q\u00ebllonin drejt tij.<\/span><\/p>\n<p><span style=\"color: #000000;\">Shehu thot\u00eb se e gjith\u00eb kjo ka qen\u00eb nj\u00eb kurth nga ana e kryebashkiakut t\u00eb Bulqiz\u00ebs, Lefter Alla.<\/span><\/p>\n<p><span style=\"color: #000000;\">Biznesmeni G\u00ebzim Balla njihet n\u00eb zon\u00eb si sip\u00ebrmarr\u00ebs n\u00eb fush\u00ebn e nd\u00ebrtimit, firma e tij kishte marr\u00eb nj\u00eb tender nga Bashkia e Bulqiz\u00ebs p\u00ebr nd\u00ebrtimin e 2.2 kilometra rrug\u00eb, Fush\u00eb-Bulqiz\u00eb \u2013 Kodra e Danit dhe kjo dyshohet t\u00eb ket\u00eb qen\u00eb shkaku i konfliktit.<\/span><\/p>\n<p><span style=\"color: #000000;\">Feruzan Shehu ishte n\u00eb k\u00ebrkim prej shtatorit t\u00eb 2019 edhe p\u00ebr nj\u00eb tjet\u00ebr ngjarje.<\/span><\/p>\n","protected":false,"gt_translate_keys":[{"key":"rendered","format":"html"}]},"excerpt":{"rendered":"<p>Arrestohet Feruzan Shehun, i cili akuzohet se ka k\u00ebrc\u00ebnuar me arm\u00eb biznesmenin G\u00ebzim Balla n\u00eb Bulqiz\u00eb. Ngjarja ka ndodhur m\u00eb 19 qershor, kur biznesmeni G\u00ebzim Balla \u00ebsht\u00eb q\u00eblluar me arm\u00eb nga nj\u00eb person. Ai besohet se \u00ebsht\u00eb Feruzan Shehu. Ai ka folur gjat\u00eb arratis\u00eb lidhur me ngjarjen, duke th\u00ebn\u00eb se s\u2019ka patur asnj\u00eb konflikt me [&hellip;]<\/p>\n","protected":false,"gt_translate_keys":[{"key":"rendered","format":"html"}]},"author":30,"featured_media":387363,"comment_status":"open","ping_status":"open","sticky":false,"template":"","format":"standard","meta":{"footnotes":""},"categories":[65,13],"tags":[],"class_list":["post-387362","post","type-post","status-publish","format-standard","has-post-thumbnail","hentry","category-lajme","category-te-fundit"],"gt_translate_keys":[{"key":"link","format":"url"}],"_links":{"self":[{"href":"https:\/\/www.hashtag.al\/index.php\/wp-json\/wp\/v2\/posts\/387362","targetHints":{"allow":["GET"]}}],"collection":[{"href":"https:\/\/www.hashtag.al\/index.php\/wp-json\/wp\/v2\/posts"}],"about":[{"href":"https:\/\/www.hashtag.al\/index.php\/wp-json\/wp\/v2\/types\/post"}],"author":[{"embeddable":true,"href":"https:\/\/www.hashtag.al\/index.php\/wp-json\/wp\/v2\/users\/30"}],"replies":[{"embeddable":true,"href":"https:\/\/www.hashtag.al\/index.php\/wp-json\/wp\/v2\/comments?post=387362"}],"version-history":[{"count":0,"href":"https:\/\/www.hashtag.al\/index.php\/wp-json\/wp\/v2\/posts\/387362\/revisions"}],"wp:featuredmedia":[{"embeddable":true,"href":"https:\/\/www.hashtag.al\/index.php\/wp-json\/wp\/v2\/media\/387363"}],"wp:attachment":[{"href":"https:\/\/www.hashtag.al\/index.php\/wp-json\/wp\/v2\/media?parent=387362"}],"wp:term":[{"taxonomy":"category","embeddable":true,"href":"https:\/\/www.hashtag.al\/index.php\/wp-json\/wp\/v2\/categories?post=387362"},{"taxonomy":"post_tag","embeddable":true,"href":"https:\/\/www.hashtag.al\/index.php\/wp-json\/wp\/v2\/tags?post=387362"}],"curies":[{"name":"wp","href":"https:\/\/api.w.org\/{rel}","templated":true}]}}