{"id":387349,"date":"2020-07-15T12:50:14","date_gmt":"2020-07-15T10:50:14","guid":{"rendered":"https:\/\/hashtag.al\/?p=387349"},"modified":"2020-07-15T13:06:20","modified_gmt":"2020-07-15T11:06:20","slug":"aston-martin-zgjedh-pilotin-gjerman-pe-debutimin-ne-formula-1","status":"publish","type":"post","link":"https:\/\/www.hashtag.al\/index.php\/2020\/07\/15\/aston-martin-zgjedh-pilotin-gjerman-pe-debutimin-ne-formula-1\/","title":{"rendered":"&#8220;Aston Martin&#8221; zgjedh pilotin gjerman p\u00ebr debutimin n\u00eb Formula 1","gt_translate_keys":[{"key":"rendered","format":"text"}]},"content":{"rendered":"<p><a href=\"https:\/\/hashtag.al\/index.php\/2020\/07\/15\/aston-martin-zgjedh-pilotin-gjerman-pe-debutimin-ne-formula-1\/aston-martin\/\" rel=\"attachment wp-att-387353\"><img loading=\"lazy\" decoding=\"async\" class=\"aligncenter size-full wp-image-387353\" src=\"https:\/\/hashtag.al\/wp-content\/uploads\/2020\/07\/aston-martin.jpg\" alt=\"\" width=\"1920\" height=\"1280\" srcset=\"https:\/\/www.hashtag.al\/wp-content\/uploads\/2020\/07\/aston-martin.jpg 1920w, https:\/\/www.hashtag.al\/wp-content\/uploads\/2020\/07\/aston-martin-300x200.jpg 300w, https:\/\/www.hashtag.al\/wp-content\/uploads\/2020\/07\/aston-martin-768x512.jpg 768w, https:\/\/www.hashtag.al\/wp-content\/uploads\/2020\/07\/aston-martin-1024x683.jpg 1024w\" sizes=\"auto, (max-width: 1920px) 100vw, 1920px\" \/><\/a><\/p>\n<p><span style=\"color: #000000;\">Kompania e famshme britanike e prodhimit t\u00eb makinave, Aston Martin, pritet t\u00eb debutoj\u00eb sezonin q\u00eb vjen n\u00eb Formula 1. <\/span><\/p>\n<p><span style=\"color: #000000;\">P\u00ebr k\u00ebt\u00eb kompania ka menduar t\u2019ia besoj\u00eb nj\u00ebrin nga vendet, pilotit gjerman t\u00eb Ferrarit, Sebastian Vetel. <\/span><\/p>\n<p><span style=\"color: #000000;\">Sipas Bild, bisedimet mes pal\u00ebve jan\u00eb n\u00eb faz\u00ebn e fundit dhe gjith\u00e7ka pritet t\u00eb vendoset brenda 31 korrikut. <\/span><\/p>\n<p><span style=\"color: #000000;\">Duke qen\u00eb se Vetel nuk ka pasur preferenc\u00eb p\u00ebr Red Bull apo Mercedes, debutimi i tij me Aston Martin \u00ebsht\u00eb m\u00ebse i mundsh\u00ebm.<\/span><\/p>\n","protected":false,"gt_translate_keys":[{"key":"rendered","format":"html"}]},"excerpt":{"rendered":"<p>Kompania e famshme britanike e prodhimit t\u00eb makinave, Aston Martin, pritet t\u00eb debutoj\u00eb sezonin q\u00eb vjen n\u00eb Formula 1. P\u00ebr k\u00ebt\u00eb kompania ka menduar t\u2019ia besoj\u00eb nj\u00ebrin nga vendet, pilotit gjerman t\u00eb Ferrarit, Sebastian Vetel. Sipas Bild, bisedimet mes pal\u00ebve jan\u00eb n\u00eb faz\u00ebn e fundit dhe gjith\u00e7ka pritet t\u00eb vendoset brenda 31 korrikut. Duke qen\u00eb [&hellip;]<\/p>\n","protected":false,"gt_translate_keys":[{"key":"rendered","format":"html"}]},"author":51,"featured_media":387353,"comment_status":"open","ping_status":"open","sticky":false,"template":"","format":"standard","meta":{"footnotes":""},"categories":[134],"tags":[],"class_list":["post-387349","post","type-post","status-publish","format-standard","has-post-thumbnail","hentry","category-sport"],"gt_translate_keys":[{"key":"link","format":"url"}],"_links":{"self":[{"href":"https:\/\/www.hashtag.al\/index.php\/wp-json\/wp\/v2\/posts\/387349","targetHints":{"allow":["GET"]}}],"collection":[{"href":"https:\/\/www.hashtag.al\/index.php\/wp-json\/wp\/v2\/posts"}],"about":[{"href":"https:\/\/www.hashtag.al\/index.php\/wp-json\/wp\/v2\/types\/post"}],"author":[{"embeddable":true,"href":"https:\/\/www.hashtag.al\/index.php\/wp-json\/wp\/v2\/users\/51"}],"replies":[{"embeddable":true,"href":"https:\/\/www.hashtag.al\/index.php\/wp-json\/wp\/v2\/comments?post=387349"}],"version-history":[{"count":0,"href":"https:\/\/www.hashtag.al\/index.php\/wp-json\/wp\/v2\/posts\/387349\/revisions"}],"wp:featuredmedia":[{"embeddable":true,"href":"https:\/\/www.hashtag.al\/index.php\/wp-json\/wp\/v2\/media\/387353"}],"wp:attachment":[{"href":"https:\/\/www.hashtag.al\/index.php\/wp-json\/wp\/v2\/media?parent=387349"}],"wp:term":[{"taxonomy":"category","embeddable":true,"href":"https:\/\/www.hashtag.al\/index.php\/wp-json\/wp\/v2\/categories?post=387349"},{"taxonomy":"post_tag","embeddable":true,"href":"https:\/\/www.hashtag.al\/index.php\/wp-json\/wp\/v2\/tags?post=387349"}],"curies":[{"name":"wp","href":"https:\/\/api.w.org\/{rel}","templated":true}]}}