{"id":387208,"date":"2020-07-14T20:00:01","date_gmt":"2020-07-14T18:00:01","guid":{"rendered":"https:\/\/hashtag.al\/?p=387208"},"modified":"2020-07-14T19:57:27","modified_gmt":"2020-07-14T17:57:27","slug":"rritja-e-numrit-te-rasteve-me-koronavirus-be-ja-heq-nga-lista-e-lejimit-te-udhetareve-edhe-dy-shtete-nga-ballkani-perendimor","status":"publish","type":"post","link":"https:\/\/www.hashtag.al\/index.php\/2020\/07\/14\/rritja-e-numrit-te-rasteve-me-koronavirus-be-ja-heq-nga-lista-e-lejimit-te-udhetareve-edhe-dy-shtete-nga-ballkani-perendimor\/","title":{"rendered":"Rritja e numrit t\u00eb rasteve me koronavirus, BE-ja heq nga lista e lejimit t\u00eb udh\u00ebtar\u00ebve edhe dy shtete nga Ballkani Per\u00ebndimor","gt_translate_keys":[{"key":"rendered","format":"text"}]},"content":{"rendered":"<p><img loading=\"lazy\" decoding=\"async\" class=\"aligncenter size-full wp-image-373354\" src=\"https:\/\/hashtag.al\/wp-content\/uploads\/2020\/05\/border-german.jpg\" alt=\"\" width=\"1500\" height=\"882\" srcset=\"https:\/\/www.hashtag.al\/wp-content\/uploads\/2020\/05\/border-german.jpg 1500w, https:\/\/www.hashtag.al\/wp-content\/uploads\/2020\/05\/border-german-300x176.jpg 300w, https:\/\/www.hashtag.al\/wp-content\/uploads\/2020\/05\/border-german-768x452.jpg 768w, https:\/\/www.hashtag.al\/wp-content\/uploads\/2020\/05\/border-german-1024x602.jpg 1024w\" sizes=\"auto, (max-width: 1500px) 100vw, 1500px\" \/><\/p>\n<p><span style=\"color: #000000;\">Shtetet e Ballkanit Per\u00ebndimor vazhdojn\u00eb t\u00eb mbetet jasht\u00eb list\u00ebs s\u00eb vendeve p\u00ebr t\u00eb cilat ishte rekomanduar t\u00eb hiqen kufizimet p\u00ebr udh\u00ebtim t\u00eb qytetar\u00ebve t\u00eb tyre n\u00eb vendet e Bashkimit Evropian.<\/span><\/p>\n<p><span style=\"color: #000000;\">Madje dy shtetet e vetme q\u00eb ishin n\u00eb at\u00eb list\u00eb, Mali i zi dhe Serbia, tani jan\u00eb hequr nga kjo list\u00eb.<\/span><\/p>\n<p><span style=\"color: #000000;\">K\u00ebt\u00eb e kan\u00eb vendosur sot p\u00ebrfaq\u00ebsuesit e p\u00ebrhersh\u00ebm t\u00eb vendeve t\u00eb BE-s\u00eb n\u00eb Bruksel.<\/span><\/p>\n<p><span style=\"color: #000000;\">Kjo list\u00eb, s\u00eb pari, ishte p\u00ebrpiluar para dy jav\u00ebsh, bashk\u00eb me udh\u00ebzimet dhe rekomandimet e masave q\u00eb duhet t\u00eb nd\u00ebrmarrin vendet e BE-s\u00eb gjat\u00eb heqjes graduale t\u00eb kufizimeve n\u00eb kufijt\u00eb e jasht\u00ebm.<\/span><\/p>\n<p><span style=\"color: #000000;\">N\u00eb at\u00eb koh\u00eb Mali i Zi dhe Serbia ishin vendosur n\u00eb k\u00ebt\u00eb list\u00eb sepse numri i t\u00eb infektuarve n\u00eb k\u00ebto shtete, n\u00eb at\u00eb koh\u00eb, ishte m\u00eb i vog\u00ebl sesa n\u00eb vendet tjera dhe i p\u00ebraf\u00ebrt me mesataren e vendeve t\u00eb BE-s\u00eb.<\/span><\/p>\n<p><span style=\"color: #000000;\">Vendet tjera t\u00eb rajonit, Kosova, Shqip\u00ebria, Maqedonia e Veriut dhe Bosnje e Hercegovina, as at\u00ebher\u00eb nuk ishin p\u00ebrfshir\u00eb n\u00eb list\u00eb, sepse numri i t\u00eb infektuarve n\u00eb to ishte m\u00eb i lart\u00eb.<\/span><\/p>\n<p><span style=\"color: #000000;\">Nd\u00ebrkoh\u00eb ka vazhduar me dinamik\u00eb edhe m\u00eb t\u00eb shpejt\u00eb t\u00eb rritet numri i t\u00eb infektuarve dhe t\u00eb mbushen edhe kapacitetet e sistemeve sh\u00ebndet\u00ebsore t\u00eb k\u00ebtyre vendeve prandaj nuk ka pasur as mund\u00ebsi minimale q\u00eb ndonj\u00eb shtet tjet\u00ebr i rajonit t\u00eb p\u00ebrfshihet n\u00eb list\u00eb.<\/span><\/p>\n<p><span style=\"color: #000000;\">\u201cNe nuk kemi bieduar fare q\u00eb ndonj\u00eb vend ta shtojm\u00eb n\u00eb list\u00eb. Ka ndodhur e kund\u00ebrta. Kemi diskutuar q\u00eb t\u00eb heqim nga lista edhe Malin e Zi dhe Serbin\u00eb sepse atje po ashtu ka rritje dramatike n\u00eb numrit t\u00eb t\u00eb infektuarve. Kjo ka ngritur shqet\u00ebsime n\u00eb shum\u00eb vende t\u00eb Bashkimit Evropian\u201d i ka th\u00ebn\u00eb Radios Evropa e Lir\u00eb nj\u00eb diplomat evropian.<\/span><\/p>\n<p><span style=\"color: #000000;\">Fjala \u00ebsht\u00eb vet\u00ebm p\u00ebr rekomandime nga ana e BE-s\u00eb, nd\u00ebrsa secili vend an\u00ebtar\u00eb ka mund\u00ebsin\u00eb t\u00eb vendos\u00eb n\u00ebse do t\u00eb respektoj k\u00ebto rekomandime apo jo.<\/span><\/p>\n<p><span style=\"color: #000000;\">Edhe rekomandimi i para dy jav\u00ebsh nuk u p\u00ebrfill nga shumica e shteteve an\u00ebtare t\u00eb BE-s\u00eb, t\u00eb cilat mbajt\u00ebn kufizimet edhe p\u00ebr shtetet q\u00eb ishin n\u00eb list\u00eb.<\/span><\/p>\n<p><span style=\"color: #000000;\">Disa shtete an\u00ebtare t\u00eb BE-s\u00eb kan\u00eb paralajm\u00ebruar edhe masa shtes\u00eb t\u00eb kufizimit t\u00eb udh\u00ebtimeve nga shtetet e rajonit t\u00eb Ballkanit Per\u00ebndimor. Madje edhe p\u00ebr shtetasit e vet q\u00eb vizitojn\u00eb k\u00ebto vende do t\u00eb k\u00ebrkojn\u00eb t\u00eb vetizolohen kur t\u00eb kthehen.<\/span><\/p>\n<p>&nbsp;<\/p>\n","protected":false,"gt_translate_keys":[{"key":"rendered","format":"html"}]},"excerpt":{"rendered":"<p>Shtetet e Ballkanit Per\u00ebndimor vazhdojn\u00eb t\u00eb mbetet jasht\u00eb list\u00ebs s\u00eb vendeve p\u00ebr t\u00eb cilat ishte rekomanduar t\u00eb hiqen kufizimet p\u00ebr udh\u00ebtim t\u00eb qytetar\u00ebve t\u00eb tyre n\u00eb vendet e Bashkimit Evropian. Madje dy shtetet e vetme q\u00eb ishin n\u00eb at\u00eb list\u00eb, Mali i zi dhe Serbia, tani jan\u00eb hequr nga kjo list\u00eb. K\u00ebt\u00eb e kan\u00eb vendosur [&hellip;]<\/p>\n","protected":false,"gt_translate_keys":[{"key":"rendered","format":"html"}]},"author":32,"featured_media":373354,"comment_status":"open","ping_status":"open","sticky":false,"template":"","format":"standard","meta":{"footnotes":""},"categories":[6,13],"tags":[],"class_list":["post-387208","post","type-post","status-publish","format-standard","has-post-thumbnail","hentry","category-nderkombetare","category-te-fundit"],"gt_translate_keys":[{"key":"link","format":"url"}],"_links":{"self":[{"href":"https:\/\/www.hashtag.al\/index.php\/wp-json\/wp\/v2\/posts\/387208","targetHints":{"allow":["GET"]}}],"collection":[{"href":"https:\/\/www.hashtag.al\/index.php\/wp-json\/wp\/v2\/posts"}],"about":[{"href":"https:\/\/www.hashtag.al\/index.php\/wp-json\/wp\/v2\/types\/post"}],"author":[{"embeddable":true,"href":"https:\/\/www.hashtag.al\/index.php\/wp-json\/wp\/v2\/users\/32"}],"replies":[{"embeddable":true,"href":"https:\/\/www.hashtag.al\/index.php\/wp-json\/wp\/v2\/comments?post=387208"}],"version-history":[{"count":0,"href":"https:\/\/www.hashtag.al\/index.php\/wp-json\/wp\/v2\/posts\/387208\/revisions"}],"wp:featuredmedia":[{"embeddable":true,"href":"https:\/\/www.hashtag.al\/index.php\/wp-json\/wp\/v2\/media\/373354"}],"wp:attachment":[{"href":"https:\/\/www.hashtag.al\/index.php\/wp-json\/wp\/v2\/media?parent=387208"}],"wp:term":[{"taxonomy":"category","embeddable":true,"href":"https:\/\/www.hashtag.al\/index.php\/wp-json\/wp\/v2\/categories?post=387208"},{"taxonomy":"post_tag","embeddable":true,"href":"https:\/\/www.hashtag.al\/index.php\/wp-json\/wp\/v2\/tags?post=387208"}],"curies":[{"name":"wp","href":"https:\/\/api.w.org\/{rel}","templated":true}]}}