{"id":387181,"date":"2020-07-14T17:42:30","date_gmt":"2020-07-14T15:42:30","guid":{"rendered":"https:\/\/hashtag.al\/?p=387181"},"modified":"2020-07-14T17:42:41","modified_gmt":"2020-07-14T15:42:41","slug":"kandidati-demokrat-joe-biden-citon-liderin-komunist-kinez-mao-gjate-fushates","status":"publish","type":"post","link":"https:\/\/www.hashtag.al\/index.php\/2020\/07\/14\/kandidati-demokrat-joe-biden-citon-liderin-komunist-kinez-mao-gjate-fushates\/","title":{"rendered":"Kandidati demokrat Joe Biden citon liderin komunist kinez Mao, gjat\u00eb fushat\u00ebs","gt_translate_keys":[{"key":"rendered","format":"text"}]},"content":{"rendered":"<p><a href=\"https:\/\/hashtag.al\/index.php\/2020\/07\/14\/kandidati-demokrat-joe-biden-citon-liderin-komunist-kinez-mao-gjate-fushates\/maojoebiden\/\" rel=\"attachment wp-att-387182\"><img loading=\"lazy\" decoding=\"async\" class=\"aligncenter size-full wp-image-387182\" src=\"https:\/\/hashtag.al\/wp-content\/uploads\/2020\/07\/maojoebiden.jpg\" alt=\"\" width=\"2000\" height=\"1000\" srcset=\"https:\/\/www.hashtag.al\/wp-content\/uploads\/2020\/07\/maojoebiden.jpg 2000w, https:\/\/www.hashtag.al\/wp-content\/uploads\/2020\/07\/maojoebiden-300x150.jpg 300w, https:\/\/www.hashtag.al\/wp-content\/uploads\/2020\/07\/maojoebiden-768x384.jpg 768w, https:\/\/www.hashtag.al\/wp-content\/uploads\/2020\/07\/maojoebiden-1024x512.jpg 1024w\" sizes=\"auto, (max-width: 2000px) 100vw, 2000px\" \/><\/a><\/p>\n<p><span style=\"color: #000000;\">Kandidati demokrat p\u00ebr president, Joe Biden, p\u00ebrdori nj\u00eb citat t\u00eb b\u00ebr\u00eb t\u00eb famsh\u00ebm nga lideri komunist kinez, Mao Zedong, n\u00eb nj\u00eb mbledhje fondesh n\u00eb internet me Valerie Jarrett, ish-k\u00ebshilltaren e presidentit Barack Obama, t\u00eb h\u00ebn\u00ebn n\u00eb mbr\u00ebmje.<\/span><\/p>\n<p><span style=\"color: #000000;\"><strong>Si\u00e7 v\u00eb n\u00eb dukje Uashington Examiner:<\/strong><\/span><\/p>\n<p><span style=\"color: #000000;\">Joe Biden citoi nj\u00eb shprehje t\u00eb b\u00ebr\u00eb t\u00eb famshme nga diktatori komunist kinez Mao Zedong gjat\u00eb nj\u00eb fjalimi virtual t\u00eb mbledhjes s\u00eb fondeve me ish-k\u00ebshilltaren e vjet\u00ebr t\u00eb Obam\u00ebs, Valerie Jarrett.<\/span><\/p>\n<p><span style=\"color: #000000;\"><em>&#8220;Ne do duhet t\u00eb marrim ndihm\u00eb t\u00eb v\u00ebrtet\u00eb ekonomike n\u00eb duart e grave tani&#8221;<\/em>, u tha Biden t\u00eb h\u00ebn\u00ebn n\u00eb mbr\u00ebmje 14 donator\u00ebve t\u00eb pasur q\u00eb mor\u00ebn pjes\u00eb n\u00eb seanc\u00ebn virtuale t\u00eb mbledhjes s\u00eb fondeve.<\/span><\/p>\n<p><span style=\"color: #000000;\">Sipas reporterit q\u00eb v\u00ebzhgoi ngjarjen, Biden pastaj citoi proverb\u00ebn kineze, <em>\u201cGrat\u00eb mbajn\u00eb gjysm\u00ebn e qiellit&#8221;.<\/em><\/span><\/p>\n<p><span style=\"color: #000000;\">Fraza vjen nga nj\u00eb shpallje e b\u00ebr\u00eb nga lideri komunist kinez, Mao, n\u00eb mesin e shekullit t\u00eb 20-t\u00eb q\u00eb ndihmoi n\u00eb dh\u00ebnien e t\u00eb drejtave t\u00eb caktuara p\u00ebr grat\u00eb n\u00eb Kin\u00eb. <\/span><\/p>\n<p><span style=\"color: #000000;\">Fraza u b\u00eb e zakonshme n\u00eb Kin\u00eb n\u00eb at\u00eb koh\u00eb, duke u shfaqur shpesh n\u00eb copa t\u00eb propagand\u00ebs n\u00eb fabrika ose zona t\u00eb tjera industriale.<\/span><\/p>\n<p><span style=\"color: #000000;\">Citati mund t\u00eb mos jet\u00eb i rast\u00ebsish\u00ebm. Anita Dunn, nj\u00eb k\u00ebshilltare e lart\u00eb n\u00eb fushat\u00ebn e Bidenit, lavd\u00ebroi n\u00eb m\u00ebnyr\u00eb t\u00eb paturpshme Mao-n n\u00eb vitin 2009, kur ajo ishte drejtoresh\u00eb e komunikimit e Sht\u00ebpis\u00eb s\u00eb Bardh\u00eb t\u00eb Obam\u00ebs, duke e quajtur at\u00eb nj\u00eb nga dy \u2018filozof\u00ebt e preferuar politik\u00eb\u2019.<\/span><\/p>\n<p><span style=\"color: #000000;\">Mao, tha ajo, \u00ebsht\u00eb nj\u00eb nga \u2018dy personat t\u00eb cil\u00ebve u drejtohem m\u00eb shum\u00eb\u2019, s\u00eb bashku me N\u00ebn\u00eb Terez\u00ebn.<\/span><\/p>\n<p><span style=\"color: #000000;\">Dunn m\u00eb von\u00eb pretendoi se ajo ishte duke b\u00ebr\u00eb shaka.<\/span><\/p>\n","protected":false,"gt_translate_keys":[{"key":"rendered","format":"html"}]},"excerpt":{"rendered":"<p>Kandidati demokrat p\u00ebr president, Joe Biden, p\u00ebrdori nj\u00eb citat t\u00eb b\u00ebr\u00eb t\u00eb famsh\u00ebm nga lideri komunist kinez, Mao Zedong, n\u00eb nj\u00eb mbledhje fondesh n\u00eb internet me Valerie Jarrett, ish-k\u00ebshilltaren e presidentit Barack Obama, t\u00eb h\u00ebn\u00ebn n\u00eb mbr\u00ebmje. Si\u00e7 v\u00eb n\u00eb dukje Uashington Examiner: Joe Biden citoi nj\u00eb shprehje t\u00eb b\u00ebr\u00eb t\u00eb famshme nga diktatori komunist [&hellip;]<\/p>\n","protected":false,"gt_translate_keys":[{"key":"rendered","format":"html"}]},"author":51,"featured_media":387182,"comment_status":"open","ping_status":"open","sticky":false,"template":"","format":"standard","meta":{"footnotes":""},"categories":[6],"tags":[],"class_list":["post-387181","post","type-post","status-publish","format-standard","has-post-thumbnail","hentry","category-nderkombetare"],"gt_translate_keys":[{"key":"link","format":"url"}],"_links":{"self":[{"href":"https:\/\/www.hashtag.al\/index.php\/wp-json\/wp\/v2\/posts\/387181","targetHints":{"allow":["GET"]}}],"collection":[{"href":"https:\/\/www.hashtag.al\/index.php\/wp-json\/wp\/v2\/posts"}],"about":[{"href":"https:\/\/www.hashtag.al\/index.php\/wp-json\/wp\/v2\/types\/post"}],"author":[{"embeddable":true,"href":"https:\/\/www.hashtag.al\/index.php\/wp-json\/wp\/v2\/users\/51"}],"replies":[{"embeddable":true,"href":"https:\/\/www.hashtag.al\/index.php\/wp-json\/wp\/v2\/comments?post=387181"}],"version-history":[{"count":0,"href":"https:\/\/www.hashtag.al\/index.php\/wp-json\/wp\/v2\/posts\/387181\/revisions"}],"wp:featuredmedia":[{"embeddable":true,"href":"https:\/\/www.hashtag.al\/index.php\/wp-json\/wp\/v2\/media\/387182"}],"wp:attachment":[{"href":"https:\/\/www.hashtag.al\/index.php\/wp-json\/wp\/v2\/media?parent=387181"}],"wp:term":[{"taxonomy":"category","embeddable":true,"href":"https:\/\/www.hashtag.al\/index.php\/wp-json\/wp\/v2\/categories?post=387181"},{"taxonomy":"post_tag","embeddable":true,"href":"https:\/\/www.hashtag.al\/index.php\/wp-json\/wp\/v2\/tags?post=387181"}],"curies":[{"name":"wp","href":"https:\/\/api.w.org\/{rel}","templated":true}]}}