{"id":387171,"date":"2020-07-14T16:56:26","date_gmt":"2020-07-14T14:56:26","guid":{"rendered":"https:\/\/hashtag.al\/?p=387171"},"modified":"2020-07-14T16:56:38","modified_gmt":"2020-07-14T14:56:38","slug":"plagosen-me-arme-zjarri-drejtori-i-ujesjellesit-shkoder-dhe-i-biri","status":"publish","type":"post","link":"https:\/\/www.hashtag.al\/index.php\/2020\/07\/14\/plagosen-me-arme-zjarri-drejtori-i-ujesjellesit-shkoder-dhe-i-biri\/","title":{"rendered":"Plagosen me arm\u00eb zjarri drejtori i Uj\u00ebsjell\u00ebsit Shkod\u00ebr dhe i biri","gt_translate_keys":[{"key":"rendered","format":"text"}]},"content":{"rendered":"<p><a href=\"https:\/\/hashtag.al\/index.php\/2020\/07\/14\/plagosen-me-arme-zjarri-drejtori-i-ujesjellesit-shkoder-dhe-i-biri\/mark-molla\/\" rel=\"attachment wp-att-387172\"><img loading=\"lazy\" decoding=\"async\" class=\"aligncenter size-full wp-image-387172\" src=\"https:\/\/hashtag.al\/wp-content\/uploads\/2020\/07\/mark-molla.jpg\" alt=\"\" width=\"1280\" height=\"721\" \/><\/a><\/p>\n<p><span style=\"color: #000000;\">Jan\u00eb plagosur me arm\u00eb zjarri drejtori i Uj\u00ebsjell\u00ebsit t\u00eb Shkodr\u00ebs dhe djali i tij. <\/span><\/p>\n<p><span style=\"color: #000000;\">Ngjarja ka ndodhur sipas policis\u00eb pas nj\u00eb konflikti t\u00eb \u00e7astit nd\u00ebrsa autori i dyshuar \u00ebsht\u00eb kapur menj\u00ebher\u00eb pas ngjarjes. <\/span><\/p>\n<p><span style=\"color: #000000;\">Plagosja ka ndodhur n\u00eb lagjen Mark Lula, ku nj\u00eb person me iniciale M.P., ka q\u00eblluar me arm\u00eb para banes\u00ebs s\u00eb tij drejtorin e Uj\u00ebsjell\u00ebsit, Mark Molla dhe djalin e tij, K.M. <\/span><\/p>\n<p><span style=\"color: #000000;\">N\u00eb pranga ka r\u00ebn\u00eb 43-vje\u00e7ari i cili akuzohet p\u00ebr plagosjen nd\u00ebrsa kan\u00eb nisur hetimet p\u00ebr zbardhjen e ngjarjes.<\/span><\/p>\n<p><span style=\"color: #000000;\"><strong>Njoftimi<\/strong><\/span><\/p>\n<p><em><span style=\"color: #000000;\">Plagosi me arm\u00eb zjarri pas nj\u00eb konflikti t\u00eb \u00e7astit, Drejtorin e Uj\u00ebsjell\u00ebsit n\u00eb Bashkin\u00eb Shkod\u00ebr dhe djalin e tij, kapet dhe prangoset n\u00eb koh\u00eb rekord autori, fal\u00eb reagimit t\u00eb menj\u00ebhersh\u00ebm dhe profesional t\u00eb Policis\u00eb.<\/span><\/em><\/p>\n<p><em><span style=\"color: #000000;\">Rreth or\u00ebs 16:00, n\u00eb lagjen \u2018Mark Lula\u2019, n\u00eb Shkod\u00ebr, shtetasi M. P., para banes\u00ebs s\u00eb tij, pas nj\u00eb konflikti p\u00ebr motive t\u00eb dob\u00ebta me shtetasin M. M, me detyr\u00eb Drejtor i Uj\u00ebsjell\u00ebsit n\u00eb Bashkin\u00eb Shkod\u00ebr dhe djalin e tij K. M., i ka plagosur t\u00eb dy me arm\u00eb zjarri pistolet\u00eb.<\/span><\/em><\/p>\n<p><em><span style=\"color: #000000;\">Shtetasi M. M. dhe djali i tij K. M. jan\u00eb transportuar menj\u00ebher\u00eb n\u00eb Spitalin Rajonal Shkod\u00ebr, ku ndodhen jasht\u00eb rrezikut p\u00ebr jet\u00ebn.<\/span><\/em><\/p>\n<p><em><span style=\"color: #000000;\">Policia e Shkodr\u00ebs dhe strukturat e DVP Shkod\u00ebr, me marrjen e njoftimit, shkuan menj\u00ebher\u00eb n\u00eb vendngjarje, duke b\u00ebr\u00eb rrethimin e zon\u00ebs dhe fal\u00eb veprimeve t\u00eb shpejta dhe profesionale b\u00ebn\u00eb kapjen dhe arrestimin n\u00eb flagranc\u00eb t\u00eb autorit, shtetasit M. P, 43 vje\u00e7, t\u00eb cilit n\u00eb momentin e kapjes sh\u00ebrbimet e Policis\u00eb i gjet\u00ebn dhe sekuestruan edhe arm\u00ebn me t\u00eb cil\u00ebn ky shtetas plagosi shtetasit M. M. dhe K. M.<\/span><\/em><\/p>\n<p><em><span style=\"color: #000000;\">Grupi hetimor ndodhet n\u00eb vendngjarje dhe vijon pun\u00ebn p\u00ebr sqarimin e plot\u00eb t\u00eb rrethanave t\u00eb ngjarjes.<\/span><\/em><\/p>\n","protected":false,"gt_translate_keys":[{"key":"rendered","format":"html"}]},"excerpt":{"rendered":"<p>Jan\u00eb plagosur me arm\u00eb zjarri drejtori i Uj\u00ebsjell\u00ebsit t\u00eb Shkodr\u00ebs dhe djali i tij. Ngjarja ka ndodhur sipas policis\u00eb pas nj\u00eb konflikti t\u00eb \u00e7astit nd\u00ebrsa autori i dyshuar \u00ebsht\u00eb kapur menj\u00ebher\u00eb pas ngjarjes. Plagosja ka ndodhur n\u00eb lagjen Mark Lula, ku nj\u00eb person me iniciale M.P., ka q\u00eblluar me arm\u00eb para banes\u00ebs s\u00eb tij drejtorin [&hellip;]<\/p>\n","protected":false,"gt_translate_keys":[{"key":"rendered","format":"html"}]},"author":51,"featured_media":387172,"comment_status":"open","ping_status":"open","sticky":false,"template":"","format":"standard","meta":{"footnotes":""},"categories":[65,13],"tags":[],"class_list":["post-387171","post","type-post","status-publish","format-standard","has-post-thumbnail","hentry","category-lajme","category-te-fundit"],"gt_translate_keys":[{"key":"link","format":"url"}],"_links":{"self":[{"href":"https:\/\/www.hashtag.al\/index.php\/wp-json\/wp\/v2\/posts\/387171","targetHints":{"allow":["GET"]}}],"collection":[{"href":"https:\/\/www.hashtag.al\/index.php\/wp-json\/wp\/v2\/posts"}],"about":[{"href":"https:\/\/www.hashtag.al\/index.php\/wp-json\/wp\/v2\/types\/post"}],"author":[{"embeddable":true,"href":"https:\/\/www.hashtag.al\/index.php\/wp-json\/wp\/v2\/users\/51"}],"replies":[{"embeddable":true,"href":"https:\/\/www.hashtag.al\/index.php\/wp-json\/wp\/v2\/comments?post=387171"}],"version-history":[{"count":0,"href":"https:\/\/www.hashtag.al\/index.php\/wp-json\/wp\/v2\/posts\/387171\/revisions"}],"wp:featuredmedia":[{"embeddable":true,"href":"https:\/\/www.hashtag.al\/index.php\/wp-json\/wp\/v2\/media\/387172"}],"wp:attachment":[{"href":"https:\/\/www.hashtag.al\/index.php\/wp-json\/wp\/v2\/media?parent=387171"}],"wp:term":[{"taxonomy":"category","embeddable":true,"href":"https:\/\/www.hashtag.al\/index.php\/wp-json\/wp\/v2\/categories?post=387171"},{"taxonomy":"post_tag","embeddable":true,"href":"https:\/\/www.hashtag.al\/index.php\/wp-json\/wp\/v2\/tags?post=387171"}],"curies":[{"name":"wp","href":"https:\/\/api.w.org\/{rel}","templated":true}]}}