{"id":387150,"date":"2020-07-14T15:48:22","date_gmt":"2020-07-14T13:48:22","guid":{"rendered":"https:\/\/hashtag.al\/?p=387150"},"modified":"2020-07-14T15:38:31","modified_gmt":"2020-07-14T13:38:31","slug":"opozita-e-bashkuar-reagon-ashper-ndryshimi-i-njeanshem-i-kushtetutes-pergjegjesi-vetem-e-edi-rames","status":"publish","type":"post","link":"https:\/\/www.hashtag.al\/index.php\/2020\/07\/14\/opozita-e-bashkuar-reagon-ashper-ndryshimi-i-njeanshem-i-kushtetutes-pergjegjesi-vetem-e-edi-rames\/","title":{"rendered":"Opozita e bashkuar reagon ashp\u00ebr: Ndryshimi i nj\u00ebansh\u00ebm i Kushtetut\u00ebs, p\u00ebrgjegj\u00ebsi vet\u00ebm e Edi Ram\u00ebs","gt_translate_keys":[{"key":"rendered","format":"text"}]},"content":{"rendered":"<p><a href=\"https:\/\/hashtag.al\/?attachment_id=387152\" rel=\"attachment wp-att-387152\"><img loading=\"lazy\" decoding=\"async\" class=\"aligncenter size-full wp-image-387152\" src=\"https:\/\/hashtag.al\/wp-content\/uploads\/2020\/07\/opozitaebashkuar.jpg\" alt=\"\" width=\"1200\" height=\"800\" srcset=\"https:\/\/www.hashtag.al\/wp-content\/uploads\/2020\/07\/opozitaebashkuar.jpg 1200w, https:\/\/www.hashtag.al\/wp-content\/uploads\/2020\/07\/opozitaebashkuar-300x200.jpg 300w, https:\/\/www.hashtag.al\/wp-content\/uploads\/2020\/07\/opozitaebashkuar-768x512.jpg 768w, https:\/\/www.hashtag.al\/wp-content\/uploads\/2020\/07\/opozitaebashkuar-1024x683.jpg 1024w\" sizes=\"auto, (max-width: 1200px) 100vw, 1200px\" \/><\/a><\/p>\n<p><span style=\"color: #000000;\">Opozita e bashkuar ka deklaruar sot se p\u00ebrpjekja p\u00ebr t\u00eb prishur dakord\u00ebsin\u00eb e arritur m\u00eb 5 qershor p\u00ebr marr\u00ebveshjen zgjedhore \u00ebsht\u00eb p\u00ebrgjegj\u00ebsi e kryeministrit Rama.<\/span><\/p>\n<p><span style=\"color: #000000;\"> Ajo ka dal\u00eb me nj\u00eb deklarat\u00eb t\u00eb p\u00ebrbashk\u00ebt ku theksohet se kryeministri Rama p\u00ebr pushtetin e tij \u00ebsht\u00eb i gatsh\u00ebm t\u00eb hedh\u00eb n\u00eb er\u00eb t ardhmen europiane t\u00eb vendit. <\/span><\/p>\n<p><span style=\"color: #000000;\">Sipas opozit\u00ebs s\u00eb bashkuar, \u00e7do loj\u00eb e pis\u00ebt p\u00ebr t\u00eb ndryshuar n\u00eb m\u00ebnyr\u00eb t\u00eb nj\u00ebanshme Kushtetut\u00ebn \u00ebsht\u00eb d\u00ebshmi e fundit t\u00eb pashmangsh\u00ebm t\u00eb Ram\u00ebs e qeveris\u00eb s\u00eb tij.<\/span><\/p>\n<p><span style=\"color: #000000;\"><strong>Deklarata e opozit\u00ebs s\u00eb bashkuar<\/strong><\/span><\/p>\n<p><span style=\"color: #000000;\"><em>\u201cTentativa p\u00ebr prishjen e Dakord\u00ebsis\u00eb s\u00eb 5 Qershorit, t\u00eb arritur me mb\u00ebshtetjen dhe nd\u00ebrmjet\u00ebsimin e plot\u00eb t\u00eb partner\u00ebve strategjik\u00eb SHBA \u2013 BE, \u00ebsht\u00eb p\u00ebrgjegj\u00ebsi VETEM e Edi Ram\u00ebs. Ky akt minon procesin e integrimit europian t\u00eb vendit dhe d\u00ebshmon p\u00ebrpara opinionit publik, se Edi Rama p\u00ebr pushtetin e tij personal \u00ebsht\u00eb n\u00eb gjendje t\u00eb hedh n\u00eb er\u00eb t\u00eb ardhmen europiane t\u00eb Shqip\u00ebris\u00eb.<\/em><\/span><\/p>\n<p><span style=\"color: #000000;\"><em>\u00c7do loj\u00eb e pis\u00ebt p\u00ebr t\u00eb ndryshuar n\u00eb m\u00ebnyr\u00eb t\u00eb fsheht\u00eb dhe t\u00eb nj\u00ebnashme Kushtetut\u00ebn nga njeriu q\u00eb \u00ebsht\u00eb i tmerruar nga zgjedhjet dhe vullneti i qytetar\u00ebve, \u00ebsht\u00eb d\u00ebshmi e fundit t\u00eb tij t\u00eb pashmangsh\u00ebm. Ky akt rikonfirmon se Edi Rama \u00ebsht\u00eb nj\u00eb mashtrues tinzar q\u00eb p\u00ebr pushtetin e tij, shet interesat e vendit dhe t\u00eb shqiptar\u00ebve, rr\u00ebnon procesin e integrimit europian dhe izolon Shqip\u00ebrin\u00eb, duke k\u00ebrc\u00ebnuar r\u00ebnd\u00eb stabilitetin politik dhe\u00a0 shoq\u00ebror t\u00eb vendit.<\/em><\/span><\/p>\n<p><span style=\"color: #000000;\"><em>Kushtetut\u00ebn dhe sistemin zgjedhor, e vendosin vet\u00ebm qytetar\u00ebt me referendum popullor. Opozita e Bashkuar i bindet vet\u00ebm vendimeve q\u00eb marrin qytetar\u00ebt dhe jo interesave kriminale t\u00eb pushtetit personal t\u00eb Edi Ram\u00ebs.<\/em><\/span><\/p>\n<p><span style=\"color: #000000;\"><em>Opozita e Bashkuar \u00ebsht\u00eb e vendosur ti sh\u00ebrbej\u00eb vet\u00ebm interesit t\u00eb qytetar\u00ebve. Opozita e Bashkuar mb\u00ebshtet plot\u00ebsisht q\u00ebndimet e qarta t\u00eb Sekretarit amerikan t\u00eb Shtetit, Mike Pompeo, P\u00ebrfaq\u00ebsuesit t\u00eb Lart\u00eb t\u00eb Bashkimit Europian, Joseph Borrel dhe Komisionerit p\u00ebr Zgjerimin, Oliver Varhelyi, dhe rikonfirmon se i q\u00ebndron plot\u00ebsisht kodifikimit pa asnj\u00eb ndryshim t\u00eb Dakord\u00ebsis\u00eb s\u00eb 5 Qershorit, si baza minimale p\u00ebr krijimin e nj\u00eb klime normale p\u00ebr zgjedhjet n\u00eb Shqip\u00ebri.\u201d<\/em><\/span><\/p>\n","protected":false,"gt_translate_keys":[{"key":"rendered","format":"html"}]},"excerpt":{"rendered":"<p>Opozita e bashkuar ka deklaruar sot se p\u00ebrpjekja p\u00ebr t\u00eb prishur dakord\u00ebsin\u00eb e arritur m\u00eb 5 qershor p\u00ebr marr\u00ebveshjen zgjedhore \u00ebsht\u00eb p\u00ebrgjegj\u00ebsi e kryeministrit Rama. Ajo ka dal\u00eb me nj\u00eb deklarat\u00eb t\u00eb p\u00ebrbashk\u00ebt ku theksohet se kryeministri Rama p\u00ebr pushtetin e tij \u00ebsht\u00eb i gatsh\u00ebm t\u00eb hedh\u00eb n\u00eb er\u00eb t ardhmen europiane t\u00eb vendit. Sipas [&hellip;]<\/p>\n","protected":false,"gt_translate_keys":[{"key":"rendered","format":"html"}]},"author":51,"featured_media":387152,"comment_status":"open","ping_status":"open","sticky":false,"template":"","format":"standard","meta":{"footnotes":""},"categories":[65,13],"tags":[],"class_list":["post-387150","post","type-post","status-publish","format-standard","has-post-thumbnail","hentry","category-lajme","category-te-fundit"],"gt_translate_keys":[{"key":"link","format":"url"}],"_links":{"self":[{"href":"https:\/\/www.hashtag.al\/index.php\/wp-json\/wp\/v2\/posts\/387150","targetHints":{"allow":["GET"]}}],"collection":[{"href":"https:\/\/www.hashtag.al\/index.php\/wp-json\/wp\/v2\/posts"}],"about":[{"href":"https:\/\/www.hashtag.al\/index.php\/wp-json\/wp\/v2\/types\/post"}],"author":[{"embeddable":true,"href":"https:\/\/www.hashtag.al\/index.php\/wp-json\/wp\/v2\/users\/51"}],"replies":[{"embeddable":true,"href":"https:\/\/www.hashtag.al\/index.php\/wp-json\/wp\/v2\/comments?post=387150"}],"version-history":[{"count":0,"href":"https:\/\/www.hashtag.al\/index.php\/wp-json\/wp\/v2\/posts\/387150\/revisions"}],"wp:featuredmedia":[{"embeddable":true,"href":"https:\/\/www.hashtag.al\/index.php\/wp-json\/wp\/v2\/media\/387152"}],"wp:attachment":[{"href":"https:\/\/www.hashtag.al\/index.php\/wp-json\/wp\/v2\/media?parent=387150"}],"wp:term":[{"taxonomy":"category","embeddable":true,"href":"https:\/\/www.hashtag.al\/index.php\/wp-json\/wp\/v2\/categories?post=387150"},{"taxonomy":"post_tag","embeddable":true,"href":"https:\/\/www.hashtag.al\/index.php\/wp-json\/wp\/v2\/tags?post=387150"}],"curies":[{"name":"wp","href":"https:\/\/api.w.org\/{rel}","templated":true}]}}