{"id":387055,"date":"2020-07-14T10:41:27","date_gmt":"2020-07-14T08:41:27","guid":{"rendered":"https:\/\/hashtag.al\/?p=387055"},"modified":"2020-07-14T11:00:21","modified_gmt":"2020-07-14T09:00:21","slug":"dy-viktima-dhe-96-raste-te-reja-me-covid-19-ne-vend","status":"publish","type":"post","link":"https:\/\/www.hashtag.al\/index.php\/2020\/07\/14\/dy-viktima-dhe-96-raste-te-reja-me-covid-19-ne-vend\/","title":{"rendered":"Dy viktima dhe 96 raste t\u00eb reja me Covid-19 n\u00eb vend","gt_translate_keys":[{"key":"rendered","format":"text"}]},"content":{"rendered":"<p><span style=\"color: #000000;\"><a style=\"color: #000000;\" href=\"https:\/\/hashtag.al\/wp-content\/uploads\/2020\/07\/rovena-dsja.png\"><img loading=\"lazy\" decoding=\"async\" class=\"aligncenter size-full wp-image-387056\" src=\"https:\/\/hashtag.al\/wp-content\/uploads\/2020\/07\/rovena-dsja.png\" alt=\"\" width=\"854\" height=\"505\" srcset=\"https:\/\/www.hashtag.al\/wp-content\/uploads\/2020\/07\/rovena-dsja.png 854w, https:\/\/www.hashtag.al\/wp-content\/uploads\/2020\/07\/rovena-dsja-300x177.png 300w, https:\/\/www.hashtag.al\/wp-content\/uploads\/2020\/07\/rovena-dsja-768x454.png 768w\" sizes=\"auto, (max-width: 854px) 100vw, 854px\" \/><\/a><\/span><\/p>\n<p><span style=\"color: #000000;\">Dy qytetar\u00eb kan\u00eb humbur jet\u00ebn si pasoj\u00eb e Covid-19, n\u00eb 24 or\u00ebt e fundit.<\/span><\/p>\n<p><span style=\"color: #000000;\">Sipas Ministris\u00eb s\u00eb Sh\u00ebndet\u00ebsis\u00eb,\u00a0b\u00ebhet fjal\u00eb p\u00ebr nj\u00eb 64-vje\u00e7are nga Shkodra e nj\u00eb 63-vje\u00e7ar nga Elbasani.<\/span><\/p>\n<p><span style=\"color: #000000;\">Nd\u00ebrkoh\u00eb jan\u00eb konfirmuar 96 raste t\u00eb reja me COVID-19, pjesa m\u00eb e madhe e t\u00eb cil\u00ebve \u00ebsht\u00eb n\u00eb Tiran\u00eb.<\/span><\/p>\n<p><span style=\"color: #000000;\"><strong>Rastet e reja:<\/strong> <em>51 n\u00eb Tiran\u00eb, 6 n\u00eb Shkod\u00ebr, 5 n\u00eb Durr\u00ebs, nga 4 raste n\u00eb Elbasan, Pogradec, nga 3 raste n\u00eb Kruj\u00eb, Kuk\u00ebs, nga 2 raste n\u00eb Fier, Lezh\u00eb, Kavaj\u00eb, Kam\u00ebz, Dib\u00ebr, dhe nga 1 rast n\u00eb Kurbin, Kor\u00e7\u00eb, Devoll, Has, Lushnje, Mat, P\u00ebrmet, Sarand\u00eb, Prrenjas, Bulqiz\u00eb.<\/em><\/span><\/p>\n<p><span style=\"color: #000000;\">N\u00eb sh\u00ebrbimin infektiv, vijon t\u00eb ket\u00eb shtrime t\u00eb reja. Aktualisht 90 pacient\u00eb po marrin ndihm\u00eb mjek\u00ebsore n\u00eb k\u00ebt\u00eb spital, 10 prej t\u00eb cil\u00ebve jan\u00eb n\u00eb terapi intensive dhe 5 t\u00eb intubuar.<\/span><\/p>\n<p><span style=\"color: #000000;\"><strong>T\u00cb DH\u00cbNAT E FUNDIT<\/strong><\/span><\/p>\n<p><span style=\"color: #000000;\">Ministria e Sh\u00ebndet\u00ebsis\u00eb dhe Mbrojtjes Sociale ju informon p\u00ebr situat\u00ebn epidemiologjike n\u00eb vend ku vijon t\u00eb ket\u00eb raste t\u00eb reja por edhe shtrime t\u00eb reja n\u00eb spital apo pacient\u00eb q\u00eb kan\u00eb nevoj\u00eb p\u00ebr terapi intensive.<\/span><br \/>\n<span style=\"color: #000000;\">I drejtohemi \u00e7do qytetari, t\u00eb vendos\u00eb mask\u00ebn n\u00eb ambientet e mbyllura dhe kudo ku nuk ruhet distanca, edhe n\u00eb ambiente t\u00eb hapura, t\u00eb tregoni kujdes me masat e higjien\u00ebs dhe t\u00eb ruani distanc\u00ebn fizike nga t\u00eb tjer\u00ebt, n\u00ebse nuk jan\u00eb familjar\u00ebt tuaj.<\/span><br \/>\n<span style=\"color: #000000;\">N\u00eb 24 or\u00ebt e fundit, nuk e kan\u00eb fituar dot betej\u00ebn me s\u00ebmundjen 2 qytetare: Nj\u00eb 64-vje\u00e7are nga Shkodra dhe nj\u00eb paciente 63-vje\u00e7are nga<\/span><br \/>\n<span style=\"color: #000000;\">Elbasani, megjith\u00eb p\u00ebrpjekjet e stafit mjek\u00ebsor nuk ka mundur t\u00eb mbijetoj\u00eb. Ministria e Sh\u00ebndet\u00ebsis\u00eb dhe Mbrojtjes Sociale u shpreh ngush\u00ebllimet familjar\u00ebve.<\/span><br \/>\n<span style=\"color: #000000;\">Vijon t\u00eb ket\u00eb shtrime t\u00eb reja n\u00eb spitalin infektiv dhe situata paraqitet shum\u00eb serioze. Aktualisht jan\u00eb t\u00eb shtruar 90 pacient\u00eb n\u00eb spital, 10 pacient\u00eb jan\u00eb n\u00eb terapi intensive dhe 5 prej tyre jan\u00eb t\u00eb intubuar n\u00eb gjendje t\u00eb r\u00ebnd\u00eb.<\/span><br \/>\n<span style=\"color: #000000;\">Gjat\u00eb 24 or\u00ebve t\u00eb fundit jan\u00eb kryer 451 testime p\u00ebr t\u00eb dyshuar t\u00eb prekur me COVID19, nga t\u00eb cilat jan\u00eb konfirmuar 96 raste pozitive.<\/span><br \/>\n<span style=\"color: #000000;\">Shp\u00ebrndarja gjeografike e rasteve \u00ebsht\u00eb si vijon: 51 raste n\u00eb Tiran\u00eb, 6 n\u00eb Shkod\u00ebr, 5 n\u00eb Durr\u00ebs, nga 4 raste n\u00eb Elbasan, Pogradec, nga 3 raste n\u00eb Kruj\u00eb, Kuk\u00ebs, nga 2 raste n\u00eb Fier, Lezh\u00eb, Kavaj\u00eb, Kam\u00ebz, Dib\u00ebr, dhe nga 1 rast n\u00eb Kurbin, Kor\u00e7\u00eb, Devoll, Has, Lushnje, Mat, P\u00ebrmet, Sarand\u00eb, Prrenjas, Bulqiz\u00eb.<\/span><br \/>\n<span style=\"color: #000000;\">N\u00eb 24 or\u00ebt e fundit jan\u00eb sh\u00ebruar 48 qytetar\u00eb, duke e \u00e7uar n\u00eb 2062 numrin e t\u00eb sh\u00ebruarve q\u00eb nga fillimi i epidemis\u00eb.<\/span><br \/>\n<span style=\"color: #000000;\">N\u00eb vendin ton\u00eb aktualisht jan\u00eb 1508 persona aktiv\u00eb me COVID19, kryesisht n\u00eb Tiran\u00eb, Shkod\u00ebr, Kruj\u00eb, Durr\u00ebs.<\/span><br \/>\n<span style=\"color: #000000;\">Ministria e Sh\u00ebndet\u00ebsis\u00eb dhe Mbrojtjes Sociale ju rikujton edhe nj\u00eb her\u00eb p\u00ebr masat e thjeshta q\u00eb duhet t\u00eb respektoj\u00eb \u00e7do qytetar n\u00eb p\u00ebrditshm\u00ebri:<\/span><br \/>\n<span style=\"color: #000000;\">Mbani duart t\u00eb pastra dhe mos e prekni fytyr\u00ebn<\/span><br \/>\n<span style=\"color: #000000;\">Ruani distanc\u00ebn n\u00eb ambientet publike.<\/span><br \/>\n<span style=\"color: #000000;\">Kudo kur kjo nuk \u00ebsht\u00eb e mundur, vendosni mask\u00eb apo barrier\u00eb mbrojt\u00ebse.<\/span><br \/>\n<span style=\"color: #000000;\">Shmangni grumbullimet me shume njer\u00ebz pasi \u00ebsht\u00eb rrezik p\u00ebr p\u00ebrhapjen e infektimit nga Covid19.<\/span><br \/>\n<span style=\"color: #000000;\">Kontaktoni n\u00ebp\u00ebrmjet linj\u00ebs s\u00eb gjelb\u00ebr 0800 40 40 me mjekun e familjes.<\/span><br \/>\n<span style=\"color: #000000;\">N\u00ebse nuk \u00ebsht\u00eb e domosdoshme evitoni kontaktin me institucionet sh\u00ebndet\u00ebsore.<\/span><br \/>\n<span style=\"color: #000000;\">Kur dyshoni se jeni t\u00eb prekur duhet t\u00eb q\u00ebndroni t\u00eb izoluar dhe telefononi n\u00eb numrin e Urgjenc\u00ebs Komb\u00ebtare, 127.<\/span><br \/>\n<span style=\"color: #000000;\">COVID-19 \u2013 Statistika (14 Korrik 2020)<\/span><br \/>\n<span style=\"color: #000000;\">Testime totale 33389<\/span><br \/>\n<span style=\"color: #000000;\">Raste pozitive 3667<\/span><br \/>\n<span style=\"color: #000000;\">Raste t\u00eb sh\u00ebruara 2062<\/span><br \/>\n<span style=\"color: #000000;\">Raste Aktive 1508<\/span><br \/>\n<span style=\"color: #000000;\">Humbje jete 97 (Qarku Tiran\u00eb 49, Shkod\u00ebr 17, Durr\u00ebs 15, Fier 5, Elbasan 5, Vlor\u00eb 2, Kuk\u00ebs 1, Lezh\u00eb 1, Berat 1, Dib\u00ebr 1)<\/span><\/p>\n<p><span style=\"color: #000000;\">Shp\u00ebrndarja gjeografike e rasteve aktive sipas qarqeve:<\/span><br \/>\n<span style=\"color: #000000;\">Tiran\u00eb 672<\/span><br \/>\n<span style=\"color: #000000;\">Durr\u00ebs 219<\/span><br \/>\n<span style=\"color: #000000;\">Shkod\u00ebr 190<\/span><br \/>\n<span style=\"color: #000000;\">Vlor\u00eb 97<\/span><br \/>\n<span style=\"color: #000000;\">Lezh\u00eb 77<\/span><br \/>\n<span style=\"color: #000000;\">Kuk\u00ebs 51<\/span><br \/>\n<span style=\"color: #000000;\">Kor\u00e7\u00eb 46<\/span><br \/>\n<span style=\"color: #000000;\">Berat 40<\/span><br \/>\n<span style=\"color: #000000;\">Elbasan 39<\/span><br \/>\n<span style=\"color: #000000;\">Fier 36<\/span><br \/>\n<span style=\"color: #000000;\">Gjirokast\u00ebr 22<\/span><br \/>\n<span style=\"color: #000000;\">Dib\u00ebr 19<\/span><\/p>\n","protected":false,"gt_translate_keys":[{"key":"rendered","format":"html"}]},"excerpt":{"rendered":"<p>Dy qytetar\u00eb kan\u00eb humbur jet\u00ebn si pasoj\u00eb e Covid-19, n\u00eb 24 or\u00ebt e fundit. Sipas Ministris\u00eb s\u00eb Sh\u00ebndet\u00ebsis\u00eb,\u00a0b\u00ebhet fjal\u00eb p\u00ebr nj\u00eb 64-vje\u00e7are nga Shkodra e nj\u00eb 63-vje\u00e7ar nga Elbasani. Nd\u00ebrkoh\u00eb jan\u00eb konfirmuar 96 raste t\u00eb reja me COVID-19, pjesa m\u00eb e madhe e t\u00eb cil\u00ebve \u00ebsht\u00eb n\u00eb Tiran\u00eb. Rastet e reja: 51 n\u00eb Tiran\u00eb, 6 [&hellip;]<\/p>\n","protected":false,"gt_translate_keys":[{"key":"rendered","format":"html"}]},"author":30,"featured_media":387056,"comment_status":"open","ping_status":"open","sticky":false,"template":"","format":"standard","meta":{"footnotes":""},"categories":[65,13],"tags":[],"class_list":["post-387055","post","type-post","status-publish","format-standard","has-post-thumbnail","hentry","category-lajme","category-te-fundit"],"gt_translate_keys":[{"key":"link","format":"url"}],"_links":{"self":[{"href":"https:\/\/www.hashtag.al\/index.php\/wp-json\/wp\/v2\/posts\/387055","targetHints":{"allow":["GET"]}}],"collection":[{"href":"https:\/\/www.hashtag.al\/index.php\/wp-json\/wp\/v2\/posts"}],"about":[{"href":"https:\/\/www.hashtag.al\/index.php\/wp-json\/wp\/v2\/types\/post"}],"author":[{"embeddable":true,"href":"https:\/\/www.hashtag.al\/index.php\/wp-json\/wp\/v2\/users\/30"}],"replies":[{"embeddable":true,"href":"https:\/\/www.hashtag.al\/index.php\/wp-json\/wp\/v2\/comments?post=387055"}],"version-history":[{"count":0,"href":"https:\/\/www.hashtag.al\/index.php\/wp-json\/wp\/v2\/posts\/387055\/revisions"}],"wp:featuredmedia":[{"embeddable":true,"href":"https:\/\/www.hashtag.al\/index.php\/wp-json\/wp\/v2\/media\/387056"}],"wp:attachment":[{"href":"https:\/\/www.hashtag.al\/index.php\/wp-json\/wp\/v2\/media?parent=387055"}],"wp:term":[{"taxonomy":"category","embeddable":true,"href":"https:\/\/www.hashtag.al\/index.php\/wp-json\/wp\/v2\/categories?post=387055"},{"taxonomy":"post_tag","embeddable":true,"href":"https:\/\/www.hashtag.al\/index.php\/wp-json\/wp\/v2\/tags?post=387055"}],"curies":[{"name":"wp","href":"https:\/\/api.w.org\/{rel}","templated":true}]}}