{"id":386961,"date":"2020-07-13T19:19:18","date_gmt":"2020-07-13T17:19:18","guid":{"rendered":"https:\/\/hashtag.al\/?p=386961"},"modified":"2020-07-13T19:19:18","modified_gmt":"2020-07-13T17:19:18","slug":"kpa-ja-shkarkon-nga-detyra-kryetarin-e-gjykates-se-apelit-tiranes-hysni-demiraj","status":"publish","type":"post","link":"https:\/\/www.hashtag.al\/index.php\/2020\/07\/13\/kpa-ja-shkarkon-nga-detyra-kryetarin-e-gjykates-se-apelit-tiranes-hysni-demiraj\/","title":{"rendered":"KPA-ja shkarkon nga detyra Kryetarin e Gjykat\u00ebs s\u00eb Apelit Tiran\u00ebs Hysni Demiraj","gt_translate_keys":[{"key":"rendered","format":"text"}]},"content":{"rendered":"<p><img loading=\"lazy\" decoding=\"async\" class=\"aligncenter size-full wp-image-386962\" src=\"https:\/\/hashtag.al\/wp-content\/uploads\/2020\/07\/Hysni-Demiraj-1-1.png\" alt=\"\" width=\"765\" height=\"513\" srcset=\"https:\/\/www.hashtag.al\/wp-content\/uploads\/2020\/07\/Hysni-Demiraj-1-1.png 765w, https:\/\/www.hashtag.al\/wp-content\/uploads\/2020\/07\/Hysni-Demiraj-1-1-300x201.png 300w\" sizes=\"auto, (max-width: 765px) 100vw, 765px\" \/><\/p>\n<p><span style=\"color: #000000;\">Kolegji i Pavarur i Apelimit ka l\u00ebn\u00eb n\u00eb fuqi vendimin e Komisionit t\u00eb Pavarur t\u00eb Kualifikimit p\u00ebr Gjyqtarin e Gjykat\u00ebs s\u00eb Apelit t\u00eb Tiran\u00ebs Hysni Demiraj.<\/span><\/p>\n<p><span style=\"color: #000000;\">Vendimi i KPK-s\u00eb ishte ankimuar nga vet\u00eb Demiraj pasi institucioni e shkarkoi p\u00ebr mos-justifikim t\u00eb pasuris\u00eb.<\/span><\/p>\n<p><span style=\"color: #000000;\">Demiraj kaloi n\u00eb nj\u00eb seanc\u00eb t\u00eb tensionuar d\u00ebgjimore, dy dit\u00eb m\u00eb par\u00eb, gjat\u00eb t\u00eb cil\u00ebs nuk munguan edhe replikat me v\u00ebzhguesin nd\u00ebrkomb\u00ebtar. Ai e nisi karrier\u00ebn n\u00eb vitet \u201990 dhe doli jasht\u00eb sistemit t\u00eb drejt\u00ebsis\u00eb, pas gati 30 viteve. Hysni Demiraj \u00ebsht\u00eb i n\u00ebnti n\u00eb radh\u00ebn e kryetar\u00ebve t\u00eb gjykatave q\u00eb shkarkohen.<\/span><\/p>\n<p><span style=\"color: #000000;\"><strong>Njoftimi i vendimit:<\/strong><\/span><\/p>\n<p><span style=\"color: #000000;\">Trupi gjykues i Kolegjit t\u00eb Posa\u00e7\u00ebm t\u00eb Apelimit, i p\u00ebrb\u00ebr\u00eb nga Ardian Hajdari kryesues, Ina Rama relatore, Albana Shtylla, Luan Daci, Sokol \u00c7omo, an\u00ebtar\u00eb, shpalli vendimin p\u00ebr \u00e7\u00ebshtjen (JR) nr.22\/2019, dat\u00eb 02.05.2019, q\u00eb lidhet me ankimin e subjektit t\u00eb rivler\u00ebsimit Hysni Demiraj, kund\u00ebr vendimit nr. 108, dat\u00eb 15.02.2019 t\u00eb Komisionit t\u00eb Pavarur t\u00eb Kualifikimit.<\/span><\/p>\n<p><span style=\"color: #000000;\">N\u00eb p\u00ebrfundim t\u00eb gjykimit n\u00eb dhom\u00eb k\u00ebshillimi, trupi gjykues, bazuar n\u00eb nenin 66, pika 1, germa \u201ca\u201d e ligjit nr.84\/2016, \u201cP\u00ebr rivler\u00ebsimin kalimtar t\u00eb gjyqtar\u00ebve dhe prokuror\u00ebve n\u00eb Republik\u00ebn e Shqip\u00ebris\u00eb\u201d, n\u00eb m\u00ebnyr\u00eb unanime, vendosi:<\/span><\/p>\n<ol>\n<li><span style=\"color: #000000;\">L\u00ebnien n\u00eb fuqi t\u00eb vendimit nr. 108, dat\u00eb 15.02.2019 t\u00eb Komisionit t\u00eb Pavarur t\u00eb Kualifikimit, q\u00eb i p\u00ebrket subjektit t\u00eb rivler\u00ebsimit Hysni Demiraj.<\/span><\/li>\n<li><span style=\"color: #000000;\">Ky vendim \u00ebsht\u00eb p\u00ebrfundimtar dhe ka efekt t\u00eb menj\u00ebhersh\u00ebm.<\/span><\/li>\n<\/ol>\n<p><span style=\"color: #000000;\">U shpall sot, n\u00eb Tiran\u00eb, m\u00eb dat\u00eb 13.07.2020.<\/span><\/p>\n<p>&nbsp;<\/p>\n","protected":false,"gt_translate_keys":[{"key":"rendered","format":"html"}]},"excerpt":{"rendered":"<p>Kolegji i Pavarur i Apelimit ka l\u00ebn\u00eb n\u00eb fuqi vendimin e Komisionit t\u00eb Pavarur t\u00eb Kualifikimit p\u00ebr Gjyqtarin e Gjykat\u00ebs s\u00eb Apelit t\u00eb Tiran\u00ebs Hysni Demiraj. Vendimi i KPK-s\u00eb ishte ankimuar nga vet\u00eb Demiraj pasi institucioni e shkarkoi p\u00ebr mos-justifikim t\u00eb pasuris\u00eb. Demiraj kaloi n\u00eb nj\u00eb seanc\u00eb t\u00eb tensionuar d\u00ebgjimore, dy dit\u00eb m\u00eb par\u00eb, gjat\u00eb [&hellip;]<\/p>\n","protected":false,"gt_translate_keys":[{"key":"rendered","format":"html"}]},"author":32,"featured_media":386962,"comment_status":"open","ping_status":"open","sticky":false,"template":"","format":"standard","meta":{"footnotes":""},"categories":[65,13],"tags":[],"class_list":["post-386961","post","type-post","status-publish","format-standard","has-post-thumbnail","hentry","category-lajme","category-te-fundit"],"gt_translate_keys":[{"key":"link","format":"url"}],"_links":{"self":[{"href":"https:\/\/www.hashtag.al\/index.php\/wp-json\/wp\/v2\/posts\/386961","targetHints":{"allow":["GET"]}}],"collection":[{"href":"https:\/\/www.hashtag.al\/index.php\/wp-json\/wp\/v2\/posts"}],"about":[{"href":"https:\/\/www.hashtag.al\/index.php\/wp-json\/wp\/v2\/types\/post"}],"author":[{"embeddable":true,"href":"https:\/\/www.hashtag.al\/index.php\/wp-json\/wp\/v2\/users\/32"}],"replies":[{"embeddable":true,"href":"https:\/\/www.hashtag.al\/index.php\/wp-json\/wp\/v2\/comments?post=386961"}],"version-history":[{"count":0,"href":"https:\/\/www.hashtag.al\/index.php\/wp-json\/wp\/v2\/posts\/386961\/revisions"}],"wp:featuredmedia":[{"embeddable":true,"href":"https:\/\/www.hashtag.al\/index.php\/wp-json\/wp\/v2\/media\/386962"}],"wp:attachment":[{"href":"https:\/\/www.hashtag.al\/index.php\/wp-json\/wp\/v2\/media?parent=386961"}],"wp:term":[{"taxonomy":"category","embeddable":true,"href":"https:\/\/www.hashtag.al\/index.php\/wp-json\/wp\/v2\/categories?post=386961"},{"taxonomy":"post_tag","embeddable":true,"href":"https:\/\/www.hashtag.al\/index.php\/wp-json\/wp\/v2\/tags?post=386961"}],"curies":[{"name":"wp","href":"https:\/\/api.w.org\/{rel}","templated":true}]}}