{"id":386937,"date":"2020-07-13T17:43:53","date_gmt":"2020-07-13T15:43:53","guid":{"rendered":"https:\/\/hashtag.al\/?p=386937"},"modified":"2020-07-13T17:45:20","modified_gmt":"2020-07-13T15:45:20","slug":"preket-nga-virusi-nje-tjeter-deputet-ne-kosove","status":"publish","type":"post","link":"https:\/\/www.hashtag.al\/index.php\/2020\/07\/13\/preket-nga-virusi-nje-tjeter-deputet-ne-kosove\/","title":{"rendered":"Preket nga virusi nj\u00eb tjet\u00ebr deputet n\u00eb Kosov\u00eb","gt_translate_keys":[{"key":"rendered","format":"text"}]},"content":{"rendered":"<p><a href=\"https:\/\/hashtag.al\/index.php\/2020\/07\/13\/preket-nga-virusi-nje-tjeter-deputet-ne-kosove\/frasherdemaj\/\" rel=\"attachment wp-att-386938\"><img loading=\"lazy\" decoding=\"async\" class=\"aligncenter size-full wp-image-386938\" src=\"https:\/\/hashtag.al\/wp-content\/uploads\/2020\/07\/frasherdemaj.jpg\" alt=\"\" width=\"750\" height=\"446\" srcset=\"https:\/\/www.hashtag.al\/wp-content\/uploads\/2020\/07\/frasherdemaj.jpg 750w, https:\/\/www.hashtag.al\/wp-content\/uploads\/2020\/07\/frasherdemaj-300x178.jpg 300w\" sizes=\"auto, (max-width: 750px) 100vw, 750px\" \/><\/a><\/p>\n<p><span style=\"color: #000000;\">Deputeti i LDK-s\u00eb, Frash\u00ebr Demaj, \u00ebsht\u00eb prekur nga Covid-19. Lajmi \u00ebsht\u00eb pohua nga vet\u00eb deputeti n\u00eb nj\u00eb postim n\u00eb Facebook. <\/span><\/p>\n<p><span style=\"color: #000000;\">Demaj \u00ebsht\u00eb an\u00ebtari i tret\u00eb i LDK-s\u00eb q\u00eb preket nga koronavirusi pas deputetit Haxhi Avdyli e kreut t\u00eb partis\u00eb, Isa Mustafa. <\/span><\/p>\n<p><span style=\"color: #000000;\">Nd\u00ebrsa pak dit\u00eb m\u00eb par\u00eb u prek nga virusi edhe deputeti i AAK-s\u00eb, Rasim Selmanaj.<\/span><\/p>\n","protected":false,"gt_translate_keys":[{"key":"rendered","format":"html"}]},"excerpt":{"rendered":"<p>Deputeti i LDK-s\u00eb, Frash\u00ebr Demaj, \u00ebsht\u00eb prekur nga Covid-19. Lajmi \u00ebsht\u00eb pohua nga vet\u00eb deputeti n\u00eb nj\u00eb postim n\u00eb Facebook. Demaj \u00ebsht\u00eb an\u00ebtari i tret\u00eb i LDK-s\u00eb q\u00eb preket nga koronavirusi pas deputetit Haxhi Avdyli e kreut t\u00eb partis\u00eb, Isa Mustafa. Nd\u00ebrsa pak dit\u00eb m\u00eb par\u00eb u prek nga virusi edhe deputeti i AAK-s\u00eb, Rasim [&hellip;]<\/p>\n","protected":false,"gt_translate_keys":[{"key":"rendered","format":"html"}]},"author":51,"featured_media":386938,"comment_status":"open","ping_status":"open","sticky":false,"template":"","format":"standard","meta":{"footnotes":""},"categories":[149],"tags":[],"class_list":["post-386937","post","type-post","status-publish","format-standard","has-post-thumbnail","hentry","category-kosoverajon"],"gt_translate_keys":[{"key":"link","format":"url"}],"_links":{"self":[{"href":"https:\/\/www.hashtag.al\/index.php\/wp-json\/wp\/v2\/posts\/386937","targetHints":{"allow":["GET"]}}],"collection":[{"href":"https:\/\/www.hashtag.al\/index.php\/wp-json\/wp\/v2\/posts"}],"about":[{"href":"https:\/\/www.hashtag.al\/index.php\/wp-json\/wp\/v2\/types\/post"}],"author":[{"embeddable":true,"href":"https:\/\/www.hashtag.al\/index.php\/wp-json\/wp\/v2\/users\/51"}],"replies":[{"embeddable":true,"href":"https:\/\/www.hashtag.al\/index.php\/wp-json\/wp\/v2\/comments?post=386937"}],"version-history":[{"count":0,"href":"https:\/\/www.hashtag.al\/index.php\/wp-json\/wp\/v2\/posts\/386937\/revisions"}],"wp:featuredmedia":[{"embeddable":true,"href":"https:\/\/www.hashtag.al\/index.php\/wp-json\/wp\/v2\/media\/386938"}],"wp:attachment":[{"href":"https:\/\/www.hashtag.al\/index.php\/wp-json\/wp\/v2\/media?parent=386937"}],"wp:term":[{"taxonomy":"category","embeddable":true,"href":"https:\/\/www.hashtag.al\/index.php\/wp-json\/wp\/v2\/categories?post=386937"},{"taxonomy":"post_tag","embeddable":true,"href":"https:\/\/www.hashtag.al\/index.php\/wp-json\/wp\/v2\/tags?post=386937"}],"curies":[{"name":"wp","href":"https:\/\/api.w.org\/{rel}","templated":true}]}}