{"id":386517,"date":"2020-07-11T19:03:11","date_gmt":"2020-07-11T17:03:11","guid":{"rendered":"https:\/\/hashtag.al\/?p=386517"},"modified":"2020-07-11T19:03:23","modified_gmt":"2020-07-11T17:03:23","slug":"rritja-e-numrit-te-te-prekurve-nga-covid-19-greqia-kyc-kufirin-me-bullgarine","status":"publish","type":"post","link":"https:\/\/www.hashtag.al\/index.php\/2020\/07\/11\/rritja-e-numrit-te-te-prekurve-nga-covid-19-greqia-kyc-kufirin-me-bullgarine\/","title":{"rendered":"Rritja e numrit t\u00eb t\u00eb prekurve nga Covid-19, Greqia &#8220;ky\u00e7&#8221; kufirin me Bullgarin\u00eb","gt_translate_keys":[{"key":"rendered","format":"text"}]},"content":{"rendered":"<p><a href=\"https:\/\/hashtag.al\/index.php\/2020\/07\/11\/rritja-e-numrit-te-te-prekurve-nga-covid-19-greqia-kyc-kufirin-me-bullgarine\/greqibullgari\/\" rel=\"attachment wp-att-386518\"><img loading=\"lazy\" decoding=\"async\" class=\"aligncenter size-full wp-image-386518\" src=\"https:\/\/hashtag.al\/wp-content\/uploads\/2020\/07\/greqibullgari.jpg\" alt=\"\" width=\"960\" height=\"599\" srcset=\"https:\/\/www.hashtag.al\/wp-content\/uploads\/2020\/07\/greqibullgari.jpg 960w, https:\/\/www.hashtag.al\/wp-content\/uploads\/2020\/07\/greqibullgari-300x187.jpg 300w, https:\/\/www.hashtag.al\/wp-content\/uploads\/2020\/07\/greqibullgari-768x479.jpg 768w\" sizes=\"auto, (max-width: 960px) 100vw, 960px\" \/><\/a><\/p>\n<p><span style=\"color: #000000;\">Greqia ka vendosur kufizime pas rritjes s\u00eb numrit t\u00eb personave t\u00eb prekur nga koronavirusi i ri. Kontrollet m\u00eb t\u00eb rrepta do ket\u00eb n\u00eb kufirin e vendit me Bullgarin\u00eb, n\u00eb Promachonas.<\/span><\/p>\n<p><span style=\"color: #000000;\"> Vendimi erdhi pas nj\u00eb takimi dy-or\u00ebsh me zyrtar\u00eb t\u00eb lart\u00eb t\u00eb kabinetit dhe ekspert\u00eb t\u00eb sh\u00ebndet\u00ebsis\u00eb t\u00eb kryesuar nga kryeministri Mitsotakis.<\/span><\/p>\n<p><span style=\"color: #000000;\"> Z\u00ebdh\u00ebn\u00ebsi i qeveris\u00eb, Stelios Petsas, njoftoi se kufizimet do t\u00eb forcohen n\u00eb Promachonas nga ora 6 e m\u00ebngjesit n\u00eb 14 korrik.<\/span><\/p>\n<p><span style=\"color: #000000;\">Kushdo q\u00eb udh\u00ebton p\u00ebr arsye jo thelb\u00ebsore do i\u00eb ndalohet hyrja, nd\u00ebrsa do lejohen t\u00eb kalojn\u00eb vet\u00ebm ata q\u00eb paraqesin nj\u00eb test negativ Covid-19 t\u00eb kryer deri n\u00eb 72 or\u00eb para mb\u00ebrritjes. <\/span><\/p>\n<p><span style=\"color: #000000;\">Ky vendim pasoi raportet se 29 persona kishin dal\u00eb pozitiv\u00eb p\u00ebr koronavirus n\u00eb vendkalimin kryesor kufitar greko-bullgar.<\/span><\/p>\n","protected":false,"gt_translate_keys":[{"key":"rendered","format":"html"}]},"excerpt":{"rendered":"<p>Greqia ka vendosur kufizime pas rritjes s\u00eb numrit t\u00eb personave t\u00eb prekur nga koronavirusi i ri. Kontrollet m\u00eb t\u00eb rrepta do ket\u00eb n\u00eb kufirin e vendit me Bullgarin\u00eb, n\u00eb Promachonas. Vendimi erdhi pas nj\u00eb takimi dy-or\u00ebsh me zyrtar\u00eb t\u00eb lart\u00eb t\u00eb kabinetit dhe ekspert\u00eb t\u00eb sh\u00ebndet\u00ebsis\u00eb t\u00eb kryesuar nga kryeministri Mitsotakis. Z\u00ebdh\u00ebn\u00ebsi i qeveris\u00eb, Stelios [&hellip;]<\/p>\n","protected":false,"gt_translate_keys":[{"key":"rendered","format":"html"}]},"author":51,"featured_media":386518,"comment_status":"open","ping_status":"open","sticky":false,"template":"","format":"standard","meta":{"footnotes":""},"categories":[149],"tags":[],"class_list":["post-386517","post","type-post","status-publish","format-standard","has-post-thumbnail","hentry","category-kosoverajon"],"gt_translate_keys":[{"key":"link","format":"url"}],"_links":{"self":[{"href":"https:\/\/www.hashtag.al\/index.php\/wp-json\/wp\/v2\/posts\/386517","targetHints":{"allow":["GET"]}}],"collection":[{"href":"https:\/\/www.hashtag.al\/index.php\/wp-json\/wp\/v2\/posts"}],"about":[{"href":"https:\/\/www.hashtag.al\/index.php\/wp-json\/wp\/v2\/types\/post"}],"author":[{"embeddable":true,"href":"https:\/\/www.hashtag.al\/index.php\/wp-json\/wp\/v2\/users\/51"}],"replies":[{"embeddable":true,"href":"https:\/\/www.hashtag.al\/index.php\/wp-json\/wp\/v2\/comments?post=386517"}],"version-history":[{"count":0,"href":"https:\/\/www.hashtag.al\/index.php\/wp-json\/wp\/v2\/posts\/386517\/revisions"}],"wp:featuredmedia":[{"embeddable":true,"href":"https:\/\/www.hashtag.al\/index.php\/wp-json\/wp\/v2\/media\/386518"}],"wp:attachment":[{"href":"https:\/\/www.hashtag.al\/index.php\/wp-json\/wp\/v2\/media?parent=386517"}],"wp:term":[{"taxonomy":"category","embeddable":true,"href":"https:\/\/www.hashtag.al\/index.php\/wp-json\/wp\/v2\/categories?post=386517"},{"taxonomy":"post_tag","embeddable":true,"href":"https:\/\/www.hashtag.al\/index.php\/wp-json\/wp\/v2\/tags?post=386517"}],"curies":[{"name":"wp","href":"https:\/\/api.w.org\/{rel}","templated":true}]}}