{"id":386357,"date":"2020-07-10T17:45:58","date_gmt":"2020-07-10T15:45:58","guid":{"rendered":"https:\/\/hashtag.al\/?p=386357"},"modified":"2020-07-10T17:26:02","modified_gmt":"2020-07-10T15:26:02","slug":"testimet-per-covid-19-beqaj-kerkon-aktivizimin-e-kontratave-e-partneritetit-publik-privat-me-18-spitale","status":"publish","type":"post","link":"https:\/\/www.hashtag.al\/index.php\/2020\/07\/10\/testimet-per-covid-19-beqaj-kerkon-aktivizimin-e-kontratave-e-partneritetit-publik-privat-me-18-spitale\/","title":{"rendered":"Testimet p\u00ebr Covid-19, Beqaj k\u00ebrkon aktivizimin e kontratave e partneritetit publik privat me 18 spitale","gt_translate_keys":[{"key":"rendered","format":"text"}]},"content":{"rendered":"<p><img loading=\"lazy\" decoding=\"async\" class=\"aligncenter size-full wp-image-386094\" src=\"https:\/\/hashtag.al\/wp-content\/uploads\/2020\/07\/ilir-beqaj.jpg\" alt=\"\" width=\"1024\" height=\"789\" srcset=\"https:\/\/www.hashtag.al\/wp-content\/uploads\/2020\/07\/ilir-beqaj.jpg 1024w, https:\/\/www.hashtag.al\/wp-content\/uploads\/2020\/07\/ilir-beqaj-300x231.jpg 300w, https:\/\/www.hashtag.al\/wp-content\/uploads\/2020\/07\/ilir-beqaj-768x592.jpg 768w\" sizes=\"auto, (max-width: 1024px) 100vw, 1024px\" \/><\/p>\n<p><span style=\"color: #000000;\">Pandemia e COVID-19 \u00ebsht\u00eb kthyer n\u00eb nj\u00eb situat\u00eb serioze dhe shqet\u00ebsuese n\u00eb Shqip\u00ebri, pasi ka nj\u00eb shtim t\u00eb theksuar t\u00eb t\u00eb infektuarve por dhe viktimave.<\/span><\/p>\n<p><span style=\"color: #000000;\">Ish-ministri i Sh\u00ebndet\u00ebsis\u00eb, Ilir Beqja tha p\u00ebr <a href=\"https:\/\/youtu.be\/9G2Sm7TV9hA\">Euronews Albania<\/a> se numri i shtuar i rasteve n\u00eb vendin ton\u00eb lidhet n\u00eb radh\u00eb t\u00eb par\u00eb me m\u00ebnyr\u00ebn se si u perceptua relaksimi i masave pas karantin\u00ebs nga COVID-19, t\u00eb cil\u00ebn ish-ministri e cil\u00ebsoi \u2018dalldi\u2019.<\/span><\/p>\n<p><span style=\"color: #000000;\">Ai sugjeroi q\u00eb t\u00eb rritet funksionimi i inspektimeve n\u00eb terren dhe ato masa e propozime q\u00eb jan\u00eb n\u00eb fuqi t\u00eb zbatohen nga t\u00eb gjith\u00eb.<\/span><\/p>\n<p><span style=\"color: #000000;\">\u201c<em>Ka shum\u00eb numra sepse pas 18 majit ne filluam relaksimin dhe p\u00ebr fat t\u00eb keq b\u00ebm\u00eb nj\u00eb dalldi, shthurje. Kalimi n\u00eb nj\u00eb situat\u00eb t\u00eb liruar jav\u00eb pas jave do t\u00eb sillte padyshim nj\u00eb shtim t\u00eb rasteve. Nuk b\u00ebm\u00eb \u2018lock down\u2019 q\u00eb t\u00eb ikte virusi, por q\u00eb sistemi sh\u00ebndet\u00ebsor t\u00eb ishte gati, me pajisjet e nevojshme, si\u00e7 edhe ndodhi.<\/em><\/span><\/p>\n<p><span style=\"color: #000000;\"><em>Duhet t\u00eb rritet funksioni i inspektimeve dhe ato propozime q\u00eb jan\u00eb n\u00eb fuqi t\u00eb zbatohen. Q\u00eb nga 29 maji pishinat jan\u00eb t\u00eb ndaluara, por praktikisht ato p\u00ebrdoren.<\/em><\/span><\/p>\n<p><span style=\"color: #000000;\"><em>N\u00ebse pishina \u00ebsht\u00eb e ndaluar, vet\u00eb qytetari nuk duhet t\u00eb niset. Nuk mund ta b\u00ebjm\u00eb \u00e7do subjekt nj\u00eb polic. Duhet p\u00ebrgjegjshm\u00ebri m\u00eb e madhe nga ne. Duhet t\u00eb shtohen inspektimet, t\u00eb gjitha trupat inspektuese duhet t\u00eb vihen n\u00eb dispozicion p\u00ebr COVID<\/em>\u201d, tha z. Beqaj.<\/span><\/p>\n<p><span style=\"color: #000000;\">I pyetur lidhur me shqet\u00ebsimin p\u00ebr numrin e vog\u00ebl t\u00eb testimeve n\u00eb vend, t\u00eb cilat p\u00ebr momentin kryhen vet\u00ebm pran\u00eb laboratorit n\u00eb ISHP, z. Beqaj tha se misioni par\u00ebsor i ISHP \u00ebsht\u00eb ai epidemiologjik, por ka edhe njer\u00ebz q\u00eb e k\u00ebrkojn\u00eb k\u00ebt\u00eb dokument p\u00ebr nevoja administrative, t\u00eb cil\u00ebt duhet t\u00eb ken\u00eb nj\u00eb zgjidhje.<\/span><\/p>\n<p><span style=\"color: #000000;\">Ai sugjeroi se n\u00eb k\u00ebt\u00eb pik\u00eb duhet v\u00ebn\u00eb n\u00eb funksion kontrata e Partneritetit Publik Privat.<\/span><\/p>\n<p><span style=\"color: #000000;\">\u201c<em>Para se t\u00eb shkojm\u00eb tek laborator\u00ebt privat\u00eb, un\u00eb besoj se disponojm\u00eb nj\u00eb instrument shum\u00eb t\u00eb vlefsh\u00ebm; kontratat e Partneritetit Publik Privat, q\u00eb Ministria e Sh\u00ebndet\u00ebsis\u00eb ka me nj\u00eb operator p\u00ebr 18 spitale private t\u00eb vendit.<\/em><\/span><\/p>\n<p><span style=\"color: #000000;\"><em>Kjo do t\u00eb \u00e7onte n\u00eb menaxhimin m\u00eb t\u00eb mir\u00eb t\u00eb pandemis\u00eb. Rastet po shtohen, q\u00eb do t\u00eb thot\u00eb se ka shum\u00eb gjasa q\u00eb nj\u00eb person q\u00eb shtrohet n\u00eb urgjenc\u00ebn e nj\u00eb spitali rajonal ka gjasa t\u00eb ket\u00eb COVID.<\/em><\/span><\/p>\n<p><span style=\"color: #000000;\"><em>Kjo kontrat\u00eb mund t\u00eb ndryshoj\u00eb skedulin e implementimit dhe t\u00eb shtrihet n\u00eb t\u00eb gjitha spitalet q\u00eb kan\u00eb kontrat\u00ebn. Shtrirja n\u00eb spitale \u00ebsht\u00eb n\u00eb var\u00ebsin\u00eb e Ministris\u00eb s\u00eb Sh\u00ebndet\u00ebsis\u00eb<\/em>\u201d, &#8211; sqaroi ish-ministri.<\/span><\/p>\n<p>&nbsp;<\/p>\n","protected":false,"gt_translate_keys":[{"key":"rendered","format":"html"}]},"excerpt":{"rendered":"<p>Pandemia e COVID-19 \u00ebsht\u00eb kthyer n\u00eb nj\u00eb situat\u00eb serioze dhe shqet\u00ebsuese n\u00eb Shqip\u00ebri, pasi ka nj\u00eb shtim t\u00eb theksuar t\u00eb t\u00eb infektuarve por dhe viktimave. Ish-ministri i Sh\u00ebndet\u00ebsis\u00eb, Ilir Beqja tha p\u00ebr Euronews Albania se numri i shtuar i rasteve n\u00eb vendin ton\u00eb lidhet n\u00eb radh\u00eb t\u00eb par\u00eb me m\u00ebnyr\u00ebn se si u perceptua relaksimi [&hellip;]<\/p>\n","protected":false,"gt_translate_keys":[{"key":"rendered","format":"html"}]},"author":32,"featured_media":386094,"comment_status":"open","ping_status":"open","sticky":false,"template":"","format":"standard","meta":{"footnotes":""},"categories":[65,13],"tags":[],"class_list":["post-386357","post","type-post","status-publish","format-standard","has-post-thumbnail","hentry","category-lajme","category-te-fundit"],"gt_translate_keys":[{"key":"link","format":"url"}],"_links":{"self":[{"href":"https:\/\/www.hashtag.al\/index.php\/wp-json\/wp\/v2\/posts\/386357","targetHints":{"allow":["GET"]}}],"collection":[{"href":"https:\/\/www.hashtag.al\/index.php\/wp-json\/wp\/v2\/posts"}],"about":[{"href":"https:\/\/www.hashtag.al\/index.php\/wp-json\/wp\/v2\/types\/post"}],"author":[{"embeddable":true,"href":"https:\/\/www.hashtag.al\/index.php\/wp-json\/wp\/v2\/users\/32"}],"replies":[{"embeddable":true,"href":"https:\/\/www.hashtag.al\/index.php\/wp-json\/wp\/v2\/comments?post=386357"}],"version-history":[{"count":0,"href":"https:\/\/www.hashtag.al\/index.php\/wp-json\/wp\/v2\/posts\/386357\/revisions"}],"wp:featuredmedia":[{"embeddable":true,"href":"https:\/\/www.hashtag.al\/index.php\/wp-json\/wp\/v2\/media\/386094"}],"wp:attachment":[{"href":"https:\/\/www.hashtag.al\/index.php\/wp-json\/wp\/v2\/media?parent=386357"}],"wp:term":[{"taxonomy":"category","embeddable":true,"href":"https:\/\/www.hashtag.al\/index.php\/wp-json\/wp\/v2\/categories?post=386357"},{"taxonomy":"post_tag","embeddable":true,"href":"https:\/\/www.hashtag.al\/index.php\/wp-json\/wp\/v2\/tags?post=386357"}],"curies":[{"name":"wp","href":"https:\/\/api.w.org\/{rel}","templated":true}]}}