{"id":386355,"date":"2020-07-10T17:04:27","date_gmt":"2020-07-10T15:04:27","guid":{"rendered":"https:\/\/hashtag.al\/?p=386355"},"modified":"2020-07-10T17:04:27","modified_gmt":"2020-07-10T15:04:27","slug":"james-drejt-largimit-nga-real-madrid-nuk-eshte-ne-planet-e-zidane","status":"publish","type":"post","link":"https:\/\/www.hashtag.al\/index.php\/2020\/07\/10\/james-drejt-largimit-nga-real-madrid-nuk-eshte-ne-planet-e-zidane\/","title":{"rendered":"James drejt largimit nga Real Madrid, nuk \u00ebsht\u00eb n\u00eb planet e Zidane","gt_translate_keys":[{"key":"rendered","format":"text"}]},"content":{"rendered":"<p><img loading=\"lazy\" decoding=\"async\" class=\"aligncenter size-full wp-image-314580\" src=\"https:\/\/hashtag.al\/wp-content\/uploads\/2019\/08\/luka-modric-james-rodriguez-1471328293-800.jpg\" alt=\"\" width=\"594\" height=\"396\" srcset=\"https:\/\/www.hashtag.al\/wp-content\/uploads\/2019\/08\/luka-modric-james-rodriguez-1471328293-800.jpg 594w, https:\/\/www.hashtag.al\/wp-content\/uploads\/2019\/08\/luka-modric-james-rodriguez-1471328293-800-300x200.jpg 300w\" sizes=\"auto, (max-width: 594px) 100vw, 594px\" \/><\/p>\n<p><span style=\"color: #000000;\">Futbollisti kolumbian \u00ebsht\u00eb duke i kaluar jav\u00ebt e fundit t\u00eb eksperienc\u00ebs s\u00eb tij n\u00eb Madrid. Ai i ka prishur p\u00ebrfundimisht pun\u00ebt me trajnerin Zinedine Zidane<\/span><\/p>\n<p><span style=\"color: #000000;\">James Rodriguez \u00ebsht\u00eb duke i kaluar jav\u00ebt e fundit t\u00eb eksperienc\u00ebs s\u00eb tij n\u00eb Real Madrid.<\/span><\/p>\n<p><span style=\"color: #000000;\">Futbollisti kolumbian i ka prishur p\u00ebrfundimisht pun\u00ebt me trajnerin Zinedine Zidane dhe i ka valixhet gati p\u00ebr t\u2019u larguar.<\/span><\/p>\n<p><span style=\"color: #000000;\">P\u00ebr k\u00ebt\u00eb siguron mediumi spanjoll \u201cMarca\u201d.<\/span><\/p>\n<p><span style=\"color: #000000;\">Trajneri francez e ka l\u00ebn\u00eb Jamesin jasht\u00eb ekipit n\u00eb ndeshjet e fundit.<\/span><\/p>\n<p><span style=\"color: #000000;\">Dhe, ish-futbollisti i Monacos, Portos e Bayern Munichut \u00ebsht\u00eb duke e k\u00ebrkuar nj\u00eb p\u00ebrvoj\u00eb t\u00eb re.<\/span><\/p>\n<p><span style=\"color: #000000;\">Nuk p\u00ebrjashtohet mund\u00ebsia q\u00eb p\u00ebrfaq\u00ebsuesi kolumbian t\u00eb p\u00ebrfundoj\u00eb n\u00eb Premierlig\u00eb ose n\u00eb Serie A.<\/span><\/p>\n<p>&nbsp;<\/p>\n","protected":false,"gt_translate_keys":[{"key":"rendered","format":"html"}]},"excerpt":{"rendered":"<p>Futbollisti kolumbian \u00ebsht\u00eb duke i kaluar jav\u00ebt e fundit t\u00eb eksperienc\u00ebs s\u00eb tij n\u00eb Madrid. Ai i ka prishur p\u00ebrfundimisht pun\u00ebt me trajnerin Zinedine Zidane James Rodriguez \u00ebsht\u00eb duke i kaluar jav\u00ebt e fundit t\u00eb eksperienc\u00ebs s\u00eb tij n\u00eb Real Madrid. Futbollisti kolumbian i ka prishur p\u00ebrfundimisht pun\u00ebt me trajnerin Zinedine Zidane dhe i ka [&hellip;]<\/p>\n","protected":false,"gt_translate_keys":[{"key":"rendered","format":"html"}]},"author":32,"featured_media":366821,"comment_status":"open","ping_status":"open","sticky":false,"template":"","format":"standard","meta":{"footnotes":""},"categories":[134,13],"tags":[],"class_list":["post-386355","post","type-post","status-publish","format-standard","has-post-thumbnail","hentry","category-sport","category-te-fundit"],"gt_translate_keys":[{"key":"link","format":"url"}],"_links":{"self":[{"href":"https:\/\/www.hashtag.al\/index.php\/wp-json\/wp\/v2\/posts\/386355","targetHints":{"allow":["GET"]}}],"collection":[{"href":"https:\/\/www.hashtag.al\/index.php\/wp-json\/wp\/v2\/posts"}],"about":[{"href":"https:\/\/www.hashtag.al\/index.php\/wp-json\/wp\/v2\/types\/post"}],"author":[{"embeddable":true,"href":"https:\/\/www.hashtag.al\/index.php\/wp-json\/wp\/v2\/users\/32"}],"replies":[{"embeddable":true,"href":"https:\/\/www.hashtag.al\/index.php\/wp-json\/wp\/v2\/comments?post=386355"}],"version-history":[{"count":0,"href":"https:\/\/www.hashtag.al\/index.php\/wp-json\/wp\/v2\/posts\/386355\/revisions"}],"wp:featuredmedia":[{"embeddable":true,"href":"https:\/\/www.hashtag.al\/index.php\/wp-json\/wp\/v2\/media\/366821"}],"wp:attachment":[{"href":"https:\/\/www.hashtag.al\/index.php\/wp-json\/wp\/v2\/media?parent=386355"}],"wp:term":[{"taxonomy":"category","embeddable":true,"href":"https:\/\/www.hashtag.al\/index.php\/wp-json\/wp\/v2\/categories?post=386355"},{"taxonomy":"post_tag","embeddable":true,"href":"https:\/\/www.hashtag.al\/index.php\/wp-json\/wp\/v2\/tags?post=386355"}],"curies":[{"name":"wp","href":"https:\/\/api.w.org\/{rel}","templated":true}]}}