{"id":386344,"date":"2020-07-10T17:20:35","date_gmt":"2020-07-10T15:20:35","guid":{"rendered":"https:\/\/hashtag.al\/?p=386344"},"modified":"2020-07-10T17:07:03","modified_gmt":"2020-07-10T15:07:03","slug":"6-viktima-dhe-205-te-infektuar-te-rinj-nga-koronavirusi-ne-24-ore","status":"publish","type":"post","link":"https:\/\/www.hashtag.al\/index.php\/2020\/07\/10\/6-viktima-dhe-205-te-infektuar-te-rinj-nga-koronavirusi-ne-24-ore\/","title":{"rendered":"6 viktima dhe 205 t\u00eb infektuar t\u00eb rinj nga koronavirusi n\u00eb 24 or\u00eb","gt_translate_keys":[{"key":"rendered","format":"text"}]},"content":{"rendered":"<p><img loading=\"lazy\" decoding=\"async\" class=\"aligncenter size-full wp-image-383590\" src=\"https:\/\/hashtag.al\/wp-content\/uploads\/2020\/06\/Maqedoni-e-Veriut-1.jpg\" alt=\"\" width=\"917\" height=\"490\" srcset=\"https:\/\/www.hashtag.al\/wp-content\/uploads\/2020\/06\/Maqedoni-e-Veriut-1.jpg 917w, https:\/\/www.hashtag.al\/wp-content\/uploads\/2020\/06\/Maqedoni-e-Veriut-1-300x160.jpg 300w, https:\/\/www.hashtag.al\/wp-content\/uploads\/2020\/06\/Maqedoni-e-Veriut-1-768x410.jpg 768w, https:\/\/www.hashtag.al\/wp-content\/uploads\/2020\/06\/Maqedoni-e-Veriut-1-620x330.jpg 620w\" sizes=\"auto, (max-width: 917px) 100vw, 917px\" \/><\/p>\n<p><span style=\"color: #000000;\">Gjat\u00eb 24 or\u00ebve t\u00eb fundit n\u00eb gjith\u00eb territorin e Republik\u00ebs s\u00eb Maqedonis\u00eb s\u00eb Veriut jan\u00eb regjistruar 205 raste t\u00eb reja t\u00eb t\u00eb infektuarve me Covid 19.<\/span><\/p>\n<p><span style=\"color: #000000;\">Nd\u00ebrkoh\u00eb q\u00eb numri i t\u00eb sh\u00ebruarve \u00ebsht\u00eb m\u00eb i lart\u00eb se i t\u00eb infektuarve dhe sh\u00ebnon 336.<\/span><\/p>\n<p><span style=\"color: #000000;\">Sipas raportit gjat\u00eb 24 or\u00ebve t\u00eb fundit kan\u00eb nderuar jet\u00eb edhe 6 pacient\u00eb t\u00eb prekur nga Covid-19<\/span><\/p>\n","protected":false,"gt_translate_keys":[{"key":"rendered","format":"html"}]},"excerpt":{"rendered":"<p>Gjat\u00eb 24 or\u00ebve t\u00eb fundit n\u00eb gjith\u00eb territorin e Republik\u00ebs s\u00eb Maqedonis\u00eb s\u00eb Veriut jan\u00eb regjistruar 205 raste t\u00eb reja t\u00eb t\u00eb infektuarve me Covid 19. Nd\u00ebrkoh\u00eb q\u00eb numri i t\u00eb sh\u00ebruarve \u00ebsht\u00eb m\u00eb i lart\u00eb se i t\u00eb infektuarve dhe sh\u00ebnon 336. Sipas raportit gjat\u00eb 24 or\u00ebve t\u00eb fundit kan\u00eb nderuar jet\u00eb edhe 6 [&hellip;]<\/p>\n","protected":false,"gt_translate_keys":[{"key":"rendered","format":"html"}]},"author":32,"featured_media":383590,"comment_status":"open","ping_status":"open","sticky":false,"template":"","format":"standard","meta":{"footnotes":""},"categories":[149,13],"tags":[],"class_list":["post-386344","post","type-post","status-publish","format-standard","has-post-thumbnail","hentry","category-kosoverajon","category-te-fundit"],"gt_translate_keys":[{"key":"link","format":"url"}],"_links":{"self":[{"href":"https:\/\/www.hashtag.al\/index.php\/wp-json\/wp\/v2\/posts\/386344","targetHints":{"allow":["GET"]}}],"collection":[{"href":"https:\/\/www.hashtag.al\/index.php\/wp-json\/wp\/v2\/posts"}],"about":[{"href":"https:\/\/www.hashtag.al\/index.php\/wp-json\/wp\/v2\/types\/post"}],"author":[{"embeddable":true,"href":"https:\/\/www.hashtag.al\/index.php\/wp-json\/wp\/v2\/users\/32"}],"replies":[{"embeddable":true,"href":"https:\/\/www.hashtag.al\/index.php\/wp-json\/wp\/v2\/comments?post=386344"}],"version-history":[{"count":0,"href":"https:\/\/www.hashtag.al\/index.php\/wp-json\/wp\/v2\/posts\/386344\/revisions"}],"wp:featuredmedia":[{"embeddable":true,"href":"https:\/\/www.hashtag.al\/index.php\/wp-json\/wp\/v2\/media\/383590"}],"wp:attachment":[{"href":"https:\/\/www.hashtag.al\/index.php\/wp-json\/wp\/v2\/media?parent=386344"}],"wp:term":[{"taxonomy":"category","embeddable":true,"href":"https:\/\/www.hashtag.al\/index.php\/wp-json\/wp\/v2\/categories?post=386344"},{"taxonomy":"post_tag","embeddable":true,"href":"https:\/\/www.hashtag.al\/index.php\/wp-json\/wp\/v2\/tags?post=386344"}],"curies":[{"name":"wp","href":"https:\/\/api.w.org\/{rel}","templated":true}]}}