{"id":386311,"date":"2020-07-10T14:41:38","date_gmt":"2020-07-10T12:41:38","guid":{"rendered":"https:\/\/hashtag.al\/?p=386311"},"modified":"2020-07-10T14:47:44","modified_gmt":"2020-07-10T12:47:44","slug":"isa-mustafa-sot-jam-konfirmuar-me-covid-19","status":"publish","type":"post","link":"https:\/\/www.hashtag.al\/index.php\/2020\/07\/10\/isa-mustafa-sot-jam-konfirmuar-me-covid-19\/","title":{"rendered":"Isa Mustafa: Sot jam konfirmuar me Covid-19","gt_translate_keys":[{"key":"rendered","format":"text"}]},"content":{"rendered":"<p><a href=\"https:\/\/hashtag.al\/wp-content\/uploads\/2020\/05\/isa-mustafa.jpg\"><img loading=\"lazy\" decoding=\"async\" class=\"aligncenter size-full wp-image-370690\" src=\"https:\/\/hashtag.al\/wp-content\/uploads\/2020\/05\/isa-mustafa.jpg\" alt=\"\" width=\"640\" height=\"480\" srcset=\"https:\/\/www.hashtag.al\/wp-content\/uploads\/2020\/05\/isa-mustafa.jpg 640w, https:\/\/www.hashtag.al\/wp-content\/uploads\/2020\/05\/isa-mustafa-300x225.jpg 300w\" sizes=\"auto, (max-width: 640px) 100vw, 640px\" \/><\/a><\/p>\n<p><span style=\"color: #000000;\">Kryetari i LDK-s\u00eb Isa Mustafa, \u00ebsht\u00eb konfirmuar me koronavirus. Lajmin e ka b\u00ebr\u00eb t\u00eb ditur vet\u00eb ai, p\u00ebrmes nj\u00eb postimi n\u00eb rrjetet sociale.<\/span><\/p>\n<p><span style=\"color: #000000;\">Ai thot\u00eb se nuk ndjen asnj\u00eb problem tjet\u00ebr sh\u00ebndet\u00ebsor, p\u00ebrve\u00e7 nj\u00eb plog\u00ebshtie.<\/span><\/p>\n<p><span style=\"color: #000000;\"><em>\u201cSot, pas analizave te kryera, kam rezultuar pozitiv me Covid-19. P\u00ebrve\u00e7 nj\u00eb plog\u00ebshtie, nuk v\u00ebrej ndonj\u00eb shqet\u00ebsim tjet\u00ebr sh\u00ebndet\u00ebsor. An\u00ebtar\u00ebt e tjer\u00eb t\u00eb familjes nuk jan\u00eb t\u00eb prekur. Ditet n\u00eb vijim to t\u00eb jem i izoluar. Apeloj te t\u00eb gjith\u00eb p\u00ebr kujdes maksimal\u201d.<\/em>&#8211; shkruan Mustafa.<\/span><\/p>\n<p><span style=\"color: #000000;\">Kujtojm\u00eb se mes radh\u00ebve t\u00eb LDK-s\u00eb ka disa zyrtar\u00eb t\u00eb infektuar me Covid-19 tashm\u00eb. Por nuk dihet n\u00ebse rasti i Mustaf\u00ebs ka ardhur si rezultat i kontaktit me ndonj\u00ebrin prej tyre, apo n\u00eb rrug\u00eb tjet\u00ebr.<\/span><\/p>\n","protected":false,"gt_translate_keys":[{"key":"rendered","format":"html"}]},"excerpt":{"rendered":"<p>Kryetari i LDK-s\u00eb Isa Mustafa, \u00ebsht\u00eb konfirmuar me koronavirus. Lajmin e ka b\u00ebr\u00eb t\u00eb ditur vet\u00eb ai, p\u00ebrmes nj\u00eb postimi n\u00eb rrjetet sociale. Ai thot\u00eb se nuk ndjen asnj\u00eb problem tjet\u00ebr sh\u00ebndet\u00ebsor, p\u00ebrve\u00e7 nj\u00eb plog\u00ebshtie. \u201cSot, pas analizave te kryera, kam rezultuar pozitiv me Covid-19. P\u00ebrve\u00e7 nj\u00eb plog\u00ebshtie, nuk v\u00ebrej ndonj\u00eb shqet\u00ebsim tjet\u00ebr sh\u00ebndet\u00ebsor. An\u00ebtar\u00ebt [&hellip;]<\/p>\n","protected":false,"gt_translate_keys":[{"key":"rendered","format":"html"}]},"author":30,"featured_media":370690,"comment_status":"open","ping_status":"open","sticky":false,"template":"","format":"standard","meta":{"footnotes":""},"categories":[65,13],"tags":[],"class_list":["post-386311","post","type-post","status-publish","format-standard","has-post-thumbnail","hentry","category-lajme","category-te-fundit"],"gt_translate_keys":[{"key":"link","format":"url"}],"_links":{"self":[{"href":"https:\/\/www.hashtag.al\/index.php\/wp-json\/wp\/v2\/posts\/386311","targetHints":{"allow":["GET"]}}],"collection":[{"href":"https:\/\/www.hashtag.al\/index.php\/wp-json\/wp\/v2\/posts"}],"about":[{"href":"https:\/\/www.hashtag.al\/index.php\/wp-json\/wp\/v2\/types\/post"}],"author":[{"embeddable":true,"href":"https:\/\/www.hashtag.al\/index.php\/wp-json\/wp\/v2\/users\/30"}],"replies":[{"embeddable":true,"href":"https:\/\/www.hashtag.al\/index.php\/wp-json\/wp\/v2\/comments?post=386311"}],"version-history":[{"count":0,"href":"https:\/\/www.hashtag.al\/index.php\/wp-json\/wp\/v2\/posts\/386311\/revisions"}],"wp:featuredmedia":[{"embeddable":true,"href":"https:\/\/www.hashtag.al\/index.php\/wp-json\/wp\/v2\/media\/370690"}],"wp:attachment":[{"href":"https:\/\/www.hashtag.al\/index.php\/wp-json\/wp\/v2\/media?parent=386311"}],"wp:term":[{"taxonomy":"category","embeddable":true,"href":"https:\/\/www.hashtag.al\/index.php\/wp-json\/wp\/v2\/categories?post=386311"},{"taxonomy":"post_tag","embeddable":true,"href":"https:\/\/www.hashtag.al\/index.php\/wp-json\/wp\/v2\/tags?post=386311"}],"curies":[{"name":"wp","href":"https:\/\/api.w.org\/{rel}","templated":true}]}}