{"id":386308,"date":"2020-07-10T14:38:17","date_gmt":"2020-07-10T12:38:17","guid":{"rendered":"https:\/\/hashtag.al\/?p=386308"},"modified":"2020-07-10T14:43:58","modified_gmt":"2020-07-10T12:43:58","slug":"shorti-per-cerekfinalet-dhe-gjysmefinalet-e-europa-league-ja-perballjet","status":"publish","type":"post","link":"https:\/\/www.hashtag.al\/index.php\/2020\/07\/10\/shorti-per-cerekfinalet-dhe-gjysmefinalet-e-europa-league-ja-perballjet\/","title":{"rendered":"Shorti p\u00ebr \u00e7erekfinalet dhe gjysm\u00ebfinalet e &#8220;Europa League&#8221;, ja p\u00ebrballjet","gt_translate_keys":[{"key":"rendered","format":"text"}]},"content":{"rendered":"<p><a href=\"https:\/\/hashtag.al\/wp-content\/uploads\/2020\/07\/europa-league.jpg\"><img loading=\"lazy\" decoding=\"async\" class=\"aligncenter size-full wp-image-386309\" src=\"https:\/\/hashtag.al\/wp-content\/uploads\/2020\/07\/europa-league.jpg\" alt=\"\" width=\"1200\" height=\"630\" srcset=\"https:\/\/www.hashtag.al\/wp-content\/uploads\/2020\/07\/europa-league.jpg 1200w, https:\/\/www.hashtag.al\/wp-content\/uploads\/2020\/07\/europa-league-300x158.jpg 300w, https:\/\/www.hashtag.al\/wp-content\/uploads\/2020\/07\/europa-league-768x403.jpg 768w, https:\/\/www.hashtag.al\/wp-content\/uploads\/2020\/07\/europa-league-1024x538.jpg 1024w\" sizes=\"auto, (max-width: 1200px) 100vw, 1200px\" \/><\/a><\/p>\n<p><span style=\"color: #000000;\">N\u00eb Nyon u hodh sot shorti p\u00ebr faz\u00ebn \u00e7erekfinale dhe gjysm\u00ebfinale t\u00eb Europa League. Interi n\u00ebse kalon Getafen n\u00eb sfid\u00ebn e 1\/8 q\u00eb do luhet vet\u00ebm me nj\u00eb ndeshje do p\u00ebrballet me fituesen e ndeshjes Leverkusen-Rangers.<\/span><\/p>\n<p><span style=\"color: #000000;\">Fituesja e p\u00ebrballjes Roma-Sevilla do ndeshjet me fituesen e \u00e7iftit Wolves-Olympiacos.<\/span><\/p>\n<p><span style=\"color: #000000;\">Manchester United q\u00eb pritet ta ket\u00eb thjesht\u00eb nj\u00eb formalitet sfid\u00ebn e kthimit ndaj austriak\u00ebve t\u00eb Lask n\u00eb \u00e7erekfinale do t\u00eb ket\u00eb s\u00ebrish nj\u00eb short t\u00eb leht\u00eb pasi do t\u00eb sfidoj\u00eb skuadr\u00ebn q\u00eb do t\u00eb kualifikohet nga \u00e7ifti Istanbul Basaksehir- FC Copenahgen.<\/span><\/p>\n<p><span style=\"color: #000000;\">Dhe dyshja tjet\u00ebr \u00e7erkfinaliste do t\u00eb dal\u00eb nga fitueset e dueleve Shakhtar Donetsk-Wolfsburg dhe Basel \u2013Frankfurt.<\/span><\/p>\n<p><span style=\"color: #000000;\">Interi n\u00ebse kalon deri n\u00eb gjysm\u00ebfinale do p\u00ebrballet me at\u00eb ekip q\u00eb do dal\u00eb \u201cgjall\u00eb\u201d n\u00eb duelet Shakhtar-Donetsk-Wolfsburg dhe Basel-Frankfurt. Ndeshjet e faz\u00ebs Final Eight do t\u00eb luhen n\u00eb Gjermani dhe finalja n\u00eb K\u00ebln.<\/span><\/p>\n","protected":false,"gt_translate_keys":[{"key":"rendered","format":"html"}]},"excerpt":{"rendered":"<p>N\u00eb Nyon u hodh sot shorti p\u00ebr faz\u00ebn \u00e7erekfinale dhe gjysm\u00ebfinale t\u00eb Europa League. Interi n\u00ebse kalon Getafen n\u00eb sfid\u00ebn e 1\/8 q\u00eb do luhet vet\u00ebm me nj\u00eb ndeshje do p\u00ebrballet me fituesen e ndeshjes Leverkusen-Rangers. Fituesja e p\u00ebrballjes Roma-Sevilla do ndeshjet me fituesen e \u00e7iftit Wolves-Olympiacos. Manchester United q\u00eb pritet ta ket\u00eb thjesht\u00eb nj\u00eb [&hellip;]<\/p>\n","protected":false,"gt_translate_keys":[{"key":"rendered","format":"html"}]},"author":30,"featured_media":386309,"comment_status":"open","ping_status":"open","sticky":false,"template":"","format":"standard","meta":{"footnotes":""},"categories":[134],"tags":[],"class_list":["post-386308","post","type-post","status-publish","format-standard","has-post-thumbnail","hentry","category-sport"],"gt_translate_keys":[{"key":"link","format":"url"}],"_links":{"self":[{"href":"https:\/\/www.hashtag.al\/index.php\/wp-json\/wp\/v2\/posts\/386308","targetHints":{"allow":["GET"]}}],"collection":[{"href":"https:\/\/www.hashtag.al\/index.php\/wp-json\/wp\/v2\/posts"}],"about":[{"href":"https:\/\/www.hashtag.al\/index.php\/wp-json\/wp\/v2\/types\/post"}],"author":[{"embeddable":true,"href":"https:\/\/www.hashtag.al\/index.php\/wp-json\/wp\/v2\/users\/30"}],"replies":[{"embeddable":true,"href":"https:\/\/www.hashtag.al\/index.php\/wp-json\/wp\/v2\/comments?post=386308"}],"version-history":[{"count":0,"href":"https:\/\/www.hashtag.al\/index.php\/wp-json\/wp\/v2\/posts\/386308\/revisions"}],"wp:featuredmedia":[{"embeddable":true,"href":"https:\/\/www.hashtag.al\/index.php\/wp-json\/wp\/v2\/media\/386309"}],"wp:attachment":[{"href":"https:\/\/www.hashtag.al\/index.php\/wp-json\/wp\/v2\/media?parent=386308"}],"wp:term":[{"taxonomy":"category","embeddable":true,"href":"https:\/\/www.hashtag.al\/index.php\/wp-json\/wp\/v2\/categories?post=386308"},{"taxonomy":"post_tag","embeddable":true,"href":"https:\/\/www.hashtag.al\/index.php\/wp-json\/wp\/v2\/tags?post=386308"}],"curies":[{"name":"wp","href":"https:\/\/api.w.org\/{rel}","templated":true}]}}