{"id":386270,"date":"2020-07-10T12:36:16","date_gmt":"2020-07-10T10:36:16","guid":{"rendered":"https:\/\/hashtag.al\/?p=386270"},"modified":"2020-07-10T12:39:52","modified_gmt":"2020-07-10T10:39:52","slug":"jep-doreheqjen-edhe-drejtori-i-7-te-i-kadastres-se-vlores-ne-10-muaj","status":"publish","type":"post","link":"https:\/\/www.hashtag.al\/index.php\/2020\/07\/10\/jep-doreheqjen-edhe-drejtori-i-7-te-i-kadastres-se-vlores-ne-10-muaj\/","title":{"rendered":"Jep dor\u00ebheqjen edhe drejtori i 7-t\u00eb i Kadastr\u00ebs s\u00eb Vlor\u00ebs n\u00eb 10 muaj","gt_translate_keys":[{"key":"rendered","format":"text"}]},"content":{"rendered":"<p><a href=\"https:\/\/hashtag.al\/wp-content\/uploads\/2020\/07\/Kadastra.jpg\"><img loading=\"lazy\" decoding=\"async\" class=\"aligncenter size-full wp-image-386271\" src=\"https:\/\/hashtag.al\/wp-content\/uploads\/2020\/07\/Kadastra.jpg\" alt=\"\" width=\"1280\" height=\"501\" srcset=\"https:\/\/www.hashtag.al\/wp-content\/uploads\/2020\/07\/Kadastra.jpg 1280w, https:\/\/www.hashtag.al\/wp-content\/uploads\/2020\/07\/Kadastra-300x117.jpg 300w, https:\/\/www.hashtag.al\/wp-content\/uploads\/2020\/07\/Kadastra-768x301.jpg 768w, https:\/\/www.hashtag.al\/wp-content\/uploads\/2020\/07\/Kadastra-1024x401.jpg 1024w\" sizes=\"auto, (max-width: 1280px) 100vw, 1280px\" \/><\/a><\/p>\n<p><span style=\"color: #000000;\">Nuk ka qet\u00ebsi p\u00ebr Kadastr\u00ebn e Vlor\u00ebs. Jep dor\u00ebheqjen edhe drejtori i 7 i Kadastr\u00ebs, i cili zgjati vet\u00ebm 1 muaj e gjysm\u00eb n\u00eb detyr\u00eb. Jurgen Pilikati ka dh\u00ebn\u00eb sot dor\u00ebheqjen, vet\u00ebm pak dit\u00eb pas deklarat\u00ebs s\u00eb Damian Gjiknurit, i cili tha se n\u00eb krye t\u00eb Kadastr\u00ebs do t\u00eb vendoset nj\u00eb drejtor nga Vlora.<\/span><\/p>\n<p><span style=\"color: #000000;\">Kadastra e Vlor\u00ebs duket sikur i \u201cha\u201d drejtuesit e saj, t\u00eb cil\u00ebt brenda nj\u00eb kohe t\u00eb shkurt\u00ebr largohen. N\u00eb 10 muaj, kjo kadast\u00ebr ka nd\u00ebrruar 7 drejtor\u00eb.<\/span><\/p>\n<p><span style=\"color: #000000;\">Jurgen Pilikati ishte drejtori i shtat\u00eb, i cili kishte z\u00ebvend\u00ebsuar Viola Him\u00ebn. Ajo kishte q\u00ebndruar n\u00eb k\u00ebt\u00eb pozicion p\u00ebr vet\u00ebm 4 dit\u00eb.<\/span><\/p>\n<p><span style=\"color: #000000;\">Para saj ishte Bilbil Aliaj\u00a0i cili q\u00ebndroi si drejtor nga shkurti n\u00eb maj, kishte z\u00ebvend\u00ebsuar\u00a0Taulant Canametin\u00a0i cili gjithashtu kishte q\u00ebndruar 4 muaj n\u00eb detyr\u00eb. Para Canametit ishte\u00a0Edona Hodaj\u00a0e cila e kishte marr\u00eb detyr\u00ebn n\u00eb 19 shtator.<\/span><\/p>\n<p><span style=\"color: #000000;\">Para saj Alteo Nazeraj q\u00eb ndenji vet\u00ebm 10 dit\u00eb n\u00eb detyr\u00eb. Florian Alimadhi ishte para tij dhe kishte vet\u00ebm 5 muaj n\u00eb detyr\u00eb. Pra 7 drejtor\u00eb n\u00eb 10 muaj.\/<strong>Hashtag.al<\/strong><\/span><\/p>\n","protected":false,"gt_translate_keys":[{"key":"rendered","format":"html"}]},"excerpt":{"rendered":"<p>Nuk ka qet\u00ebsi p\u00ebr Kadastr\u00ebn e Vlor\u00ebs. Jep dor\u00ebheqjen edhe drejtori i 7 i Kadastr\u00ebs, i cili zgjati vet\u00ebm 1 muaj e gjysm\u00eb n\u00eb detyr\u00eb. Jurgen Pilikati ka dh\u00ebn\u00eb sot dor\u00ebheqjen, vet\u00ebm pak dit\u00eb pas deklarat\u00ebs s\u00eb Damian Gjiknurit, i cili tha se n\u00eb krye t\u00eb Kadastr\u00ebs do t\u00eb vendoset nj\u00eb drejtor nga Vlora. Kadastra [&hellip;]<\/p>\n","protected":false,"gt_translate_keys":[{"key":"rendered","format":"html"}]},"author":30,"featured_media":386271,"comment_status":"open","ping_status":"open","sticky":false,"template":"","format":"standard","meta":{"footnotes":""},"categories":[65,13],"tags":[],"class_list":["post-386270","post","type-post","status-publish","format-standard","has-post-thumbnail","hentry","category-lajme","category-te-fundit"],"gt_translate_keys":[{"key":"link","format":"url"}],"_links":{"self":[{"href":"https:\/\/www.hashtag.al\/index.php\/wp-json\/wp\/v2\/posts\/386270","targetHints":{"allow":["GET"]}}],"collection":[{"href":"https:\/\/www.hashtag.al\/index.php\/wp-json\/wp\/v2\/posts"}],"about":[{"href":"https:\/\/www.hashtag.al\/index.php\/wp-json\/wp\/v2\/types\/post"}],"author":[{"embeddable":true,"href":"https:\/\/www.hashtag.al\/index.php\/wp-json\/wp\/v2\/users\/30"}],"replies":[{"embeddable":true,"href":"https:\/\/www.hashtag.al\/index.php\/wp-json\/wp\/v2\/comments?post=386270"}],"version-history":[{"count":0,"href":"https:\/\/www.hashtag.al\/index.php\/wp-json\/wp\/v2\/posts\/386270\/revisions"}],"wp:featuredmedia":[{"embeddable":true,"href":"https:\/\/www.hashtag.al\/index.php\/wp-json\/wp\/v2\/media\/386271"}],"wp:attachment":[{"href":"https:\/\/www.hashtag.al\/index.php\/wp-json\/wp\/v2\/media?parent=386270"}],"wp:term":[{"taxonomy":"category","embeddable":true,"href":"https:\/\/www.hashtag.al\/index.php\/wp-json\/wp\/v2\/categories?post=386270"},{"taxonomy":"post_tag","embeddable":true,"href":"https:\/\/www.hashtag.al\/index.php\/wp-json\/wp\/v2\/tags?post=386270"}],"curies":[{"name":"wp","href":"https:\/\/api.w.org\/{rel}","templated":true}]}}