{"id":386241,"date":"2020-07-10T11:06:53","date_gmt":"2020-07-10T09:06:53","guid":{"rendered":"https:\/\/hashtag.al\/?p=386241"},"modified":"2020-07-10T11:08:48","modified_gmt":"2020-07-10T09:08:48","slug":"permbytjet-ne-japoni-ruci-leter-solidariteti-kryeparlamentarit-japonez","status":"publish","type":"post","link":"https:\/\/www.hashtag.al\/index.php\/2020\/07\/10\/permbytjet-ne-japoni-ruci-leter-solidariteti-kryeparlamentarit-japonez\/","title":{"rendered":"P\u00ebrmbytjet n\u00eb Japoni, Ru\u00e7i let\u00ebr solidariteti kryeparlamentarit japonez","gt_translate_keys":[{"key":"rendered","format":"text"}]},"content":{"rendered":"<p><a href=\"https:\/\/hashtag.al\/wp-content\/uploads\/2020\/07\/Ruci.jpg\"><img loading=\"lazy\" decoding=\"async\" class=\"aligncenter size-full wp-image-386242\" src=\"https:\/\/hashtag.al\/wp-content\/uploads\/2020\/07\/Ruci.jpg\" alt=\"\" width=\"675\" height=\"450\" srcset=\"https:\/\/www.hashtag.al\/wp-content\/uploads\/2020\/07\/Ruci.jpg 675w, https:\/\/www.hashtag.al\/wp-content\/uploads\/2020\/07\/Ruci-300x200.jpg 300w\" sizes=\"auto, (max-width: 675px) 100vw, 675px\" \/><\/a><\/p>\n<p><span style=\"color: #000000;\">Japonia Per\u00ebndimore po p\u00ebrballet me nj\u00eb situat\u00eb tt\u00eb v\u00ebshtir\u00eb p\u00ebr shkak t\u00eb p\u00ebrmbytjeve massive t\u00eb dit\u00ebve t\u00eb fundit, e kreu i Kuvendit, Gramoz Ru\u00e7i, i ka d\u00ebrguar sot nj\u00eb let\u00ebr solidariteti Kryetarit t\u00eb Dhom\u00ebs s\u00eb P\u00ebrfaq\u00ebsuesve t\u00eb Japonis\u00eb, Tamadori Oshima, p\u00ebr t\u2019i shprehur mb\u00ebshtetje.<\/span><\/p>\n<p><span style=\"color: #000000;\">Ru\u00e7i thot\u00eb se po i ndjek me d\u00ebshp\u00ebrim lajmet p\u00ebr p\u00ebrmbytjet n\u00eb Japoni dhe se shqiptar\u00ebt jan\u00eb pran\u00eb japonez\u00ebve n\u00eb k\u00ebto \u00e7aste t\u00eb v\u00ebshtira, ku kan\u00eb humbur jet\u00ebn qindar njer\u00ebz e dhjet\u00ebra t\u00eb tjer\u00eb jan\u00eb zhdukur.<\/span><\/p>\n<p><em><span style=\"color: #000000;\">\u201cMe d\u00ebshp\u00ebrim t\u00eb thell\u00eb po ndjek lajmet mbi p\u00ebrmbytjet dhe rr\u00ebshqitjet e tok\u00ebs t\u00eb shkaktuara nga shirat e dendura q\u00eb po ndodhin dit\u00ebt e fundit n\u00eb Japonin\u00eb Per\u00ebndimore, prej s\u00eb cil\u00ebs kan\u00eb humbur jet\u00ebn 141 persona, nd\u00ebrkoh\u00eb q\u00eb dhjetra t\u00eb tjer\u00eb rezultojn\u00eb t\u00eb zhdukur, dhe mbi dy milion\u00eb banor\u00eb jan\u00eb evakuuar nga rajoni.<\/span><\/em><\/p>\n<p><em><span style=\"color: #000000;\">Populli shqiptar, Kuvendi i Shqip\u00ebris\u00eb dhe un\u00eb personalisht jemi n\u00eb k\u00ebto \u00e7aste pran\u00eb popullit t\u00eb Japonis\u00eb, pran\u00eb familjeve t\u00eb viktimave dhe banor\u00ebve t\u00eb d\u00ebmtuar e zhvendosur nga banesat dhe rajoni i tyre, si edhe mb\u00ebshtesim pun\u00ebn e m\u00eb shum\u00eb se 70 mij\u00eb pun\u00ebtor\u00ebve t\u00eb shp\u00ebtimit, zjarrfik\u00ebsve dhe ushtris\u00eb, p\u00ebr t\u00eb gjetur t\u00eb mbijetuarit dhe shp\u00ebtuar pjes\u00ebn tjet\u00ebr t\u00eb banor\u00ebve nga fatkeq\u00ebsia.<\/span><\/em><\/p>\n<p><em><span style=\"color: #000000;\">Kemi besim t\u00eb plot\u00eb se Qeveria e Kryeministrit Abe, Dhoma e P\u00ebrfaq\u00ebsuesve, institucionet japoneze, punonj\u00ebsit dhe agjencit\u00eb e shp\u00ebtimit do t\u00eb parandalojn\u00eb rritjen e p\u00ebrmasave t\u00eb k\u00ebsaj fatkeq\u00ebsie dhe do t\u00eb kontribuojn\u00eb q\u00eb vendi juaj i bukur t\u2019i kthehet normalitetit.<\/span><\/em><\/p>\n<p><span style=\"color: #000000;\"><em>P\u00ebrfitoj nga ky rast, p\u00ebr t\u00eb shprehur edhe nj\u00ebher\u00eb ndjenjat e miq\u00ebsis\u00eb e solidaritetit t\u00eb popullit shqiptar me popullin japonez dhe besimin n\u00eb forcimin e bashk\u00ebpunimit dhe marr\u00ebdhenieve midis dy vendeve dhe dy parlamenteve tona.\u201d<\/em>, shkruan n\u00eb letr\u00ebn e tij Ru\u00e7i.<\/span><\/p>\n","protected":false,"gt_translate_keys":[{"key":"rendered","format":"html"}]},"excerpt":{"rendered":"<p>Japonia Per\u00ebndimore po p\u00ebrballet me nj\u00eb situat\u00eb tt\u00eb v\u00ebshtir\u00eb p\u00ebr shkak t\u00eb p\u00ebrmbytjeve massive t\u00eb dit\u00ebve t\u00eb fundit, e kreu i Kuvendit, Gramoz Ru\u00e7i, i ka d\u00ebrguar sot nj\u00eb let\u00ebr solidariteti Kryetarit t\u00eb Dhom\u00ebs s\u00eb P\u00ebrfaq\u00ebsuesve t\u00eb Japonis\u00eb, Tamadori Oshima, p\u00ebr t\u2019i shprehur mb\u00ebshtetje. Ru\u00e7i thot\u00eb se po i ndjek me d\u00ebshp\u00ebrim lajmet p\u00ebr p\u00ebrmbytjet [&hellip;]<\/p>\n","protected":false,"gt_translate_keys":[{"key":"rendered","format":"html"}]},"author":30,"featured_media":386242,"comment_status":"open","ping_status":"open","sticky":false,"template":"","format":"standard","meta":{"footnotes":""},"categories":[65,13],"tags":[],"class_list":["post-386241","post","type-post","status-publish","format-standard","has-post-thumbnail","hentry","category-lajme","category-te-fundit"],"gt_translate_keys":[{"key":"link","format":"url"}],"_links":{"self":[{"href":"https:\/\/www.hashtag.al\/index.php\/wp-json\/wp\/v2\/posts\/386241","targetHints":{"allow":["GET"]}}],"collection":[{"href":"https:\/\/www.hashtag.al\/index.php\/wp-json\/wp\/v2\/posts"}],"about":[{"href":"https:\/\/www.hashtag.al\/index.php\/wp-json\/wp\/v2\/types\/post"}],"author":[{"embeddable":true,"href":"https:\/\/www.hashtag.al\/index.php\/wp-json\/wp\/v2\/users\/30"}],"replies":[{"embeddable":true,"href":"https:\/\/www.hashtag.al\/index.php\/wp-json\/wp\/v2\/comments?post=386241"}],"version-history":[{"count":0,"href":"https:\/\/www.hashtag.al\/index.php\/wp-json\/wp\/v2\/posts\/386241\/revisions"}],"wp:featuredmedia":[{"embeddable":true,"href":"https:\/\/www.hashtag.al\/index.php\/wp-json\/wp\/v2\/media\/386242"}],"wp:attachment":[{"href":"https:\/\/www.hashtag.al\/index.php\/wp-json\/wp\/v2\/media?parent=386241"}],"wp:term":[{"taxonomy":"category","embeddable":true,"href":"https:\/\/www.hashtag.al\/index.php\/wp-json\/wp\/v2\/categories?post=386241"},{"taxonomy":"post_tag","embeddable":true,"href":"https:\/\/www.hashtag.al\/index.php\/wp-json\/wp\/v2\/tags?post=386241"}],"curies":[{"name":"wp","href":"https:\/\/api.w.org\/{rel}","templated":true}]}}