{"id":386218,"date":"2020-07-10T09:48:28","date_gmt":"2020-07-10T07:48:28","guid":{"rendered":"https:\/\/hashtag.al\/?p=386218"},"modified":"2020-07-10T09:48:28","modified_gmt":"2020-07-10T07:48:28","slug":"gjendet-nje-trup-i-dekompozuar-tek-akuariumi-i-portit-te-durresit","status":"publish","type":"post","link":"https:\/\/www.hashtag.al\/index.php\/2020\/07\/10\/gjendet-nje-trup-i-dekompozuar-tek-akuariumi-i-portit-te-durresit\/","title":{"rendered":"Gjendet nj\u00eb trup i dekompozuar tek akuariumi i portit t\u00eb Durr\u00ebsit","gt_translate_keys":[{"key":"rendered","format":"text"}]},"content":{"rendered":"<p><a href=\"https:\/\/hashtag.al\/wp-content\/uploads\/2020\/07\/Durres.jpg\"><img loading=\"lazy\" decoding=\"async\" class=\"aligncenter size-full wp-image-386219\" src=\"https:\/\/hashtag.al\/wp-content\/uploads\/2020\/07\/Durres.jpg\" alt=\"\" width=\"675\" height=\"450\" srcset=\"https:\/\/www.hashtag.al\/wp-content\/uploads\/2020\/07\/Durres.jpg 675w, https:\/\/www.hashtag.al\/wp-content\/uploads\/2020\/07\/Durres-300x200.jpg 300w\" sizes=\"auto, (max-width: 675px) 100vw, 675px\" \/><\/a><\/p>\n<p><span style=\"color: #000000;\">Gjendet nj\u00eb trup i pajet\u00eb pran\u00eb kalatave t\u00eb terminalit t\u00eb portit t\u00eb Durr\u00ebs, tek akuariumi.<\/span><\/p>\n<p><span style=\"color: #000000;\">Trupi i personit t\u00eb mbytur ishte i dekompozuar dhe i seksit mashkull.<\/span><\/p>\n<p><span style=\"color: #000000;\">Mendohet se personi \u00ebsht\u00eb afrikano- verior apo sirian por ende nuk ka konfirmim zyrtar, pasi nuk \u00ebsht\u00eb identifikuar.<\/span><\/p>\n<p><span style=\"color: #000000;\"><em>\u201cM\u00eb dat\u00eb 10.07.2020, rreth or\u00ebs 07:45, n\u00eb akuariumin e portit, \u00ebsht\u00eb gjetur i mbytur nj\u00eb shtetas ende i paidentifikuar, i seksit mashkull, i dekompozuar.\u201d<\/em>&#8211; thuhet n\u00eb njoftimin paraprak t\u00eb policis\u00eb.<\/span><\/p>\n<p><span style=\"color: #000000;\">Nd\u00ebrkoh\u00eb grupi hetimor ndodhet n\u00eb vendngjarje dhe p\u00ebr zbardhjen e ngjarjes.<\/span><\/p>\n","protected":false,"gt_translate_keys":[{"key":"rendered","format":"html"}]},"excerpt":{"rendered":"<p>Gjendet nj\u00eb trup i pajet\u00eb pran\u00eb kalatave t\u00eb terminalit t\u00eb portit t\u00eb Durr\u00ebs, tek akuariumi. Trupi i personit t\u00eb mbytur ishte i dekompozuar dhe i seksit mashkull. Mendohet se personi \u00ebsht\u00eb afrikano- verior apo sirian por ende nuk ka konfirmim zyrtar, pasi nuk \u00ebsht\u00eb identifikuar. \u201cM\u00eb dat\u00eb 10.07.2020, rreth or\u00ebs 07:45, n\u00eb akuariumin e portit, [&hellip;]<\/p>\n","protected":false,"gt_translate_keys":[{"key":"rendered","format":"html"}]},"author":30,"featured_media":386219,"comment_status":"open","ping_status":"open","sticky":false,"template":"","format":"standard","meta":{"footnotes":""},"categories":[65,13],"tags":[],"class_list":["post-386218","post","type-post","status-publish","format-standard","has-post-thumbnail","hentry","category-lajme","category-te-fundit"],"gt_translate_keys":[{"key":"link","format":"url"}],"_links":{"self":[{"href":"https:\/\/www.hashtag.al\/index.php\/wp-json\/wp\/v2\/posts\/386218","targetHints":{"allow":["GET"]}}],"collection":[{"href":"https:\/\/www.hashtag.al\/index.php\/wp-json\/wp\/v2\/posts"}],"about":[{"href":"https:\/\/www.hashtag.al\/index.php\/wp-json\/wp\/v2\/types\/post"}],"author":[{"embeddable":true,"href":"https:\/\/www.hashtag.al\/index.php\/wp-json\/wp\/v2\/users\/30"}],"replies":[{"embeddable":true,"href":"https:\/\/www.hashtag.al\/index.php\/wp-json\/wp\/v2\/comments?post=386218"}],"version-history":[{"count":0,"href":"https:\/\/www.hashtag.al\/index.php\/wp-json\/wp\/v2\/posts\/386218\/revisions"}],"wp:featuredmedia":[{"embeddable":true,"href":"https:\/\/www.hashtag.al\/index.php\/wp-json\/wp\/v2\/media\/386219"}],"wp:attachment":[{"href":"https:\/\/www.hashtag.al\/index.php\/wp-json\/wp\/v2\/media?parent=386218"}],"wp:term":[{"taxonomy":"category","embeddable":true,"href":"https:\/\/www.hashtag.al\/index.php\/wp-json\/wp\/v2\/categories?post=386218"},{"taxonomy":"post_tag","embeddable":true,"href":"https:\/\/www.hashtag.al\/index.php\/wp-json\/wp\/v2\/tags?post=386218"}],"curies":[{"name":"wp","href":"https:\/\/api.w.org\/{rel}","templated":true}]}}