{"id":385757,"date":"2020-07-08T10:13:20","date_gmt":"2020-07-08T08:13:20","guid":{"rendered":"https:\/\/hashtag.al\/?p=385757"},"modified":"2020-07-08T10:15:40","modified_gmt":"2020-07-08T08:15:40","slug":"cdo-person-qe-do-marre-pjese-ne-konventen-e-republikaneve-do-testohet-cdo-dite","status":"publish","type":"post","link":"https:\/\/www.hashtag.al\/index.php\/2020\/07\/08\/cdo-person-qe-do-marre-pjese-ne-konventen-e-republikaneve-do-testohet-cdo-dite\/","title":{"rendered":"\u00c7do person q\u00eb do marr\u00eb pjes\u00eb n\u00eb Konvent\u00ebn e Republikan\u00ebve, do testohet \u00e7do dit\u00eb","gt_translate_keys":[{"key":"rendered","format":"text"}]},"content":{"rendered":"<p><a href=\"https:\/\/hashtag.al\/wp-content\/uploads\/2020\/07\/Trump-1.jpg\"><img loading=\"lazy\" decoding=\"async\" class=\"aligncenter size-full wp-image-385758\" src=\"https:\/\/hashtag.al\/wp-content\/uploads\/2020\/07\/Trump-1.jpg\" alt=\"\" width=\"634\" height=\"501\" srcset=\"https:\/\/www.hashtag.al\/wp-content\/uploads\/2020\/07\/Trump-1.jpg 634w, https:\/\/www.hashtag.al\/wp-content\/uploads\/2020\/07\/Trump-1-300x237.jpg 300w\" sizes=\"auto, (max-width: 634px) 100vw, 634px\" \/><\/a><\/p>\n<p><span style=\"color: #000000;\">\u00c7do person q\u00eb do t\u00eb marr\u00eb pjes\u00eb n\u00eb Konvent\u00ebn Komb\u00ebtare Republikane n\u00eb Xheksonville k\u00ebt\u00eb gusht, do t\u00eb testohet \u00e7do dit\u00eb p\u00ebr koronavirusin.<\/span><\/p>\n<p><span style=\"color: #000000;\">Kjo n\u00ebnkupton mij\u00ebra teste n\u00eb dit\u00eb. Arena ku presidenti Donald Trump do t\u00eb pranoj\u00eb zyrtarisht nominimin e partis\u00eb s\u00eb tij p\u00ebr nj\u00eb mandat t\u00eb dyt\u00eb, ka kapacitet p\u00ebr 15,000 njer\u00ebz. Konventa do t\u00eb zhvillohet n\u00eb datat 24-27 gusht.<\/span><\/p>\n<p><span style=\"color: #000000;\">Erin Isaac, z\u00ebdh\u00ebn\u00ebsi i komitetit prit\u00ebs, zbuloi n\u00eb nj\u00eb memo t\u00eb h\u00ebn\u00ebn se &#8216;t\u00eb gjith\u00eb q\u00eb marrin pjes\u00eb n\u00eb kongres brenda perimetrit do t\u00eb testohen dhe temperature do t\u2019u kontrollohet \u00e7do dit\u00eb\u2019, shkruan <span style=\"color: #0000ff;\"><a style=\"color: #0000ff;\" href=\"https:\/\/edition.cnn.com\/2020\/07\/06\/politics\/republican-national-convention-jacksonville-test-attendees-coronavirus\/index.html\">CNN<\/a><\/span>.<\/span><\/p>\n<p><span style=\"color: #000000;\">Dhe nj\u00eb zyrtar i partis\u00eb tha se detajet se si do t\u00eb kryhen ato mij\u00ebra teste do t\u00eb zbulohen n\u00eb vijim nd\u00ebrsa data 24 gusht kur do mbahet konventa po afrohet.<\/span><\/p>\n<p><span style=\"color: #000000;\">Disa teste t\u00eb shpejta, si\u00e7 \u00ebsht\u00eb testi Abbott q\u00eb p\u00ebrdor Sht\u00ebpia e Bardh\u00eb, mund t\u00eb japin rezultate n\u00eb 15 minuta.<\/span><\/p>\n<p><span style=\"color: #000000;\">Disa ligjv\u00ebn\u00ebs republikan\u00eb kan\u00eb njoftuar se nuk do t\u00eb marrin pjes\u00eb n\u00eb em\u00ebrimin e Trump-it si kandidat i demokrat\u00ebve, p\u00ebr shkak t\u00eb shqet\u00ebsimeve p\u00ebr s\u00ebmundjen.<\/span><\/p>\n","protected":false,"gt_translate_keys":[{"key":"rendered","format":"html"}]},"excerpt":{"rendered":"<p>\u00c7do person q\u00eb do t\u00eb marr\u00eb pjes\u00eb n\u00eb Konvent\u00ebn Komb\u00ebtare Republikane n\u00eb Xheksonville k\u00ebt\u00eb gusht, do t\u00eb testohet \u00e7do dit\u00eb p\u00ebr koronavirusin. Kjo n\u00ebnkupton mij\u00ebra teste n\u00eb dit\u00eb. Arena ku presidenti Donald Trump do t\u00eb pranoj\u00eb zyrtarisht nominimin e partis\u00eb s\u00eb tij p\u00ebr nj\u00eb mandat t\u00eb dyt\u00eb, ka kapacitet p\u00ebr 15,000 njer\u00ebz. Konventa do t\u00eb [&hellip;]<\/p>\n","protected":false,"gt_translate_keys":[{"key":"rendered","format":"html"}]},"author":30,"featured_media":385758,"comment_status":"open","ping_status":"open","sticky":false,"template":"","format":"standard","meta":{"footnotes":""},"categories":[6],"tags":[],"class_list":["post-385757","post","type-post","status-publish","format-standard","has-post-thumbnail","hentry","category-nderkombetare"],"gt_translate_keys":[{"key":"link","format":"url"}],"_links":{"self":[{"href":"https:\/\/www.hashtag.al\/index.php\/wp-json\/wp\/v2\/posts\/385757","targetHints":{"allow":["GET"]}}],"collection":[{"href":"https:\/\/www.hashtag.al\/index.php\/wp-json\/wp\/v2\/posts"}],"about":[{"href":"https:\/\/www.hashtag.al\/index.php\/wp-json\/wp\/v2\/types\/post"}],"author":[{"embeddable":true,"href":"https:\/\/www.hashtag.al\/index.php\/wp-json\/wp\/v2\/users\/30"}],"replies":[{"embeddable":true,"href":"https:\/\/www.hashtag.al\/index.php\/wp-json\/wp\/v2\/comments?post=385757"}],"version-history":[{"count":0,"href":"https:\/\/www.hashtag.al\/index.php\/wp-json\/wp\/v2\/posts\/385757\/revisions"}],"wp:featuredmedia":[{"embeddable":true,"href":"https:\/\/www.hashtag.al\/index.php\/wp-json\/wp\/v2\/media\/385758"}],"wp:attachment":[{"href":"https:\/\/www.hashtag.al\/index.php\/wp-json\/wp\/v2\/media?parent=385757"}],"wp:term":[{"taxonomy":"category","embeddable":true,"href":"https:\/\/www.hashtag.al\/index.php\/wp-json\/wp\/v2\/categories?post=385757"},{"taxonomy":"post_tag","embeddable":true,"href":"https:\/\/www.hashtag.al\/index.php\/wp-json\/wp\/v2\/tags?post=385757"}],"curies":[{"name":"wp","href":"https:\/\/api.w.org\/{rel}","templated":true}]}}