{"id":385370,"date":"2020-07-06T13:54:18","date_gmt":"2020-07-06T11:54:18","guid":{"rendered":"https:\/\/hashtag.al\/?p=385370"},"modified":"2020-07-09T16:52:03","modified_gmt":"2020-07-09T14:52:03","slug":"dritehijet-e-kandidatit-per-rektor-ne-universitetin-e-tiranes-profili-i-artan-hoxhes","status":"publish","type":"post","link":"https:\/\/www.hashtag.al\/index.php\/2020\/07\/06\/dritehijet-e-kandidatit-per-rektor-ne-universitetin-e-tiranes-profili-i-artan-hoxhes\/","title":{"rendered":"Drit\u00ebhijet e kandidatit p\u00ebr rektor n\u00eb UT &#8211; Profili i Artan Hoxh\u00ebs","gt_translate_keys":[{"key":"rendered","format":"text"}]},"content":{"rendered":"<p><img loading=\"lazy\" decoding=\"async\" class=\"aligncenter size-full wp-image-385308\" src=\"https:\/\/hashtag.al\/wp-content\/uploads\/2020\/07\/artan-hoxha.jpg\" alt=\"\" width=\"636\" height=\"477\" srcset=\"https:\/\/www.hashtag.al\/wp-content\/uploads\/2020\/07\/artan-hoxha.jpg 636w, https:\/\/www.hashtag.al\/wp-content\/uploads\/2020\/07\/artan-hoxha-300x225.jpg 300w\" sizes=\"auto, (max-width: 636px) 100vw, 636px\" \/><\/p>\n<p><span style=\"color: #000000;\">Zgjedhjet p\u00ebr strukturat drejtuese n\u00eb \u00a0Universitetin e Tiran\u00ebs edhe k\u00ebt\u00eb her\u00eb po shkaktojn\u00eb polemika t\u00eb shumta, nd\u00ebrsa profilet e kandidaturave t\u00eb shpallura deri m\u00eb tani n\u00eb disa raste shoq\u00ebrohen me drit\u00ebhije dhe debat publik ku nuk mbeten pa u p\u00ebrfshir\u00eb edhe partit\u00eb politike.<\/span><\/p>\n<p><span style=\"color: #000000;\">Deri m\u00eb tani emrat q\u00eb kandidojn\u00eb p\u00ebr Rektor n\u00eb Universitetin e Tiran\u00ebs jan\u00eb Artan Hoxha aktualisht dekan i Fakultetit t\u00eb Drejt\u00ebsis\u00eb, Mimoza Hafizi( nga Shkencat e Natyr\u00ebs) dhe Kozeta Sevrani (nga Fakulteti Ekonomik).<\/span><\/p>\n<p><span style=\"color: #000000;\">Emri i Artan Hoxh\u00ebs nuk \u00ebsht\u00eb i panjohur, p\u00ebrve\u00e7 karrier\u00ebs s\u00eb gjat\u00eb n\u00eb funksionin e pedagogut, ai ka qen\u00eb edhe pjes\u00eb e organeve t\u00eb drejt\u00ebsis\u00eb duke mbajtur poste t\u00eb r\u00ebnd\u00ebsishme. N\u00eb organet e drejt\u00ebsis\u00eb ai ka filluar pun\u00ebn si prokuror n\u00eb Lushnj\u00eb dhe e ka mbyllur si Gjyqtar i Gjykat\u00ebs s\u00eb Lart\u00eb n\u00eb vitin 2008.<\/span><\/p>\n<p><span style=\"color: #000000;\">Profili i Artan Hoxh\u00ebs ka sjell\u00eb polemika edhe n\u00eb politik\u00eb pasi nga Partia Demokratike menj\u00ebher\u00eb me njohjen e tij si kandidatur\u00eb p\u00ebr rektoratin e Universitetit t\u00eb Tiran\u00ebs ka ardhur reagimi nga selia blu.<\/span><\/p>\n<p><span style=\"color: #000000;\">Pas shpalljes s\u00eb dat\u00ebs s\u00eb zgjedhjeve nga Ministria e Arsimit (30 korrik 2020), PD-ja e konsideroi vendimin antikushtetues q\u00eb do sh\u00ebrbej\u00eb n\u00eb em\u00ebrimin pa gar\u00eb n\u00eb krye t\u00eb rektoratit t\u00eb Artan Hoxh\u00ebs duke e konsideruar at\u00eb \u201csh\u00ebrb\u00ebtor t\u00eb pushtetit\u201d,<\/span><\/p>\n<p><span style=\"color: #000000;\">\u201c<em>Vendimi antikushtetues i qeveris\u00eb s\u00eb Edi Ram\u00ebs p\u00ebr t\u00eb b\u00ebr\u00eb zgjedhjet n\u00eb universitete m\u00eb 30 Korrik i sh\u00ebrben vet\u00ebm em\u00ebrimit pa gar\u00eb n\u00eb krye t\u00eb rektoratit t\u00eb nj\u00eb sh\u00ebrb\u00ebtori t\u00eb pushtetit, si Artan Hoxha, dekanit fam\u00ebkeq t\u00eb Fakultetit Juridik<\/em>\u201d-tha Vokshi n\u00eb deklarat\u00ebn e dat\u00ebs 1 korrik.<\/span><\/p>\n<p><span style=\"color: #000000;\">Nd\u00ebrkoh\u00eb vet\u00eb Artan Hoxha n\u00eb disa dalje t\u00eb tij nuk ka qen\u00eb dakord me pun\u00ebn dhe vendimmarrjen e Rektorit n\u00eb p\u00ebrfundim t\u00eb mandatit Mynyr Koni.<\/span><\/p>\n<p><span style=\"color: #000000;\">Ai thot\u00eb p\u00ebr Konin se \u00ebsht\u00eb kthyer kund\u00ebr struktur\u00ebs q\u00eb ka drejtuar ku sipas tij kall\u00ebzon pafund\u00ebsiht personel akademik me q\u00ebllim p\u00ebr t\u00eb drejtuar n\u00ebp\u00ebrmjet frik\u00ebs dhe presionit.<\/span><\/p>\n<p><span style=\"color: #000000;\">\u201c<em>Ka nj\u00eb fokusim t\u00eb madh edhe mediatik tek UT, \u00ebsht\u00eb l\u00ebn\u00eb pas dore q\u00eb k\u00ebto zgjedhje nuk jan\u00eb vet\u00ebm n\u00eb UT. \u00cbsht\u00eb vet\u00ebm nj\u00eb nga 12 institucionet publike t\u00eb arsimit t\u00eb lart\u00eb, por me t\u00eb drejt\u00eb t\u00ebrhiqet v\u00ebmendja sepse \u00ebsht\u00eb institucioni m\u00eb i r\u00ebnd\u00ebsish\u00ebm publik i arsimit t\u00eb lart\u00eb n\u00eb vend, me nj\u00eb tradit\u00eb, me nj\u00eb em\u00ebr, me fushat q\u00eb mbulon, q\u00eb nxjerr n\u00eb m\u00ebnyr\u00eb masive, ata q\u00eb marrin p\u00ebrsip\u00ebr zhvillimin e vendit dhe ku b\u00ebhet m\u00eb shum\u00eb k\u00ebrkim shkencor por dhe p\u00ebr faktin q\u00eb \u00ebsht\u00eb nj\u00eb institucion me problematika n\u00eb 4 vitet e fundit, duket sikur zgjedhjet po zhvillohen p\u00ebr rektor n\u00eb UT, por n\u00eb fakt jan\u00eb p\u00ebr qindra autoritete dhe organe drejtuese n\u00eb t\u00eb gjitha universitetet dhe institucionet publike t\u00eb arsimit t\u00eb lart\u00eb. Rektori i UT sot \u00ebsht\u00eb kthyer kund\u00ebr t\u00eb gjith\u00eb struktur\u00ebs q\u00eb ai ka drejtuar duke p\u00ebrdorur mekanizma q\u00eb nuk i b\u00ebjn\u00eb nder nj\u00eb akademiku dhe Universitetit t\u00eb Tiran\u00ebs. Pafund\u00ebsisht kall\u00ebzon personel akademik, duke i \u00e7uar n\u00eb gjykat\u00eb dhe duke u munduar t\u00eb drejtoj\u00eb n\u00ebp\u00ebrmjet frik\u00ebs dhe presionit sepse do ket\u00eb nj\u00eb pasoj\u00eb n\u00ebse nuk p\u00ebrputhet vullneti i tij me at\u00eb t\u00eb personelit t\u00eb tij<\/em>\u201d, u shpreh Hoxha.\u00a0<\/span><\/p>\n<p><span style=\"color: #000000;\"><strong>Por kush \u00ebsht\u00eb Artan Hoxha?<\/strong><\/span><\/p>\n<p><span style=\"color: #000000;\">Prof. Dr.\u00a0Artan Hoxha\u00a0ka p\u00ebrfunduar studimet e larta p\u00ebr drejt\u00ebsi n\u00eb Universitetin e Tiran\u00ebs, n\u00eb vitin 1983 dhe ato pasuniversitare p\u00ebr Konventat e K\u00ebshillit t\u00eb Evrop\u00ebs n\u00eb fush\u00ebn penale n\u00eb Fakultetin e Drejt\u00ebsis\u00eb t\u00eb Universitetit t\u00eb Leidenit, Holland\u00eb, n\u00eb vitin 1995. Mban titullin \u201cProfesor\u201d q\u00eb prej vitit 2015.<\/span><\/p>\n<p><span style=\"color: #000000;\">Aktualisht, \u00ebsht\u00eb Dekan i\u00a0Fakultetit t\u00eb Drejt\u00ebsis\u00eb t\u00eb Universitetit t\u00eb Tiran\u00ebs, q\u00eb prej vitit 2016.<\/span><\/p>\n<p><span style=\"color: #000000;\">Hoxha e ka filluar karrier\u00ebn e tij profesionale si Prokuror Sektori n\u00eb Prokurorin\u00eb e Rrethit Lushnj\u00eb dhe m\u00eb pas \u00ebsht\u00eb em\u00ebruar Prokuror n\u00eb Prokurorin\u00eb e P\u00ebrgjithshme. Gjat\u00eb periudh\u00ebs 1992 \u2013 1994, ka sh\u00ebrbyer si Specialist n\u00eb Drejtorin\u00eb e Kodifikimit, n\u00eb Ministrin\u00eb e Drejt\u00ebsis\u00eb dhe n\u00eb vitet 1997 \u2013 1999 si Drejtor i k\u00ebsaj Drejtorie. M\u00eb pas, n\u00eb periudh\u00ebn 1999 \u2013 2008 ka qen\u00eb Gjyqtar n\u00eb Gjykat\u00ebn e Lart\u00eb.<\/span><\/p>\n<p><span style=\"color: #000000;\">Q\u00eb prej vitit 1997, ai \u00ebsht\u00eb pedagog i jasht\u00ebm n\u00eb\u00a0Shkoll\u00ebn e Magjistratur\u00ebs dhe q\u00eb prej vitit 1998 pedagog i l\u00ebnd\u00ebs \u201cE drejta procedurale penale\u201d n\u00eb Fakultetin e Drejt\u00ebsis\u00eb.<\/span><\/p>\n<p><span style=\"color: #000000;\">Gjat\u00eb karrier\u00ebs s\u00eb tij profesionale, ka qen\u00eb an\u00ebtar i disa grupeve t\u00eb pun\u00ebs dhe komiteteve p\u00ebr zhvillimin e legjislacionit n\u00eb Shqip\u00ebri. M\u00eb konkretisht, ka qen\u00eb an\u00ebtar i grupit t\u00eb pun\u00ebs p\u00ebr hartimin e Kodit t\u00eb Procedur\u00ebs Penale (1992 \u2013 1994), an\u00ebtar i Komisionit t\u00eb Reformave Ligjore dhe Institucionale t\u00eb ngritur pran\u00eb Ministris\u00eb s\u00eb Drejt\u00ebsis\u00eb (2004 \u2013 2006), Kryetar i Komisionit p\u00ebr Ndihm\u00eb Legjislative t\u00eb Konferenc\u00ebs Gjyq\u00ebsore Komb\u00ebtare (2001 \u2013 2008), An\u00ebtar i Komitetit t\u00eb Ekspert\u00ebve p\u00ebr Operimin e Konventave Evropiane n\u00eb Fush\u00ebn Penale (1997 \u2013 2003).<\/span><\/p>\n<p><span style=\"color: #000000;\">Nga viti 2004, ai \u00ebsht\u00eb Ekspert i K\u00ebshillit t\u00eb Evrop\u00ebs n\u00eb fush\u00ebn penale dhe t\u00eb pushtetit gjyq\u00ebsor p\u00ebr trajnime brenda dhe jasht\u00eb vendit.<\/span><\/p>\n<p><span style=\"color: #000000;\">Ai \u00ebsht\u00eb an\u00ebtar i K\u00ebshillit Mbik\u00ebqyr\u00ebs t\u00eb Bank\u00ebs s\u00eb Shqip\u00ebris\u00eb q\u00eb prej muajit dhjetor t\u00eb vitit 2018.<\/span><\/p>\n<p><span style=\"color: #000000;\"><strong>Kozeta Sevrani <\/strong>\u00ebsht\u00eb nj\u00eb nd\u00ebr kandidaturat e tjera e cila do p\u00ebrballet me Artan Hoxh\u00ebn dhe Mimoza Hafizin.<\/span><\/p>\n<p><span style=\"color: #000000;\">Edhe pse emri i saj p\u00ebrflitej prej koh\u00ebsh, Kozeta Sevrani ishte e fundit q\u00eb iu bashkua gar\u00ebs p\u00ebr rektore.<\/span><\/p>\n<p><span style=\"color: #000000;\">Ajo \u00ebsht\u00eb pedagoge n\u00eb Fakultetin e Ekonomis\u00eb, konsulente n\u00eb disa kompani si dhe kryetare e K\u00ebshillit t\u00eb Statistikave.<\/span><\/p>\n<p><img loading=\"lazy\" decoding=\"async\" class=\"size-full wp-image-385309 alignleft\" src=\"https:\/\/hashtag.al\/wp-content\/uploads\/2020\/07\/sevrani.jpg\" alt=\"\" width=\"336\" height=\"386\" srcset=\"https:\/\/www.hashtag.al\/wp-content\/uploads\/2020\/07\/sevrani.jpg 336w, https:\/\/www.hashtag.al\/wp-content\/uploads\/2020\/07\/sevrani-261x300.jpg 261w\" sizes=\"auto, (max-width: 336px) 100vw, 336px\" \/><\/p>\n<p><span style=\"color: #000000;\"><strong>Karriera e Sevranit<\/strong><\/span><\/p>\n<p><span style=\"color: #000000;\">Kozeta Sevrani \u00ebsht\u00eb diplomuar p\u00ebr fizik\u00eb n\u00eb Fakultetin e Shkencave t\u00eb Natyr\u00ebs n\u00eb UT, n\u00eb vitin 1984.<\/span><\/p>\n<p><span style=\"color: #000000;\">Kozeta Sevrani \u00ebsht\u00eb pedagoge e Informatik\u00ebs dhe e Sistemeve t\u00eb Informacionit t\u00eb Menaxhimit. Interesat e saj k\u00ebrkimore p\u00ebrfshijn\u00eb: Sistemet e informacionit dhe Siguria e informacionit; e-commerce\/e-business, e-learning, e-qeverisje dhe e-sh\u00ebrbime; Integrimi i sistemeve t\u00eb informacionit, etj.<\/span><\/p>\n<p><span style=\"color: #000000;\">Q\u00eb nga viti 2010 \u00ebsht\u00eb organizatore e konferenc\u00ebs nd\u00ebrkomb\u00ebtare vjetore ISTI, bashk\u00eborganizatore e konferencave dhe \u00eborkshopeve t\u00eb ndryshme nd\u00ebrkomb\u00ebtare, Gjithashtu, b\u00ebn pun\u00ebn e konsulenc\u00ebs n\u00eb kompani private si dhe an\u00ebtare e bordit n\u00eb agjenci qeveritare.<\/span><\/p>\n<p><span style=\"color: #000000;\">Prof. Sevrani \u00ebsht\u00eb p\u00ebrfshir\u00eb n\u00eb projekte t\u00eb ndryshme nd\u00ebrkomb\u00ebtare si dhe ka prezantuar pun\u00ebn e saj n\u00eb konferenca t\u00eb shumta vendase dhe nd\u00ebrkomb\u00ebtare. Ajo \u00ebsht\u00eb n\u00eb bordin editorial t\u00eb disa revistave nd\u00ebrkomb\u00ebtare dhe puna e saj \u00ebsht\u00eb botuar n\u00eb disa revista. \u00cbsht\u00eb bashk\u00ebautore e nj\u00eb monografie si edhe e kat\u00ebr librave.<\/span><\/p>\n<p><span style=\"color: #000000;\">Ka disa eksperienca n\u00eb m\u00ebsimdh\u00ebnie n\u00eb universitete t\u00eb huaja si n\u00eb Suedi, Austri, Norvegji, Kosov\u00eb, etj.<\/span><\/p>\n<p><span style=\"color: #000000;\">N\u00eb vitin 2017-t\u00eb, K\u00ebshilli i Ministrave e em\u00ebroi at\u00eb si kryetare t\u00eb K\u00ebshillit t\u00eb Statistikave, pas kishte sh\u00ebrbyer disa vitesh si an\u00ebtare.\/<strong>Hashtag.al<\/strong><\/span><\/p>\n","protected":false,"gt_translate_keys":[{"key":"rendered","format":"html"}]},"excerpt":{"rendered":"<p>Zgjedhjet p\u00ebr strukturat drejtuese n\u00eb \u00a0Universitetin e Tiran\u00ebs edhe k\u00ebt\u00eb her\u00eb po shkaktojn\u00eb polemika t\u00eb shumta, nd\u00ebrsa profilet e kandidaturave t\u00eb shpallura deri m\u00eb tani n\u00eb disa raste shoq\u00ebrohen me drit\u00ebhije dhe debat publik ku nuk mbeten pa u p\u00ebrfshir\u00eb edhe partit\u00eb politike. Deri m\u00eb tani emrat q\u00eb kandidojn\u00eb p\u00ebr Rektor n\u00eb Universitetin e Tiran\u00ebs [&hellip;]<\/p>\n","protected":false,"gt_translate_keys":[{"key":"rendered","format":"html"}]},"author":32,"featured_media":385308,"comment_status":"open","ping_status":"open","sticky":false,"template":"","format":"standard","meta":{"footnotes":""},"categories":[22,13],"tags":[],"class_list":["post-385370","post","type-post","status-publish","format-standard","has-post-thumbnail","hentry","category-ballina","category-te-fundit"],"gt_translate_keys":[{"key":"link","format":"url"}],"_links":{"self":[{"href":"https:\/\/www.hashtag.al\/index.php\/wp-json\/wp\/v2\/posts\/385370","targetHints":{"allow":["GET"]}}],"collection":[{"href":"https:\/\/www.hashtag.al\/index.php\/wp-json\/wp\/v2\/posts"}],"about":[{"href":"https:\/\/www.hashtag.al\/index.php\/wp-json\/wp\/v2\/types\/post"}],"author":[{"embeddable":true,"href":"https:\/\/www.hashtag.al\/index.php\/wp-json\/wp\/v2\/users\/32"}],"replies":[{"embeddable":true,"href":"https:\/\/www.hashtag.al\/index.php\/wp-json\/wp\/v2\/comments?post=385370"}],"version-history":[{"count":0,"href":"https:\/\/www.hashtag.al\/index.php\/wp-json\/wp\/v2\/posts\/385370\/revisions"}],"wp:featuredmedia":[{"embeddable":true,"href":"https:\/\/www.hashtag.al\/index.php\/wp-json\/wp\/v2\/media\/385308"}],"wp:attachment":[{"href":"https:\/\/www.hashtag.al\/index.php\/wp-json\/wp\/v2\/media?parent=385370"}],"wp:term":[{"taxonomy":"category","embeddable":true,"href":"https:\/\/www.hashtag.al\/index.php\/wp-json\/wp\/v2\/categories?post=385370"},{"taxonomy":"post_tag","embeddable":true,"href":"https:\/\/www.hashtag.al\/index.php\/wp-json\/wp\/v2\/tags?post=385370"}],"curies":[{"name":"wp","href":"https:\/\/api.w.org\/{rel}","templated":true}]}}