{"id":385148,"date":"2020-07-05T12:01:33","date_gmt":"2020-07-05T10:01:33","guid":{"rendered":"https:\/\/hashtag.al\/?p=385148"},"modified":"2020-07-05T12:01:34","modified_gmt":"2020-07-05T10:01:34","slug":"rama-nxjerr-policine-te-kontrolloje-te-prekurit-me-covid19-virusi-vazhdon-punen-mos-thyeni-rregullat-dhe-karantinen-video","status":"publish","type":"post","link":"https:\/\/www.hashtag.al\/index.php\/2020\/07\/05\/rama-nxjerr-policine-te-kontrolloje-te-prekurit-me-covid19-virusi-vazhdon-punen-mos-thyeni-rregullat-dhe-karantinen-video\/","title":{"rendered":"Rama nxjerr policin\u00eb t\u00eb kontrolloj\u00eb t\u00eb prekurit me Covid19: Virusi vazhdon pun\u00ebn mos thyeni rregullat dhe karantin\u00ebn (Video)","gt_translate_keys":[{"key":"rendered","format":"text"}]},"content":{"rendered":"<p><img loading=\"lazy\" decoding=\"async\" class=\"aligncenter size-full wp-image-385149\" src=\"https:\/\/hashtag.al\/wp-content\/uploads\/2020\/07\/policia.png\" alt=\"\" width=\"861\" height=\"470\" srcset=\"https:\/\/www.hashtag.al\/wp-content\/uploads\/2020\/07\/policia.png 861w, https:\/\/www.hashtag.al\/wp-content\/uploads\/2020\/07\/policia-300x164.png 300w, https:\/\/www.hashtag.al\/wp-content\/uploads\/2020\/07\/policia-768x419.png 768w\" sizes=\"auto, (max-width: 861px) 100vw, 861px\" \/><\/p>\n<p><span style=\"color: #000000;\">Policia e shtetit \u00ebsht\u00eb v\u00ebn\u00eb n\u00eb veprim n\u00eb zbatimin e masave p\u00ebr parandalimin e p\u00ebrhapjes s\u00eb virusit Sars-Cov 2 duke dal\u00eb n\u00eb terren p\u00ebr kontrollimin e personave q\u00eb jan\u00eb n\u00eb karantin\u00eb.<\/span><\/p>\n<p><span style=\"color: #000000;\">Kryeministri Edi Rama ka publikuar videon ku b\u00ebn apel q\u00eb t\u00eb mos thyejn\u00eb rregullat kushdo q\u00eb \u00ebsht\u00eb i prekur me koronavirus pasi \u201cpolicia i di t\u00eb gjitha dhe kontrollet vazhdojn\u00eb\u201d.<\/span><\/p>\n<p><span style=\"color: #000000;\">&#8220;<em>Policia vazhdon pun\u00ebn dhe Covid-i gjithashtu, por k\u00ebto mesazhe njer\u00ebzore nga takimet me punonj\u00ebsit e policis\u00eb s\u00eb shtetit sh\u00ebrbejn\u00eb p\u00ebr k\u00ebdo. Kushdo q\u00eb \u00ebsht\u00eb i prekur nga Covid19 nuk duhet t\u00eb thyej\u00eb rregullat dhe karantin\u00ebn. Policia i di t\u00eb gjitha dhe kontrollet do t\u00eb vijojn\u00eb! Sh\u00ebndeti mbi t\u00eb gjitha<\/em>&#8220;-shkruan Rama.<\/span><\/p>\n<p><iframe loading=\"lazy\" style=\"border: none; overflow: hidden;\" src=\"https:\/\/www.facebook.com\/plugins\/video.php?href=https%3A%2F%2Fwww.facebook.com%2Fedirama.al%2Fvideos%2F599391410976365%2F&amp;show_text=0&amp;width=560\" width=\"560\" height=\"308\" frameborder=\"0\" scrolling=\"no\" allowfullscreen=\"allowfullscreen\"><\/iframe><\/p>\n","protected":false,"gt_translate_keys":[{"key":"rendered","format":"html"}]},"excerpt":{"rendered":"<p>Policia e shtetit \u00ebsht\u00eb v\u00ebn\u00eb n\u00eb veprim n\u00eb zbatimin e masave p\u00ebr parandalimin e p\u00ebrhapjes s\u00eb virusit Sars-Cov 2 duke dal\u00eb n\u00eb terren p\u00ebr kontrollimin e personave q\u00eb jan\u00eb n\u00eb karantin\u00eb. Kryeministri Edi Rama ka publikuar videon ku b\u00ebn apel q\u00eb t\u00eb mos thyejn\u00eb rregullat kushdo q\u00eb \u00ebsht\u00eb i prekur me koronavirus pasi \u201cpolicia i [&hellip;]<\/p>\n","protected":false,"gt_translate_keys":[{"key":"rendered","format":"html"}]},"author":32,"featured_media":385149,"comment_status":"open","ping_status":"open","sticky":false,"template":"","format":"standard","meta":{"footnotes":""},"categories":[65,13],"tags":[],"class_list":["post-385148","post","type-post","status-publish","format-standard","has-post-thumbnail","hentry","category-lajme","category-te-fundit"],"gt_translate_keys":[{"key":"link","format":"url"}],"_links":{"self":[{"href":"https:\/\/www.hashtag.al\/index.php\/wp-json\/wp\/v2\/posts\/385148","targetHints":{"allow":["GET"]}}],"collection":[{"href":"https:\/\/www.hashtag.al\/index.php\/wp-json\/wp\/v2\/posts"}],"about":[{"href":"https:\/\/www.hashtag.al\/index.php\/wp-json\/wp\/v2\/types\/post"}],"author":[{"embeddable":true,"href":"https:\/\/www.hashtag.al\/index.php\/wp-json\/wp\/v2\/users\/32"}],"replies":[{"embeddable":true,"href":"https:\/\/www.hashtag.al\/index.php\/wp-json\/wp\/v2\/comments?post=385148"}],"version-history":[{"count":0,"href":"https:\/\/www.hashtag.al\/index.php\/wp-json\/wp\/v2\/posts\/385148\/revisions"}],"wp:featuredmedia":[{"embeddable":true,"href":"https:\/\/www.hashtag.al\/index.php\/wp-json\/wp\/v2\/media\/385149"}],"wp:attachment":[{"href":"https:\/\/www.hashtag.al\/index.php\/wp-json\/wp\/v2\/media?parent=385148"}],"wp:term":[{"taxonomy":"category","embeddable":true,"href":"https:\/\/www.hashtag.al\/index.php\/wp-json\/wp\/v2\/categories?post=385148"},{"taxonomy":"post_tag","embeddable":true,"href":"https:\/\/www.hashtag.al\/index.php\/wp-json\/wp\/v2\/tags?post=385148"}],"curies":[{"name":"wp","href":"https:\/\/api.w.org\/{rel}","templated":true}]}}