{"id":385132,"date":"2020-07-05T09:53:14","date_gmt":"2020-07-05T07:53:14","guid":{"rendered":"https:\/\/hashtag.al\/?p=385132"},"modified":"2020-07-05T09:53:15","modified_gmt":"2020-07-05T07:53:15","slug":"transportonin-emigrante-te-huaj-arrestohen-tre-persona-ne-pogradec","status":"publish","type":"post","link":"https:\/\/www.hashtag.al\/index.php\/2020\/07\/05\/transportonin-emigrante-te-huaj-arrestohen-tre-persona-ne-pogradec\/","title":{"rendered":"Transportonin emigrant\u00eb t\u00eb huaj, arrestohen tre persona n\u00eb Pogradec","gt_translate_keys":[{"key":"rendered","format":"text"}]},"content":{"rendered":"<p><img loading=\"lazy\" decoding=\"async\" class=\"aligncenter size-full wp-image-385133\" src=\"https:\/\/hashtag.al\/wp-content\/uploads\/2020\/07\/POLICIA-OPERACIONI-PERIMETRI-710x450.png\" alt=\"\" width=\"710\" height=\"450\" srcset=\"https:\/\/www.hashtag.al\/wp-content\/uploads\/2020\/07\/POLICIA-OPERACIONI-PERIMETRI-710x450.png 710w, https:\/\/www.hashtag.al\/wp-content\/uploads\/2020\/07\/POLICIA-OPERACIONI-PERIMETRI-710x450-300x190.png 300w\" sizes=\"auto, (max-width: 710px) 100vw, 710px\" \/><\/p>\n<p><span style=\"color: #000000;\">Transporti i emigrant\u00ebve t\u00eb huaj nga kufiri me Greqin\u00eb n\u00ebp\u00ebr territorin shqiptar dhe m\u00eb pas drejt vendeve t\u00eb BE-s\u00eb tashm\u00eb \u00ebsht\u00eb b\u00ebr\u00eb i zakonsh\u00ebm.<\/span><\/p>\n<p><span style=\"color: #000000;\">Tre shtetas jan\u00eb arrestuar n\u00eb Pogradec t\u00eb cil\u00ebt u kap\u00ebn duke transportuar emigrant\u00eb n\u00eb k\u00ebmbim t\u00eb shumave t\u00eb parave me objektiv vendet e BE-s\u00eb.<\/span><\/p>\n<p><span style=\"color: #000000;\">N\u00eb prangat e policis\u00eb ran\u00eb shtetasit O.B 32-vje\u00e7 me banim n\u00eb Fark, A.M 27-vje\u00e7 me banim n\u00eb Z\u00ebmblak, Maliq dhe E.G 27-vje\u00e7 me banim n\u00eb Kruj\u00eb.<\/span><\/p>\n<p><span style=\"color: #000000;\"><strong>Njoftimi i policis\u00eb:<\/strong><\/span><\/p>\n<p><span style=\"color: #000000;\">Vijon operacioni i koduar &#8220;Perimetri&#8221;, p\u00ebr parandalimin dhe goditjen e veprimtaris\u00eb kriminale n\u00eb fush\u00ebn e dh\u00ebnies s\u00eb ndihm\u00ebs shtetasve t\u00eb huaj p\u00ebr kalim t\u00eb paligjsh\u00ebm t\u00eb kufirit, kundrejt shp\u00ebrblimit.<\/span><\/p>\n<p><span style=\"color: #000000;\">Gjat\u00eb operacionit goditen edhe dy raste t\u00eb tjera.<\/span><\/p>\n<p><span style=\"color: #000000;\">Vihen n\u00eb prangat e policis\u00eb 3 shtetas, t\u00eb cil\u00ebt u kap\u00ebn duke transportuar kundrejt fitimit 14 emigrant\u00eb t\u00eb paligjsh\u00ebm.<\/span><\/p>\n<p><span style=\"color: #000000;\">Strukturat p\u00ebr Hetimin e Krimeve n\u00eb Drejtorin\u00eb Vendore t\u00eb Policis\u00eb Kor\u00e7\u00eb, n\u00eb bashk\u00ebpunim me Policin\u00eb Kufitare dhe Komisariatin e Policis\u00eb Pogradec, n\u00eb vijim t\u00eb operacionit policor &#8220;Perimetri&#8221;, kan\u00eb goditur dy raste t\u00eb tjera t\u00eb aktivitetit kriminal n\u00eb fush\u00ebn e dh\u00ebnies ndihm\u00eb shtetasve t\u00eb huaj p\u00ebr kalim t\u00eb paligjsh\u00ebm t\u00eb kufirit kundrejt shp\u00ebrblimit, si rezultat i t\u00eb cil\u00ebve u b\u00eb kapja dhe arrestimi n\u00eb flagranc\u00eb i shtetasve:<\/span><\/p>\n<p><span style=\"color: #000000;\">&#8211; O. B., 32 vje\u00e7, banues n\u00eb Fark\u00eb, Tiran\u00eb dhe A. M., 27 vje\u00e7, banues n\u00eb Z\u00ebmblak, Maliq, pasi k\u00ebta shtetas jan\u00eb kapur n\u00eb vendin e quajtur &#8220;Lumi i V\u00ebrdov\u00ebs&#8221; n\u00eb Pogradec, duke transportuar n\u00eb bashk\u00ebpunim me nj\u00ebri-tjetrin me mjetet tip &#8220;Suzuki&#8221; dhe &#8220;Benz&#8221; n\u00eb drejtim t\u00eb Tiran\u00ebs, 5 emigrant\u00eb t\u00eb paligjsh\u00ebm, t\u00eb cil\u00ebve kundrejt fitimit iu kishin premtuar kalimin drejt vendeve t\u00eb BE-s\u00eb.<\/span><\/p>\n<p><span style=\"color: #000000;\">&#8211; E. G., 27 vje\u00e7, banues n\u00eb Kruj\u00eb, pasi ky shtetas u kap nga sh\u00ebrbimet e policis\u00eb n\u00eb unaz\u00ebn e qytetit t\u00eb Pogradecit, duke transportuar n\u00eb drejtim t\u00eb Tiran\u00ebs me mjetin tip &#8220;Mitsubishi&#8221;, 9 emigrant\u00eb t\u00eb paligjsh\u00ebm, t\u00eb cil\u00ebve kundrejt shp\u00ebrblimit prej 100 euro secilit, iu kishte premtuar kalimin drejt vendeve t\u00eb BE-s\u00eb.<\/span><\/p>\n<p><span style=\"color: #000000;\">Materialet n\u00eb ngarkim t\u00eb tyre i kaluan Prokuroris\u00eb pran\u00eb Gjykat\u00ebs s\u00eb Rrethit Gjyq\u00ebsor Pogradec p\u00ebr vepr\u00ebn penale &#8220;Ndihma p\u00ebr kalim t\u00eb paligjsh\u00ebm t\u00eb kufijve&#8221;.<\/span><\/p>\n<p><iframe loading=\"lazy\" style=\"border: none; overflow: hidden;\" src=\"https:\/\/www.facebook.com\/plugins\/video.php?href=https%3A%2F%2Fwww.facebook.com%2F1463395427279012%2Fvideos%2F852019631995327%2F&amp;show_text=0&amp;width=560\" width=\"560\" height=\"315\" frameborder=\"0\" scrolling=\"no\" allowfullscreen=\"allowfullscreen\"><\/iframe><\/p>\n","protected":false,"gt_translate_keys":[{"key":"rendered","format":"html"}]},"excerpt":{"rendered":"<p>Transporti i emigrant\u00ebve t\u00eb huaj nga kufiri me Greqin\u00eb n\u00ebp\u00ebr territorin shqiptar dhe m\u00eb pas drejt vendeve t\u00eb BE-s\u00eb tashm\u00eb \u00ebsht\u00eb b\u00ebr\u00eb i zakonsh\u00ebm. Tre shtetas jan\u00eb arrestuar n\u00eb Pogradec t\u00eb cil\u00ebt u kap\u00ebn duke transportuar emigrant\u00eb n\u00eb k\u00ebmbim t\u00eb shumave t\u00eb parave me objektiv vendet e BE-s\u00eb. N\u00eb prangat e policis\u00eb ran\u00eb shtetasit O.B [&hellip;]<\/p>\n","protected":false,"gt_translate_keys":[{"key":"rendered","format":"html"}]},"author":32,"featured_media":385133,"comment_status":"open","ping_status":"open","sticky":false,"template":"","format":"standard","meta":{"footnotes":""},"categories":[65,13],"tags":[],"class_list":["post-385132","post","type-post","status-publish","format-standard","has-post-thumbnail","hentry","category-lajme","category-te-fundit"],"gt_translate_keys":[{"key":"link","format":"url"}],"_links":{"self":[{"href":"https:\/\/www.hashtag.al\/index.php\/wp-json\/wp\/v2\/posts\/385132","targetHints":{"allow":["GET"]}}],"collection":[{"href":"https:\/\/www.hashtag.al\/index.php\/wp-json\/wp\/v2\/posts"}],"about":[{"href":"https:\/\/www.hashtag.al\/index.php\/wp-json\/wp\/v2\/types\/post"}],"author":[{"embeddable":true,"href":"https:\/\/www.hashtag.al\/index.php\/wp-json\/wp\/v2\/users\/32"}],"replies":[{"embeddable":true,"href":"https:\/\/www.hashtag.al\/index.php\/wp-json\/wp\/v2\/comments?post=385132"}],"version-history":[{"count":0,"href":"https:\/\/www.hashtag.al\/index.php\/wp-json\/wp\/v2\/posts\/385132\/revisions"}],"wp:featuredmedia":[{"embeddable":true,"href":"https:\/\/www.hashtag.al\/index.php\/wp-json\/wp\/v2\/media\/385133"}],"wp:attachment":[{"href":"https:\/\/www.hashtag.al\/index.php\/wp-json\/wp\/v2\/media?parent=385132"}],"wp:term":[{"taxonomy":"category","embeddable":true,"href":"https:\/\/www.hashtag.al\/index.php\/wp-json\/wp\/v2\/categories?post=385132"},{"taxonomy":"post_tag","embeddable":true,"href":"https:\/\/www.hashtag.al\/index.php\/wp-json\/wp\/v2\/tags?post=385132"}],"curies":[{"name":"wp","href":"https:\/\/api.w.org\/{rel}","templated":true}]}}