{"id":384995,"date":"2020-07-04T15:16:14","date_gmt":"2020-07-04T13:16:14","guid":{"rendered":"https:\/\/hashtag.al\/?p=384995"},"modified":"2020-07-04T15:16:14","modified_gmt":"2020-07-04T13:16:14","slug":"i-riu-ne-gjirokaster-shkon-i-plagosur-ne-spital-cfare-zbuloi-policia","status":"publish","type":"post","link":"https:\/\/www.hashtag.al\/index.php\/2020\/07\/04\/i-riu-ne-gjirokaster-shkon-i-plagosur-ne-spital-cfare-zbuloi-policia\/","title":{"rendered":"I riu n\u00eb Gjirokast\u00ebr shkon i plagosur n\u00eb spital, \u00e7far\u00eb zbuloi policia","gt_translate_keys":[{"key":"rendered","format":"text"}]},"content":{"rendered":"<p><a href=\"https:\/\/hashtag.al\/wp-content\/uploads\/2020\/06\/sherr.jpg\"><img loading=\"lazy\" decoding=\"async\" class=\"aligncenter size-full wp-image-377878\" src=\"https:\/\/hashtag.al\/wp-content\/uploads\/2020\/06\/sherr.jpg\" alt=\"\" width=\"640\" height=\"299\" srcset=\"https:\/\/www.hashtag.al\/wp-content\/uploads\/2020\/06\/sherr.jpg 640w, https:\/\/www.hashtag.al\/wp-content\/uploads\/2020\/06\/sherr-300x140.jpg 300w\" sizes=\"auto, (max-width: 640px) 100vw, 640px\" \/><\/a><\/p>\n<p><span style=\"color: #000000;\">Nj\u00eb djal\u00eb i ri \u00ebsht\u00eb paraqitur i plagosur n\u00eb spital duke k\u00ebrkuar ndihm\u00ebn e mjek\u00ebve. Kjo ngjarje ka ndodhur mesdit\u00ebn e sotme, \u00e7ka ka shtyr\u00eb policin\u00eb t\u00eb nis\u00eb hetimet p\u00ebr t\u00eb zbuluar se \u00e7far\u00eb kishte ndodhur.<\/span><\/p>\n<p><span style=\"color: #000000;\">Sipas uniformave blu, dy t\u00eb rinj n\u00eb fshatin Hormov\u00eb n\u00eb Gjirokast\u00ebr, jan\u00eb konfliktuar me nj\u00ebri-tjetrin me sende t\u00eb forta.<\/span><\/p>\n<p><em><span style=\"color: #000000;\">\u201cRreth or\u00ebs 13:00, njoftohemi se n\u00eb Spitalit Rajonal Gjirokast\u00ebr ka shkuar nj\u00eb shtetas i plagosur me mjete t\u00eb mprehta.<\/span><\/em><\/p>\n<p><em><span style=\"color: #000000;\">Menj\u00ebher\u00eb \u00ebsht\u00eb ngritur grupi hetimor dhe pas veprimeve t\u00eb para hetimore rezultoi se n\u00eb fshatin Hormov\u00eb, Tepelen\u00eb, shtetasit L. I., dhe E. K., 22 vje\u00e7,\u00a0banues n\u00eb fshatin Hormov\u00eb, pas nj\u00eb konflikti t\u00eb \u00e7astit\u00a0jan\u00eb goditur me njeri-tjetrin me\u00a0mjete t\u00eb mprehta dhe t\u00eb forta.<\/span><\/em><\/p>\n<p><span style=\"color: #000000;\"><em>P\u00ebr pasoj\u00eb\u00a0ka mbetur i plagosur shtetasi L. I., i cili ndodhet n\u00eb spitalin Rajonal Gjirokast\u00ebr.\u201d<\/em>&#8211; thuhet n\u00eb njoftimin e policis\u00eb.<\/span><\/p>\n<p><span style=\"color: #000000;\">Polic\u00ebt e kap\u00ebn djalin tjet\u00ebr, me t\u00eb cilin ishte konfliktuar i plagosuri, i cili gjithashtu kishte qen\u00eb i d\u00ebmtuar. P\u00ebr k\u00ebt\u00eb arsye ata e d\u00ebrguan drejt spitalit p\u00ebr t\u00eb marr\u00eb ndihm\u00ebn e nevojshme mjek\u00ebsore.<\/span><\/p>\n<p><span style=\"color: #000000;\">Grupi hetimor ndodhet n\u00eb vendngjarje dhe po punohet p\u00ebr zbardhjen e plot\u00eb t\u00eb ngjarjes.<\/span><\/p>\n<p>&nbsp;<\/p>\n","protected":false,"gt_translate_keys":[{"key":"rendered","format":"html"}]},"excerpt":{"rendered":"<p>Nj\u00eb djal\u00eb i ri \u00ebsht\u00eb paraqitur i plagosur n\u00eb spital duke k\u00ebrkuar ndihm\u00ebn e mjek\u00ebve. Kjo ngjarje ka ndodhur mesdit\u00ebn e sotme, \u00e7ka ka shtyr\u00eb policin\u00eb t\u00eb nis\u00eb hetimet p\u00ebr t\u00eb zbuluar se \u00e7far\u00eb kishte ndodhur. Sipas uniformave blu, dy t\u00eb rinj n\u00eb fshatin Hormov\u00eb n\u00eb Gjirokast\u00ebr, jan\u00eb konfliktuar me nj\u00ebri-tjetrin me sende t\u00eb forta. [&hellip;]<\/p>\n","protected":false,"gt_translate_keys":[{"key":"rendered","format":"html"}]},"author":30,"featured_media":377878,"comment_status":"open","ping_status":"open","sticky":false,"template":"","format":"standard","meta":{"footnotes":""},"categories":[65,13],"tags":[],"class_list":["post-384995","post","type-post","status-publish","format-standard","has-post-thumbnail","hentry","category-lajme","category-te-fundit"],"gt_translate_keys":[{"key":"link","format":"url"}],"_links":{"self":[{"href":"https:\/\/www.hashtag.al\/index.php\/wp-json\/wp\/v2\/posts\/384995","targetHints":{"allow":["GET"]}}],"collection":[{"href":"https:\/\/www.hashtag.al\/index.php\/wp-json\/wp\/v2\/posts"}],"about":[{"href":"https:\/\/www.hashtag.al\/index.php\/wp-json\/wp\/v2\/types\/post"}],"author":[{"embeddable":true,"href":"https:\/\/www.hashtag.al\/index.php\/wp-json\/wp\/v2\/users\/30"}],"replies":[{"embeddable":true,"href":"https:\/\/www.hashtag.al\/index.php\/wp-json\/wp\/v2\/comments?post=384995"}],"version-history":[{"count":0,"href":"https:\/\/www.hashtag.al\/index.php\/wp-json\/wp\/v2\/posts\/384995\/revisions"}],"wp:featuredmedia":[{"embeddable":true,"href":"https:\/\/www.hashtag.al\/index.php\/wp-json\/wp\/v2\/media\/377878"}],"wp:attachment":[{"href":"https:\/\/www.hashtag.al\/index.php\/wp-json\/wp\/v2\/media?parent=384995"}],"wp:term":[{"taxonomy":"category","embeddable":true,"href":"https:\/\/www.hashtag.al\/index.php\/wp-json\/wp\/v2\/categories?post=384995"},{"taxonomy":"post_tag","embeddable":true,"href":"https:\/\/www.hashtag.al\/index.php\/wp-json\/wp\/v2\/tags?post=384995"}],"curies":[{"name":"wp","href":"https:\/\/api.w.org\/{rel}","templated":true}]}}