{"id":384894,"date":"2020-07-03T23:07:03","date_gmt":"2020-07-03T21:07:03","guid":{"rendered":"https:\/\/hashtag.al\/?p=384894"},"modified":"2020-07-03T23:39:13","modified_gmt":"2020-07-03T21:39:13","slug":"basha-zberthen-truqet-e-tij-te-pr-it-tek-arjan-cani","status":"publish","type":"post","link":"https:\/\/www.hashtag.al\/index.php\/2020\/07\/03\/basha-zberthen-truqet-e-tij-te-pr-it-tek-arjan-cani\/","title":{"rendered":"Basha zb\u00ebrthen &#8220;truqet&#8221; e tij t\u00eb PR-it tek Arjan \u00c7ani","gt_translate_keys":[{"key":"rendered","format":"text"}]},"content":{"rendered":"<p><a href=\"https:\/\/hashtag.al\/wp-content\/uploads\/2020\/07\/BASHA-1.jpg\"><img loading=\"lazy\" decoding=\"async\" class=\"aligncenter size-full wp-image-384909\" src=\"https:\/\/hashtag.al\/wp-content\/uploads\/2020\/07\/BASHA-1.jpg\" alt=\"\" width=\"1024\" height=\"682\" srcset=\"https:\/\/www.hashtag.al\/wp-content\/uploads\/2020\/07\/BASHA-1.jpg 1024w, https:\/\/www.hashtag.al\/wp-content\/uploads\/2020\/07\/BASHA-1-300x200.jpg 300w, https:\/\/www.hashtag.al\/wp-content\/uploads\/2020\/07\/BASHA-1-768x512.jpg 768w\" sizes=\"auto, (max-width: 1024px) 100vw, 1024px\" \/><\/a><\/p>\n<p><span style=\"color: #000000;\">Nd\u00ebrsa ishte i ftuar n\u00eb emisionin \u201cZon\u00eb e Lir\u00eb\u201d t\u00eb gazetarit Arjan \u00c7ani, kryedemokrati Lulzim Basha foli p\u00ebr strategjit\u00eb e tij t\u00eb promovimit.<\/span><\/p>\n<p><span style=\"color: #000000;\">Ai ka treguar pse koh\u00ebt e fundit ka ndryshuar stilin n\u00eb veshje, ka zbuluar trukun e tij m\u00eb t\u00eb ri t\u00eb PR-it dhe pranon se fiksimi p\u00ebr selfie-t mund t\u00eb b\u00ebhet i rreziksh\u00ebm.<\/span><\/p>\n<p><strong><span style=\"color: #000000;\">Pse Basha ka ndryshuar stil<\/span><\/strong><\/p>\n<p><span style=\"color: #000000;\">Analisti Arjan Curi e pyeti Bash\u00ebn se p\u00ebrs\u00eb koh\u00ebt e fundit ka ndryshuar krejt\u00ebsisht stil, duke kaluar nga kostumet e kravatat n\u00eb veshje t\u00eb \u00e7lirshme. E Basha u p\u00ebrgjigj duke pranuar se kjo ka ndodhur sepse m\u00eb par\u00eb kalonte m\u00eb tep\u00ebr koh\u00eb n\u00eb zyr\u00eb se \u00e7\u2019duhet, e tani kalon m\u00eb shum\u00eb koh\u00eb n\u00eb terren pran\u00eb njer\u00ebzve.<\/span><\/p>\n<p><em><span style=\"color: #000000;\">\u201cAh sa m\u00eb k\u00ebnaq. Fillove m\u00eb the ke 26 minuta koh\u00eb p\u00ebr t\u00eb fol p\u00ebr hallin m\u00eb t\u00eb madh t\u00eb njer\u00ebzve q\u00eb \u00ebsht\u00eb ekonomia dhe p\u00ebrfundove se pse vishesh k\u00ebshtu.<\/span><\/em><\/p>\n<p><em><span style=\"color: #000000;\">Po ta k\u00ebnaq pyetjen me nj\u00eb p\u00ebrgjigje dhe pastaj do na l\u00ebsh t\u00eb flasim dhe p\u00ebr hallet e njer\u00ebzve.<\/span><\/em><\/p>\n<p><span style=\"color: #000000;\"><em>Tani ka 2 m\u00ebnyra p\u00ebr t\u2019ju p\u00ebrgjigjur k\u00ebsaj. Nj\u00ebra m\u00ebnyr\u00eb \u00ebsht\u00eb p\u00ebr t\u00eb vazhduar t\u00eb b\u00ebjm\u00eb misticizmin, p\u00ebr t\u00eb treguar se kjo \u00ebsht\u00eb pjes\u00eb e nj\u00eb marketimi nga nj\u00eb bosht anglo-amerikano profesionist\u00ebsh etj, etj q\u00eb nuk thuhen, t\u00eb pompuar nga rrjete t\u00eb fuqishme, t\u00eb cil\u00ebt po investohen n\u00eb m\u00ebnyr\u00eb t\u00eb jasht\u00ebzakonshme p\u00ebr figur\u00ebn e Lulzim Bash\u00ebs, p\u00ebr ta projektuar at\u00eb jo vet\u00ebm si lider t\u00eb Shqip\u00ebris\u00eb por mund\u00ebsisht dhe t\u00eb Ballkanit, me perspektiv\u00eb q\u00eb t\u00eb jet\u00eb dhe lider global, nd\u00ebrsa tjetra \u00ebsht\u00eb fare e thjesht\u00eb miqt\u00eb e mi, dhe un\u00eb kur ka qen\u00eb e thjesht\u00eb e kam th\u00ebn\u00eb ashtu si\u00e7 \u00ebsht\u00eb: Kur \u00ebsht\u00eb vap\u00eb e heq xhaket\u00ebn. Normalisht kam kaluar shum\u00eb m\u00eb shum\u00eb koh\u00eb n\u00eb zyr\u00eb se sa \u00e7\u2019duhet t\u00eb kaloja dhe tani kaloj m\u00eb shum\u00eb koh\u00eb n\u00eb terren, m\u00eb pak se \u00e7do desha por m\u00eb shum\u00eb se m\u00eb p\u00ebrpara. Kjo \u00ebsht\u00eb e thjesht\u00eb, kjo \u00ebsht\u00eb e v\u00ebrteta.\u201d-<\/em> u p\u00ebrgjigj Basha.<\/span><\/p>\n<p><strong><span style=\"color: #000000;\">Basha tregon trukun e ri t\u00eb PR-it<\/span><\/strong><\/p>\n<p><span style=\"color: #000000;\">K\u00ebtu gazetari Arjan \u00c7ani e pyet Bash\u00ebn n\u00ebse po p\u00ebrpiqet t\u00eb tregoj\u00eb se nuk ka asnj\u00eb strategji PR-i, e kryedemokrati p\u00ebrgjigjet duke zbuluar trukun e tij m\u00eb t\u00eb ri- shkopi p\u00ebr t\u00eb b\u00ebr\u00eb selfie m\u00eb rehat e mos t\u2019i lodhet dora.<\/span><\/p>\n<p><em><span style=\"color: #000000;\">&#8220;Nuk po them s\u2019ka strategji\u2026nuk ka truke. Ka nj\u00eb truk q\u00eb dje. Kam marr\u00eb at\u00eb gj\u00ebn\u00eb k\u00ebshtu si quhet\u2026 shkopin\u2026 ta lodh krahun m\u00eb pak, t\u00eb jep mund\u00ebsi t\u00eb marr\u00ebsh k\u00ebnde m\u00eb t\u00eb mira, dhe ta mbash pak m\u00eb kollaj. E vure re?&#8221; &#8211;<\/span><\/em><span style=\"color: #000000;\"> thot\u00eb kreu i opozit\u00ebs.<\/span><\/p>\n<p><strong><span style=\"color: #000000;\">Basha dhe pasioni p\u00ebr Selfie-t<\/span><\/strong><\/p>\n<p><span style=\"color: #000000;\">Pasi zbuloi trukun e ri, analisti Curi e pyet: \u201cA mund t\u2019ju kthehet n\u00eb pasion ky zoti Basha, kjo pjesa e Selfieve?\u201d.<\/span><\/p>\n<p><span style=\"color: #000000;\">E Basha ka k\u00ebt\u00eb p\u00ebrgjigje: <em>\u201cE rrezikshme \u00ebsht\u00eb sepse n\u00eb fund t\u00eb fundit, me t\u00eb v\u00ebrtet politikani e gazetari kan\u00eb disa t\u00eb p\u00ebrbashk\u00ebta, sepse jan\u00eb nj\u00eb form\u00eb mediumi. P\u00ebrcjellin z\u00ebrin e njer\u00ebzve aty ku merren vendime. Se politika merr vendime si rregull, gazetaria i influencon ato. P\u00ebr sa koh\u00eb q\u00eb nuk humbet nga v\u00ebshtrimi objektivin e k\u00ebsaj besoj se jam ok. Kur e humbet pastaj, b\u00ebhesh i rreziksh\u00ebm. P\u00ebr k\u00ebt\u00eb mjafton prova aktuale.\u201d<\/em><\/span><\/p>\n<p><a href=\"https:\/\/hashtag.al\/wp-content\/uploads\/2020\/07\/LUL.jpg\"><img loading=\"lazy\" decoding=\"async\" class=\"aligncenter size-full wp-image-384907\" src=\"https:\/\/hashtag.al\/wp-content\/uploads\/2020\/07\/LUL.jpg\" alt=\"\" width=\"1024\" height=\"682\" srcset=\"https:\/\/www.hashtag.al\/wp-content\/uploads\/2020\/07\/LUL.jpg 1024w, https:\/\/www.hashtag.al\/wp-content\/uploads\/2020\/07\/LUL-300x200.jpg 300w, https:\/\/www.hashtag.al\/wp-content\/uploads\/2020\/07\/LUL-768x512.jpg 768w\" sizes=\"auto, (max-width: 1024px) 100vw, 1024px\" \/><\/a><\/p>\n","protected":false,"gt_translate_keys":[{"key":"rendered","format":"html"}]},"excerpt":{"rendered":"<p>Nd\u00ebrsa ishte i ftuar n\u00eb emisionin \u201cZon\u00eb e Lir\u00eb\u201d t\u00eb gazetarit Arjan \u00c7ani, kryedemokrati Lulzim Basha foli p\u00ebr strategjit\u00eb e tij t\u00eb promovimit. Ai ka treguar pse koh\u00ebt e fundit ka ndryshuar stilin n\u00eb veshje, ka zbuluar trukun e tij m\u00eb t\u00eb ri t\u00eb PR-it dhe pranon se fiksimi p\u00ebr selfie-t mund t\u00eb b\u00ebhet i [&hellip;]<\/p>\n","protected":false,"gt_translate_keys":[{"key":"rendered","format":"html"}]},"author":30,"featured_media":384909,"comment_status":"open","ping_status":"open","sticky":false,"template":"","format":"standard","meta":{"footnotes":""},"categories":[22,65,13],"tags":[],"class_list":["post-384894","post","type-post","status-publish","format-standard","has-post-thumbnail","hentry","category-ballina","category-lajme","category-te-fundit"],"gt_translate_keys":[{"key":"link","format":"url"}],"_links":{"self":[{"href":"https:\/\/www.hashtag.al\/index.php\/wp-json\/wp\/v2\/posts\/384894","targetHints":{"allow":["GET"]}}],"collection":[{"href":"https:\/\/www.hashtag.al\/index.php\/wp-json\/wp\/v2\/posts"}],"about":[{"href":"https:\/\/www.hashtag.al\/index.php\/wp-json\/wp\/v2\/types\/post"}],"author":[{"embeddable":true,"href":"https:\/\/www.hashtag.al\/index.php\/wp-json\/wp\/v2\/users\/30"}],"replies":[{"embeddable":true,"href":"https:\/\/www.hashtag.al\/index.php\/wp-json\/wp\/v2\/comments?post=384894"}],"version-history":[{"count":0,"href":"https:\/\/www.hashtag.al\/index.php\/wp-json\/wp\/v2\/posts\/384894\/revisions"}],"wp:featuredmedia":[{"embeddable":true,"href":"https:\/\/www.hashtag.al\/index.php\/wp-json\/wp\/v2\/media\/384909"}],"wp:attachment":[{"href":"https:\/\/www.hashtag.al\/index.php\/wp-json\/wp\/v2\/media?parent=384894"}],"wp:term":[{"taxonomy":"category","embeddable":true,"href":"https:\/\/www.hashtag.al\/index.php\/wp-json\/wp\/v2\/categories?post=384894"},{"taxonomy":"post_tag","embeddable":true,"href":"https:\/\/www.hashtag.al\/index.php\/wp-json\/wp\/v2\/tags?post=384894"}],"curies":[{"name":"wp","href":"https:\/\/api.w.org\/{rel}","templated":true}]}}