{"id":384890,"date":"2020-07-03T22:29:25","date_gmt":"2020-07-03T20:29:25","guid":{"rendered":"https:\/\/hashtag.al\/?p=384890"},"modified":"2020-07-03T23:40:19","modified_gmt":"2020-07-03T21:40:19","slug":"basha-perderisa-i-thone-edvinit-edi-dhe-mua-te-me-thone-luli","status":"publish","type":"post","link":"https:\/\/www.hashtag.al\/index.php\/2020\/07\/03\/basha-perderisa-i-thone-edvinit-edi-dhe-mua-te-me-thone-luli\/","title":{"rendered":"Basha: P\u00ebrderisa i thon\u00eb Edvinit &#8216;Edi&#8217;, dhe mua t\u00eb m\u00eb thon\u00eb Luli&#8221;","gt_translate_keys":[{"key":"rendered","format":"text"}]},"content":{"rendered":"<p><a href=\"https:\/\/hashtag.al\/wp-content\/uploads\/2020\/07\/LB.jpg\"><img loading=\"lazy\" decoding=\"async\" class=\"aligncenter size-full wp-image-384908\" src=\"https:\/\/hashtag.al\/wp-content\/uploads\/2020\/07\/LB.jpg\" alt=\"\" width=\"1024\" height=\"683\" srcset=\"https:\/\/www.hashtag.al\/wp-content\/uploads\/2020\/07\/LB.jpg 1024w, https:\/\/www.hashtag.al\/wp-content\/uploads\/2020\/07\/LB-300x200.jpg 300w, https:\/\/www.hashtag.al\/wp-content\/uploads\/2020\/07\/LB-768x512.jpg 768w\" sizes=\"auto, (max-width: 1024px) 100vw, 1024px\" \/><\/a><\/p>\n<p><span style=\"color: #000000;\">Kryedemokrati Lulzim Basha ka komentuar diskutimet lidhur me momentin kur ambasadorja e SHBA-ve Yuri Kim, e thirri at\u00eb n\u00eb em\u00ebr t\u00eb shkurtuar \u2013 Luli.<\/span><\/p>\n<p><span style=\"color: #000000;\">I pyetur p\u00ebr k\u00ebt\u00eb nga gazetari Arjan \u00c7ani, Basha tha se p\u00ebrderisa kryeministrit Edi Rama i th\u00ebrrasin \u201cEdi\u201d shkurt, edhe atij t\u2019i th\u00ebrrasin \u201cLuli\u201d.<\/span><\/p>\n<p><span style=\"color: #000000;\"><em>\u00a0\u201cE sqaroi vet\u00eb ajo, s\u2019ka asgj\u00eb t\u00eb \u00e7uditshme tha. N\u00eb p\u00ebrdorim emrat e pare n\u00eb komunikim. Ajo m\u00eb th\u00ebrret Luli, un\u00eb i them. Po p\u00ebrderisa i thon\u00eb Edvinit Edi, mund t\u2019i thon\u00eb edhe Lulzimit \u2013 Luli, apo jo? \u00c7far\u00eb problem ka? Nuk \u00ebsht\u00eb hera e par\u00eb. Do e sqaroj, edhe Lu, edhe paraardh\u00ebsi i tij m\u00eb kan\u00eb thirrur. Kjo \u00ebsht\u00eb nj\u00eb \u00e7\u00ebshtje aq e mpreht\u00eb e opinionit publik saq\u00eb 30 minutat e ardhshme t\u00eb merremi me k\u00ebt\u00eb \u201d- <\/em>u p\u00ebrgjigj Basha.<\/span><\/p>\n<p><span style=\"color: #000000;\">Analisti Arjan Curri i cili \u00ebsht\u00eb i pranish\u00ebm n\u00eb studio, e cil\u00ebsoi deklarat\u00ebn e Kim si shenj\u00eb afrimiteti me kryedemokratin.<\/span><\/p>\n<p><iframe loading=\"lazy\" title=\"\u00c7ani: Perse Yuri Kim te flet Luli? Basha pergjigjet me ironi\" width=\"1170\" height=\"658\" src=\"https:\/\/www.youtube.com\/embed\/E286yFsig4Y?feature=oembed\" frameborder=\"0\" allow=\"accelerometer; autoplay; clipboard-write; encrypted-media; gyroscope; picture-in-picture\" allowfullscreen><\/iframe><\/p>\n","protected":false,"gt_translate_keys":[{"key":"rendered","format":"html"}]},"excerpt":{"rendered":"<p>Kryedemokrati Lulzim Basha ka komentuar diskutimet lidhur me momentin kur ambasadorja e SHBA-ve Yuri Kim, e thirri at\u00eb n\u00eb em\u00ebr t\u00eb shkurtuar \u2013 Luli. I pyetur p\u00ebr k\u00ebt\u00eb nga gazetari Arjan \u00c7ani, Basha tha se p\u00ebrderisa kryeministrit Edi Rama i th\u00ebrrasin \u201cEdi\u201d shkurt, edhe atij t\u2019i th\u00ebrrasin \u201cLuli\u201d. \u00a0\u201cE sqaroi vet\u00eb ajo, s\u2019ka asgj\u00eb t\u00eb [&hellip;]<\/p>\n","protected":false,"gt_translate_keys":[{"key":"rendered","format":"html"}]},"author":30,"featured_media":384908,"comment_status":"open","ping_status":"open","sticky":false,"template":"","format":"standard","meta":{"footnotes":""},"categories":[65,13],"tags":[],"class_list":["post-384890","post","type-post","status-publish","format-standard","has-post-thumbnail","hentry","category-lajme","category-te-fundit"],"gt_translate_keys":[{"key":"link","format":"url"}],"_links":{"self":[{"href":"https:\/\/www.hashtag.al\/index.php\/wp-json\/wp\/v2\/posts\/384890","targetHints":{"allow":["GET"]}}],"collection":[{"href":"https:\/\/www.hashtag.al\/index.php\/wp-json\/wp\/v2\/posts"}],"about":[{"href":"https:\/\/www.hashtag.al\/index.php\/wp-json\/wp\/v2\/types\/post"}],"author":[{"embeddable":true,"href":"https:\/\/www.hashtag.al\/index.php\/wp-json\/wp\/v2\/users\/30"}],"replies":[{"embeddable":true,"href":"https:\/\/www.hashtag.al\/index.php\/wp-json\/wp\/v2\/comments?post=384890"}],"version-history":[{"count":0,"href":"https:\/\/www.hashtag.al\/index.php\/wp-json\/wp\/v2\/posts\/384890\/revisions"}],"wp:featuredmedia":[{"embeddable":true,"href":"https:\/\/www.hashtag.al\/index.php\/wp-json\/wp\/v2\/media\/384908"}],"wp:attachment":[{"href":"https:\/\/www.hashtag.al\/index.php\/wp-json\/wp\/v2\/media?parent=384890"}],"wp:term":[{"taxonomy":"category","embeddable":true,"href":"https:\/\/www.hashtag.al\/index.php\/wp-json\/wp\/v2\/categories?post=384890"},{"taxonomy":"post_tag","embeddable":true,"href":"https:\/\/www.hashtag.al\/index.php\/wp-json\/wp\/v2\/tags?post=384890"}],"curies":[{"name":"wp","href":"https:\/\/api.w.org\/{rel}","templated":true}]}}