{"id":384790,"date":"2020-07-03T15:29:08","date_gmt":"2020-07-03T13:29:08","guid":{"rendered":"https:\/\/hashtag.al\/?p=384790"},"modified":"2020-07-03T15:29:08","modified_gmt":"2020-07-03T13:29:08","slug":"ne-turqi-nis-procesi-gjyqesor-per-rastin-khashoggi-te-akuzuar-20-qytetare","status":"publish","type":"post","link":"https:\/\/www.hashtag.al\/index.php\/2020\/07\/03\/ne-turqi-nis-procesi-gjyqesor-per-rastin-khashoggi-te-akuzuar-20-qytetare\/","title":{"rendered":"N\u00eb Turqi nis procesi gjyq\u00ebsor p\u00ebr rastin Khashoggi, t\u00eb akuzuar 20 qytetar\u00eb","gt_translate_keys":[{"key":"rendered","format":"text"}]},"content":{"rendered":"<p><img loading=\"lazy\" decoding=\"async\" class=\"aligncenter size-full wp-image-343042\" src=\"https:\/\/hashtag.al\/wp-content\/uploads\/2019\/12\/Khashoggi.jpg\" alt=\"\" width=\"660\" height=\"371\" srcset=\"https:\/\/www.hashtag.al\/wp-content\/uploads\/2019\/12\/Khashoggi.jpg 660w, https:\/\/www.hashtag.al\/wp-content\/uploads\/2019\/12\/Khashoggi-300x169.jpg 300w\" sizes=\"auto, (max-width: 660px) 100vw, 660px\" \/><\/p>\n<p><span style=\"color: #000000;\">T\u00eb premten nj\u00eb gjykat\u00eb turke hapi gjyqin ndaj 20 zyrtar\u00ebve saudit\u00eb, t\u00eb akuzuar p\u00ebr vrasjen e gazetarit, Jamal Khashoggi, nj\u00eb kritik i shquar i udh\u00ebheqjes Saudite.<\/span><\/p>\n<p><span style=\"color: #000000;\">Ai shkruante p\u00ebr gazet\u00ebn amerikane Washington Post. N\u00eb shkrimet e tij Khashoggi ishte shum\u00eb kritik ndaj sundimtarit de fakto t\u00eb Arabis\u00eb Saudite, Princit t\u00eb Kuror\u00ebs, Mohamed bin Salman.<\/span><\/p>\n<p><span style=\"color: #000000;\">Khashoggi, u vra n\u00eb Konsullat\u00ebn Saudite n\u00eb Stamboll n\u00eb muajin tetor t\u00eb vitit 2018.<\/span><\/p>\n<p><span style=\"color: #000000;\">Zyrtar\u00ebt saudit\u00eb kishin th\u00ebn\u00eb se vdekja e tij ishte rezultat i nj\u00eb &#8220;operacioni mashtrues&#8221; dhe nuk ishte urdh\u00ebruar nga shteti.<\/span><\/p>\n<p><span style=\"color: #000000;\">N\u00eb aktakuz\u00ebn e prokuror\u00ebve t\u00eb Stambollit, jan\u00eb t\u00eb p\u00ebrfshir\u00eb edhe ish-n\u00ebnkryetari i inteligjenc\u00ebs s\u00eb p\u00ebrgjithshme t\u00eb Arabis\u00eb Saudite, Ahmed al-Asiri dhe ish k\u00ebshilltari i gjykat\u00ebs mbret\u00ebrore, Saud al-Qahtani, p\u00ebr nxitjen e &#8220;vrasjes me paramendim me q\u00ebllim monstruoz&#8221;.<\/span><\/p>\n<p><span style=\"color: #000000;\">T\u00eb 20 t\u00eb pandehurit pritet t\u00eb gjykohen n\u00eb munges\u00eb.<\/span><\/p>\n<p><span style=\"color: #000000;\">Khashoggi u pa p\u00ebr her\u00eb t\u00eb fundit duke hyr\u00eb n\u00eb konsullat\u00eb p\u00ebr t\u00eb rregulluar dokumente p\u00ebr dasm\u00ebn e tij.<\/span><\/p>\n<p><span style=\"color: #000000;\">Zyrtar\u00ebt turq than\u00eb se ai u vra brenda konsullat\u00ebs dhe trupi i tij ishte shp\u00ebrb\u00ebr\u00eb. Eshtrat e tij nuk jan\u00eb gjetur.<\/span><\/p>\n<p><span style=\"color: #000000;\">&#8220;Shpresoj q\u00eb kjo \u00e7\u00ebshtje penale n\u00eb Turqi t\u00eb nxjerr\u00eb n\u00eb drit\u00eb vendndodhjen e mbetjeve mortore t\u00eb Jamal Khashoggit dhe provat kund\u00ebr vras\u00ebsve&#8221;, tha e fejuara i tij, Hatice Cengiz.<\/span><\/p>\n<p><span style=\"color: #000000;\">Zyrtar\u00ebt e inteligjenc\u00ebs amerikane kan\u00eb th\u00ebn\u00eb se ata mendojn\u00eb se Princi i Kuror\u00ebs urdh\u00ebroi vrasjen e Khashoggit &#8211; nj\u00eb pretendim q\u00eb zyrtar\u00ebt saudit\u00eb e mohojn\u00eb.<\/span><\/p>\n<p><span style=\"color: #000000;\">Departamenti amerikan i Shtetit n\u00eb prill t\u00eb vitit 2019 em\u00ebroi 16 persona p\u00ebr rolin e tyre n\u00eb vdekjen e Khashoggi, t\u00eb cil\u00ebve iu ndalua hyrja n\u00eb Shtetet e Bashkuara.<\/span><\/p>\n<p><span style=\"color: #000000;\">N\u00eb dhjetor nj\u00eb gjykat\u00eb saudite d\u00ebnoi pes\u00eb persona me vdekje, dhe tre me burg p\u00ebr vrasjen e Khashoggit, p\u00ebrmes nj\u00eb procesi gjyq\u00ebsor q\u00eb u zhvillua me dyer t\u00eb mbyllura.<\/span><\/p>\n<p><span style=\"color: #000000;\">Familja e Khashoggit m\u00eb von\u00eb tha se ata i kan\u00eb falur vras\u00ebsit e tij.<\/span><\/p>\n<p>&nbsp;<\/p>\n","protected":false,"gt_translate_keys":[{"key":"rendered","format":"html"}]},"excerpt":{"rendered":"<p>T\u00eb premten nj\u00eb gjykat\u00eb turke hapi gjyqin ndaj 20 zyrtar\u00ebve saudit\u00eb, t\u00eb akuzuar p\u00ebr vrasjen e gazetarit, Jamal Khashoggi, nj\u00eb kritik i shquar i udh\u00ebheqjes Saudite. Ai shkruante p\u00ebr gazet\u00ebn amerikane Washington Post. N\u00eb shkrimet e tij Khashoggi ishte shum\u00eb kritik ndaj sundimtarit de fakto t\u00eb Arabis\u00eb Saudite, Princit t\u00eb Kuror\u00ebs, Mohamed bin Salman. Khashoggi, [&hellip;]<\/p>\n","protected":false,"gt_translate_keys":[{"key":"rendered","format":"html"}]},"author":32,"featured_media":324940,"comment_status":"open","ping_status":"open","sticky":false,"template":"","format":"standard","meta":{"footnotes":""},"categories":[6,13],"tags":[],"class_list":["post-384790","post","type-post","status-publish","format-standard","has-post-thumbnail","hentry","category-nderkombetare","category-te-fundit"],"gt_translate_keys":[{"key":"link","format":"url"}],"_links":{"self":[{"href":"https:\/\/www.hashtag.al\/index.php\/wp-json\/wp\/v2\/posts\/384790","targetHints":{"allow":["GET"]}}],"collection":[{"href":"https:\/\/www.hashtag.al\/index.php\/wp-json\/wp\/v2\/posts"}],"about":[{"href":"https:\/\/www.hashtag.al\/index.php\/wp-json\/wp\/v2\/types\/post"}],"author":[{"embeddable":true,"href":"https:\/\/www.hashtag.al\/index.php\/wp-json\/wp\/v2\/users\/32"}],"replies":[{"embeddable":true,"href":"https:\/\/www.hashtag.al\/index.php\/wp-json\/wp\/v2\/comments?post=384790"}],"version-history":[{"count":0,"href":"https:\/\/www.hashtag.al\/index.php\/wp-json\/wp\/v2\/posts\/384790\/revisions"}],"wp:featuredmedia":[{"embeddable":true,"href":"https:\/\/www.hashtag.al\/index.php\/wp-json\/wp\/v2\/media\/324940"}],"wp:attachment":[{"href":"https:\/\/www.hashtag.al\/index.php\/wp-json\/wp\/v2\/media?parent=384790"}],"wp:term":[{"taxonomy":"category","embeddable":true,"href":"https:\/\/www.hashtag.al\/index.php\/wp-json\/wp\/v2\/categories?post=384790"},{"taxonomy":"post_tag","embeddable":true,"href":"https:\/\/www.hashtag.al\/index.php\/wp-json\/wp\/v2\/tags?post=384790"}],"curies":[{"name":"wp","href":"https:\/\/api.w.org\/{rel}","templated":true}]}}