{"id":384697,"date":"2020-07-02T21:35:50","date_gmt":"2020-07-02T19:35:50","guid":{"rendered":"https:\/\/hashtag.al\/?p=384697"},"modified":"2020-07-02T21:35:50","modified_gmt":"2020-07-02T19:35:50","slug":"nene-e-bije-gjenden-te-pajeta-ne-banese-drejtori-i-policise-se-tiranes-mendohet-per-veteflijim-gjetem-shenime-me-permbajtje-fetare","status":"publish","type":"post","link":"https:\/\/www.hashtag.al\/index.php\/2020\/07\/02\/nene-e-bije-gjenden-te-pajeta-ne-banese-drejtori-i-policise-se-tiranes-mendohet-per-veteflijim-gjetem-shenime-me-permbajtje-fetare\/","title":{"rendered":"N\u00ebn\u00eb e bij\u00eb gjenden t\u00eb pajeta n\u00eb banes\u00eb\/ Drejtori i policis\u00eb s\u00eb Tiran\u00ebs: Mendohet p\u00ebr vet\u00ebflijim, gjet\u00ebm sh\u00ebnime me p\u00ebrmbajtje fetare","gt_translate_keys":[{"key":"rendered","format":"text"}]},"content":{"rendered":"<p><img loading=\"lazy\" decoding=\"async\" class=\"aligncenter size-full wp-image-384698\" src=\"https:\/\/hashtag.al\/wp-content\/uploads\/2020\/07\/jaupi.png\" alt=\"\" width=\"567\" height=\"284\" srcset=\"https:\/\/www.hashtag.al\/wp-content\/uploads\/2020\/07\/jaupi.png 567w, https:\/\/www.hashtag.al\/wp-content\/uploads\/2020\/07\/jaupi-300x150.png 300w\" sizes=\"auto, (max-width: 567px) 100vw, 567px\" \/><\/p>\n<p><span style=\"color: #000000;\">Drejtori i policis\u00eb s\u00eb Tiran\u00ebs, Rebani Jaupi, i ndodhur n\u00eb vendin e ngjarjes, ku u gjet\u00ebn e t\u00eb pajeta n\u00ebn\u00eb e bij\u00eb brenda banes\u00ebs dhe n\u00eb gjendje t\u00eb r\u00ebnd\u00eb vajza tjet\u00ebr, deklaroi se deri m\u00eb tani mendohet se viktimat t\u00eb jen\u00eb vet\u00ebflijuar.<\/span><\/p>\n<p><span style=\"color: #000000;\">Sipas tij n\u00eb vendin e ngjarjes jan\u00eb gjetur sh\u00ebnime me p\u00ebrmbajtje fetare si edhe ka pasur shenja t\u00eb mos-ushqyerjes.<\/span><\/p>\n<p><span style=\"color: #000000;\">&#8220;<em>V\u00ebllai i viktim\u00ebs ka njoftuar n\u00eb polici se nuk kam kontakt me motr\u00ebn dhe dy mbesat e mia. \u00cbsht\u00eb njoftuar zjarrfik\u00ebsja. U ngrit \u00a0hetimor. Shkuam n\u00eb banes\u00eb dhe n\u00eb pamund\u00ebsi p\u00ebr t\u00eb hapur der\u00ebn kemi hyr\u00eb nga dritarja. \u00a0Menj\u00ebher\u00eb konstatuam t\u00eb zonj\u00ebn e sht\u00ebpis\u00eb t\u00eb vdekur, nj\u00eb nga vajzat n\u00eb gjendje kritike dhe n\u00eb nj\u00eb ambient tjet\u00ebr n\u00eb krevat \u00ebsht\u00eb gjetur e mbuluar me batanije dhe jorgan vajza tjet\u00ebr. Po kryhen veprime n\u00eb vendngjarje. Sipas ekspertit mjeko ligjor dy viktimat nuk kan\u00eb shenja dhuna dhe dyshohet se jan\u00eb vet\u00ebflijuar. Do tju njoftojm\u00eb konkluzionet e mjekut ligjor. Mendohet p\u00ebr nj\u00eb vet\u00ebflijim. Kemi gjetur sh\u00ebnime t\u00eb ndryshme, me p\u00ebrmbajtje fetare. Do t\u00eb b\u00ebhet ekspertimi i telefonave dhe kompjuter\u00ebt. T\u00eb dy vajzat kan\u00eb qen\u00eb t\u00eb arsimuara, por kan\u00eb qen\u00eb t\u00eb papuna. Ka pasur shenja t\u00eb mosushqyerjes dit\u00ebt e fundit<\/em>&#8220;-tha Jaupaj.<\/span><\/p>\n","protected":false,"gt_translate_keys":[{"key":"rendered","format":"html"}]},"excerpt":{"rendered":"<p>Drejtori i policis\u00eb s\u00eb Tiran\u00ebs, Rebani Jaupi, i ndodhur n\u00eb vendin e ngjarjes, ku u gjet\u00ebn e t\u00eb pajeta n\u00ebn\u00eb e bij\u00eb brenda banes\u00ebs dhe n\u00eb gjendje t\u00eb r\u00ebnd\u00eb vajza tjet\u00ebr, deklaroi se deri m\u00eb tani mendohet se viktimat t\u00eb jen\u00eb vet\u00ebflijuar. Sipas tij n\u00eb vendin e ngjarjes jan\u00eb gjetur sh\u00ebnime me p\u00ebrmbajtje fetare si [&hellip;]<\/p>\n","protected":false,"gt_translate_keys":[{"key":"rendered","format":"html"}]},"author":32,"featured_media":384698,"comment_status":"open","ping_status":"open","sticky":false,"template":"","format":"standard","meta":{"footnotes":""},"categories":[65,13],"tags":[],"class_list":["post-384697","post","type-post","status-publish","format-standard","has-post-thumbnail","hentry","category-lajme","category-te-fundit"],"gt_translate_keys":[{"key":"link","format":"url"}],"_links":{"self":[{"href":"https:\/\/www.hashtag.al\/index.php\/wp-json\/wp\/v2\/posts\/384697","targetHints":{"allow":["GET"]}}],"collection":[{"href":"https:\/\/www.hashtag.al\/index.php\/wp-json\/wp\/v2\/posts"}],"about":[{"href":"https:\/\/www.hashtag.al\/index.php\/wp-json\/wp\/v2\/types\/post"}],"author":[{"embeddable":true,"href":"https:\/\/www.hashtag.al\/index.php\/wp-json\/wp\/v2\/users\/32"}],"replies":[{"embeddable":true,"href":"https:\/\/www.hashtag.al\/index.php\/wp-json\/wp\/v2\/comments?post=384697"}],"version-history":[{"count":0,"href":"https:\/\/www.hashtag.al\/index.php\/wp-json\/wp\/v2\/posts\/384697\/revisions"}],"wp:featuredmedia":[{"embeddable":true,"href":"https:\/\/www.hashtag.al\/index.php\/wp-json\/wp\/v2\/media\/384698"}],"wp:attachment":[{"href":"https:\/\/www.hashtag.al\/index.php\/wp-json\/wp\/v2\/media?parent=384697"}],"wp:term":[{"taxonomy":"category","embeddable":true,"href":"https:\/\/www.hashtag.al\/index.php\/wp-json\/wp\/v2\/categories?post=384697"},{"taxonomy":"post_tag","embeddable":true,"href":"https:\/\/www.hashtag.al\/index.php\/wp-json\/wp\/v2\/tags?post=384697"}],"curies":[{"name":"wp","href":"https:\/\/api.w.org\/{rel}","templated":true}]}}