{"id":384626,"date":"2020-07-02T16:39:18","date_gmt":"2020-07-02T14:39:18","guid":{"rendered":"https:\/\/hashtag.al\/?p=384626"},"modified":"2020-07-02T16:32:30","modified_gmt":"2020-07-02T14:32:30","slug":"dita-e-zeze-e-maqedonise-se-veriut-numeron-15-viktima-nga-koronavirusi-24-oret-e-fundit","status":"publish","type":"post","link":"https:\/\/www.hashtag.al\/index.php\/2020\/07\/02\/dita-e-zeze-e-maqedonise-se-veriut-numeron-15-viktima-nga-koronavirusi-24-oret-e-fundit\/","title":{"rendered":"Dita &#8220;e zez\u00eb&#8221; e Maqedonis\u00eb s\u00eb Veriut, num\u00ebron 15 viktima nga koronavirusi 24 or\u00ebt e fundit","gt_translate_keys":[{"key":"rendered","format":"text"}]},"content":{"rendered":"<p><a href=\"https:\/\/hashtag.al\/?attachment_id=384627\" rel=\"attachment wp-att-384627\"><img loading=\"lazy\" decoding=\"async\" class=\"aligncenter wp-image-384627 size-full\" src=\"https:\/\/hashtag.al\/wp-content\/uploads\/2020\/07\/maqedoniaeveriut-covid.jpg\" alt=\"\" width=\"1600\" height=\"901\" srcset=\"https:\/\/www.hashtag.al\/wp-content\/uploads\/2020\/07\/maqedoniaeveriut-covid.jpg 1600w, https:\/\/www.hashtag.al\/wp-content\/uploads\/2020\/07\/maqedoniaeveriut-covid-300x169.jpg 300w, https:\/\/www.hashtag.al\/wp-content\/uploads\/2020\/07\/maqedoniaeveriut-covid-768x432.jpg 768w, https:\/\/www.hashtag.al\/wp-content\/uploads\/2020\/07\/maqedoniaeveriut-covid-1024x577.jpg 1024w\" sizes=\"auto, (max-width: 1600px) 100vw, 1600px\" \/><\/a><\/p>\n<p><span style=\"color: #000000;\">Maqedonia e Veriut ka regjistruar dit\u00ebn e sotme bilancin m\u00eb negativ p\u00ebr sa u p\u00ebrket viktimave t\u00eb shkaktuara lidhur me Covid-19. <\/span><\/p>\n<p><span style=\"color: #000000;\">Si\u00e7 raporton Alsat, n\u00eb 24 or\u00ebt e fundit num\u00ebrohen 15 viktima, 8 prej t\u00eb cilave n\u00eb Shkup, nga dy n\u00eb Tetov\u00eb, Strug\u00eb e Gostivar dhe 1 n\u00eb Oh\u00ebr. <\/span><\/p>\n<p><span style=\"color: #000000;\">Po k\u00ebshtu media e vendt fqinj raporton se n\u00eb 24 or\u00ebt e fundit jan\u00eb kryer 1653 testime prej t\u00eb cilave kan\u00eb rezultuar pozitive 173 raste. <\/span><\/p>\n<p><span style=\"color: #000000;\">Numri i p\u00ebrgjith\u00ebm i viktimave lidhur me Covid-19 n\u00eb Maqedonin\u00eb e Veriut ka shkuar n\u00eb 321, duke qen\u00eb nj\u00eb nga vendet me bilancin m\u00eb t\u00eb keq n\u00eb rajon, ai t\u00eb prekurve 6625 dhe i rasteve aktive 3556.<\/span><\/p>\n","protected":false,"gt_translate_keys":[{"key":"rendered","format":"html"}]},"excerpt":{"rendered":"<p>Maqedonia e Veriut ka regjistruar dit\u00ebn e sotme bilancin m\u00eb negativ p\u00ebr sa u p\u00ebrket viktimave t\u00eb shkaktuara lidhur me Covid-19. Si\u00e7 raporton Alsat, n\u00eb 24 or\u00ebt e fundit num\u00ebrohen 15 viktima, 8 prej t\u00eb cilave n\u00eb Shkup, nga dy n\u00eb Tetov\u00eb, Strug\u00eb e Gostivar dhe 1 n\u00eb Oh\u00ebr. Po k\u00ebshtu media e vendt fqinj [&hellip;]<\/p>\n","protected":false,"gt_translate_keys":[{"key":"rendered","format":"html"}]},"author":51,"featured_media":384627,"comment_status":"open","ping_status":"open","sticky":false,"template":"","format":"standard","meta":{"footnotes":""},"categories":[149],"tags":[],"class_list":["post-384626","post","type-post","status-publish","format-standard","has-post-thumbnail","hentry","category-kosoverajon"],"gt_translate_keys":[{"key":"link","format":"url"}],"_links":{"self":[{"href":"https:\/\/www.hashtag.al\/index.php\/wp-json\/wp\/v2\/posts\/384626","targetHints":{"allow":["GET"]}}],"collection":[{"href":"https:\/\/www.hashtag.al\/index.php\/wp-json\/wp\/v2\/posts"}],"about":[{"href":"https:\/\/www.hashtag.al\/index.php\/wp-json\/wp\/v2\/types\/post"}],"author":[{"embeddable":true,"href":"https:\/\/www.hashtag.al\/index.php\/wp-json\/wp\/v2\/users\/51"}],"replies":[{"embeddable":true,"href":"https:\/\/www.hashtag.al\/index.php\/wp-json\/wp\/v2\/comments?post=384626"}],"version-history":[{"count":0,"href":"https:\/\/www.hashtag.al\/index.php\/wp-json\/wp\/v2\/posts\/384626\/revisions"}],"wp:featuredmedia":[{"embeddable":true,"href":"https:\/\/www.hashtag.al\/index.php\/wp-json\/wp\/v2\/media\/384627"}],"wp:attachment":[{"href":"https:\/\/www.hashtag.al\/index.php\/wp-json\/wp\/v2\/media?parent=384626"}],"wp:term":[{"taxonomy":"category","embeddable":true,"href":"https:\/\/www.hashtag.al\/index.php\/wp-json\/wp\/v2\/categories?post=384626"},{"taxonomy":"post_tag","embeddable":true,"href":"https:\/\/www.hashtag.al\/index.php\/wp-json\/wp\/v2\/tags?post=384626"}],"curies":[{"name":"wp","href":"https:\/\/api.w.org\/{rel}","templated":true}]}}