{"id":384609,"date":"2020-07-02T15:15:07","date_gmt":"2020-07-02T13:15:07","guid":{"rendered":"https:\/\/hashtag.al\/?p=384609"},"modified":"2020-07-02T15:17:24","modified_gmt":"2020-07-02T13:17:24","slug":"arben-shehu-zyrtarisht-kreu-i-ri-i-klsh-se-merr-108-vota-ne-parlament","status":"publish","type":"post","link":"https:\/\/www.hashtag.al\/index.php\/2020\/07\/02\/arben-shehu-zyrtarisht-kreu-i-ri-i-klsh-se-merr-108-vota-ne-parlament\/","title":{"rendered":"Arben Shehu zyrtarisht kreu i ri i KLSH-s\u00eb, merr 108 vota n\u00eb parlament","gt_translate_keys":[{"key":"rendered","format":"text"}]},"content":{"rendered":"<p><span style=\"color: #000000;\"><a style=\"color: #000000;\" href=\"https:\/\/hashtag.al\/index.php\/2020\/07\/02\/arben-shehu-zyrtarisht-kreu-i-ri-i-klsh-se-merr-108-vota-ne-parlament\/arben-2\/\" rel=\"attachment wp-att-384610\"><img loading=\"lazy\" decoding=\"async\" class=\"aligncenter size-full wp-image-384610\" src=\"https:\/\/hashtag.al\/wp-content\/uploads\/2020\/07\/arben.jpg\" alt=\"\" width=\"660\" height=\"330\" srcset=\"https:\/\/www.hashtag.al\/wp-content\/uploads\/2020\/07\/arben.jpg 660w, https:\/\/www.hashtag.al\/wp-content\/uploads\/2020\/07\/arben-300x150.jpg 300w\" sizes=\"auto, (max-width: 660px) 100vw, 660px\" \/><\/a><\/span><\/p>\n<p><span style=\"color: #000000;\">Arben Shehu \u00ebsht\u00eb zyrtarisht kreu i ri i Kontrollit t\u00eb Lart\u00eb t\u00eb Shtetit. <\/span><\/p>\n<p><span style=\"color: #000000;\">Kandidatura e propozuar nga presidenti Meta pak koh\u00eb m\u00eb par\u00eb ka marr\u00eb 108 vota n\u00eb seanc\u00ebn e dit\u00ebs s\u00eb sotme. <\/span><\/p>\n<p><span style=\"color: #000000;\">Pas votimit Shehu ka fal\u00ebnderuar deputet\u00ebt.<\/span><\/p>\n<p><span style=\"color: #000000;\"><em>\u201cFaleminderit p\u00ebr besimin\u201d<\/em> \u2013 ka th\u00ebn\u00eb Shehu gjat\u00eb seanc\u00ebs s\u00eb sotme menj\u00ebher\u00eb pas votimit.<\/span><\/p>\n<p><span style=\"color: #000000;\">Ai ishte kandidatura e kat\u00ebrt e presidentit Meta p\u00ebr kreun e KLSH-s\u00eb pas p\u00ebrfundimit t\u00eb mandatit t\u00eb Bujar Leskajt.<\/span><\/p>\n<p><span style=\"color: #000000;\">Shehu \u00ebsht\u00eb pedagog prej 16 vitesh n\u00eb Fakultetin e Drejt\u00ebsis\u00eb nd\u00ebrsa \u00ebsht\u00eb i diplomuar edhe n\u00eb deg\u00ebn Administrim-Biznesi n\u00eb vitin 2018.<\/span><\/p>\n<p><span style=\"color: #000000;\">Ai ka nj\u00eb mast\u00ebr ne shkencat penale si dhe \u00ebsht\u00eb Doktor i Shkencave Ligjore n\u00eb fush\u00ebn e krimit t\u00eb organizuar.<\/span><\/p>\n","protected":false,"gt_translate_keys":[{"key":"rendered","format":"html"}]},"excerpt":{"rendered":"<p>Arben Shehu \u00ebsht\u00eb zyrtarisht kreu i ri i Kontrollit t\u00eb Lart\u00eb t\u00eb Shtetit. Kandidatura e propozuar nga presidenti Meta pak koh\u00eb m\u00eb par\u00eb ka marr\u00eb 108 vota n\u00eb seanc\u00ebn e dit\u00ebs s\u00eb sotme. Pas votimit Shehu ka fal\u00ebnderuar deputet\u00ebt. \u201cFaleminderit p\u00ebr besimin\u201d \u2013 ka th\u00ebn\u00eb Shehu gjat\u00eb seanc\u00ebs s\u00eb sotme menj\u00ebher\u00eb pas votimit. Ai ishte [&hellip;]<\/p>\n","protected":false,"gt_translate_keys":[{"key":"rendered","format":"html"}]},"author":51,"featured_media":384610,"comment_status":"open","ping_status":"open","sticky":false,"template":"","format":"standard","meta":{"footnotes":""},"categories":[65,13],"tags":[],"class_list":["post-384609","post","type-post","status-publish","format-standard","has-post-thumbnail","hentry","category-lajme","category-te-fundit"],"gt_translate_keys":[{"key":"link","format":"url"}],"_links":{"self":[{"href":"https:\/\/www.hashtag.al\/index.php\/wp-json\/wp\/v2\/posts\/384609","targetHints":{"allow":["GET"]}}],"collection":[{"href":"https:\/\/www.hashtag.al\/index.php\/wp-json\/wp\/v2\/posts"}],"about":[{"href":"https:\/\/www.hashtag.al\/index.php\/wp-json\/wp\/v2\/types\/post"}],"author":[{"embeddable":true,"href":"https:\/\/www.hashtag.al\/index.php\/wp-json\/wp\/v2\/users\/51"}],"replies":[{"embeddable":true,"href":"https:\/\/www.hashtag.al\/index.php\/wp-json\/wp\/v2\/comments?post=384609"}],"version-history":[{"count":0,"href":"https:\/\/www.hashtag.al\/index.php\/wp-json\/wp\/v2\/posts\/384609\/revisions"}],"wp:featuredmedia":[{"embeddable":true,"href":"https:\/\/www.hashtag.al\/index.php\/wp-json\/wp\/v2\/media\/384610"}],"wp:attachment":[{"href":"https:\/\/www.hashtag.al\/index.php\/wp-json\/wp\/v2\/media?parent=384609"}],"wp:term":[{"taxonomy":"category","embeddable":true,"href":"https:\/\/www.hashtag.al\/index.php\/wp-json\/wp\/v2\/categories?post=384609"},{"taxonomy":"post_tag","embeddable":true,"href":"https:\/\/www.hashtag.al\/index.php\/wp-json\/wp\/v2\/tags?post=384609"}],"curies":[{"name":"wp","href":"https:\/\/api.w.org\/{rel}","templated":true}]}}