{"id":384599,"date":"2020-07-02T14:32:02","date_gmt":"2020-07-02T12:32:02","guid":{"rendered":"https:\/\/hashtag.al\/?p=384599"},"modified":"2020-07-02T14:32:15","modified_gmt":"2020-07-02T12:32:15","slug":"kerkohet-nga-ankaraja-zyrtare-shqiperia-i-refuzon-azilin-shtetasit-turk","status":"publish","type":"post","link":"https:\/\/www.hashtag.al\/index.php\/2020\/07\/02\/kerkohet-nga-ankaraja-zyrtare-shqiperia-i-refuzon-azilin-shtetasit-turk\/","title":{"rendered":"K\u00ebrkohet nga Ankaraja zyrtare, Shqip\u00ebria i refuzon azilin shtetasit turk","gt_translate_keys":[{"key":"rendered","format":"text"}]},"content":{"rendered":"<p><a href=\"https:\/\/hashtag.al\/index.php\/2020\/07\/02\/kerkohet-nga-ankaraja-zyrtare-shqiperia-i-refuzon-azilin-shtetasit-turk\/selamisimses-jpg2\/\" rel=\"attachment wp-att-384601\"><img loading=\"lazy\" decoding=\"async\" class=\"aligncenter wp-image-384601 size-full\" src=\"https:\/\/hashtag.al\/wp-content\/uploads\/2020\/07\/selamisimses.jpg2_-e1593692972333.jpg\" alt=\"\" width=\"1459\" height=\"1080\" srcset=\"https:\/\/www.hashtag.al\/wp-content\/uploads\/2020\/07\/selamisimses.jpg2_-e1593692972333.jpg 1459w, https:\/\/www.hashtag.al\/wp-content\/uploads\/2020\/07\/selamisimses.jpg2_-e1593692972333-300x222.jpg 300w, https:\/\/www.hashtag.al\/wp-content\/uploads\/2020\/07\/selamisimses.jpg2_-e1593692972333-768x568.jpg 768w, https:\/\/www.hashtag.al\/wp-content\/uploads\/2020\/07\/selamisimses.jpg2_-e1593692972333-1024x758.jpg 1024w\" sizes=\"auto, (max-width: 1459px) 100vw, 1459px\" \/><\/a><\/p>\n<p><span style=\"color: #000000;\">Shtetasit turk Selami Simsek i \u00ebsht\u00eb refuzuar azili politik n\u00eb Shqip\u00ebri. <\/span><\/p>\n<p><span style=\"color: #000000;\">Ai ishte d\u00ebnuar me 1 vit burg n\u00eb muajin mars p\u00ebr falsifikim vizash po fitoi lirin\u00eb n\u00eb Apel. <\/span><\/p>\n<p><span style=\"color: #000000;\">Simsek njihet si mb\u00ebshtet\u00ebs i Fethullah Gylen dhe k\u00ebrkohet nga autoritetet turke pas akuzohet si i p\u00ebrfshir\u00eb n\u00eb grushtin e shtetit t\u00eb ndodhur n\u00eb Turqi n\u00eb korrik t\u00eb vitit 2016.<\/span><\/p>\n","protected":false,"gt_translate_keys":[{"key":"rendered","format":"html"}]},"excerpt":{"rendered":"<p>Shtetasit turk Selami Simsek i \u00ebsht\u00eb refuzuar azili politik n\u00eb Shqip\u00ebri. Ai ishte d\u00ebnuar me 1 vit burg n\u00eb muajin mars p\u00ebr falsifikim vizash po fitoi lirin\u00eb n\u00eb Apel. Simsek njihet si mb\u00ebshtet\u00ebs i Fethullah Gylen dhe k\u00ebrkohet nga autoritetet turke pas akuzohet si i p\u00ebrfshir\u00eb n\u00eb grushtin e shtetit t\u00eb ndodhur n\u00eb Turqi n\u00eb [&hellip;]<\/p>\n","protected":false,"gt_translate_keys":[{"key":"rendered","format":"html"}]},"author":51,"featured_media":384601,"comment_status":"open","ping_status":"open","sticky":false,"template":"","format":"standard","meta":{"footnotes":""},"categories":[65,13],"tags":[],"class_list":["post-384599","post","type-post","status-publish","format-standard","has-post-thumbnail","hentry","category-lajme","category-te-fundit"],"gt_translate_keys":[{"key":"link","format":"url"}],"_links":{"self":[{"href":"https:\/\/www.hashtag.al\/index.php\/wp-json\/wp\/v2\/posts\/384599","targetHints":{"allow":["GET"]}}],"collection":[{"href":"https:\/\/www.hashtag.al\/index.php\/wp-json\/wp\/v2\/posts"}],"about":[{"href":"https:\/\/www.hashtag.al\/index.php\/wp-json\/wp\/v2\/types\/post"}],"author":[{"embeddable":true,"href":"https:\/\/www.hashtag.al\/index.php\/wp-json\/wp\/v2\/users\/51"}],"replies":[{"embeddable":true,"href":"https:\/\/www.hashtag.al\/index.php\/wp-json\/wp\/v2\/comments?post=384599"}],"version-history":[{"count":0,"href":"https:\/\/www.hashtag.al\/index.php\/wp-json\/wp\/v2\/posts\/384599\/revisions"}],"wp:featuredmedia":[{"embeddable":true,"href":"https:\/\/www.hashtag.al\/index.php\/wp-json\/wp\/v2\/media\/384601"}],"wp:attachment":[{"href":"https:\/\/www.hashtag.al\/index.php\/wp-json\/wp\/v2\/media?parent=384599"}],"wp:term":[{"taxonomy":"category","embeddable":true,"href":"https:\/\/www.hashtag.al\/index.php\/wp-json\/wp\/v2\/categories?post=384599"},{"taxonomy":"post_tag","embeddable":true,"href":"https:\/\/www.hashtag.al\/index.php\/wp-json\/wp\/v2\/tags?post=384599"}],"curies":[{"name":"wp","href":"https:\/\/api.w.org\/{rel}","templated":true}]}}