{"id":384584,"date":"2020-07-02T13:40:13","date_gmt":"2020-07-02T11:40:13","guid":{"rendered":"https:\/\/hashtag.al\/?p=384584"},"modified":"2020-07-02T13:40:25","modified_gmt":"2020-07-02T11:40:25","slug":"murrizi-e-deputetet-e-opozites-bllokojne-foltoren-ruci-nderpret-seancen","status":"publish","type":"post","link":"https:\/\/www.hashtag.al\/index.php\/2020\/07\/02\/murrizi-e-deputetet-e-opozites-bllokojne-foltoren-ruci-nderpret-seancen\/","title":{"rendered":"Murrizi e deputet\u00ebt e opozit\u00ebs bllokojn\u00eb foltoren, Ru\u00e7i nd\u00ebrpret seanc\u00ebn","gt_translate_keys":[{"key":"rendered","format":"text"}]},"content":{"rendered":"<p><a href=\"https:\/\/hashtag.al\/index.php\/2020\/07\/02\/murrizi-e-deputetet-e-opozites-bllokojne-foltoren-ruci-nderpret-seancen\/lymmurrizi\/\" rel=\"attachment wp-att-384585\"><img loading=\"lazy\" decoding=\"async\" class=\"aligncenter size-full wp-image-384585\" src=\"https:\/\/hashtag.al\/wp-content\/uploads\/2020\/07\/lymmurrizi.jpg\" alt=\"\" width=\"1024\" height=\"683\" srcset=\"https:\/\/www.hashtag.al\/wp-content\/uploads\/2020\/07\/lymmurrizi.jpg 1024w, https:\/\/www.hashtag.al\/wp-content\/uploads\/2020\/07\/lymmurrizi-300x200.jpg 300w, https:\/\/www.hashtag.al\/wp-content\/uploads\/2020\/07\/lymmurrizi-768x512.jpg 768w\" sizes=\"auto, (max-width: 1024px) 100vw, 1024px\" \/><\/a><\/p>\n<p><span style=\"color: #000000;\">N\u00ebnkryetari i parlamentit Murrizi dhe disa deputet\u00eb t\u00eb opozit\u00ebs bllokua foltoren e Kuvendit p\u00ebr disa minuta duke b\u00ebr\u00eb q\u00eb kryeparlamentari Ru\u00e7i t\u00eb nd\u00ebrpres\u00eb seanc\u00ebs p\u00ebr disa minuta. <\/span><\/p>\n<p><span style=\"color: #000000;\">Murrizi k\u00ebrkoi m\u00eb shum\u00eb koh\u00eb p\u00ebr opozit\u00ebn p\u00ebr t\u00eb diskutuar. <\/span><\/p>\n<p><span style=\"color: #000000;\">Pas k\u00ebsaj Ru\u00e7i e nd\u00ebrpreu seanc\u00ebn.<\/span><\/p>\n","protected":false,"gt_translate_keys":[{"key":"rendered","format":"html"}]},"excerpt":{"rendered":"<p>N\u00ebnkryetari i parlamentit Murrizi dhe disa deputet\u00eb t\u00eb opozit\u00ebs bllokua foltoren e Kuvendit p\u00ebr disa minuta duke b\u00ebr\u00eb q\u00eb kryeparlamentari Ru\u00e7i t\u00eb nd\u00ebrpres\u00eb seanc\u00ebs p\u00ebr disa minuta. Murrizi k\u00ebrkoi m\u00eb shum\u00eb koh\u00eb p\u00ebr opozit\u00ebn p\u00ebr t\u00eb diskutuar. Pas k\u00ebsaj Ru\u00e7i e nd\u00ebrpreu seanc\u00ebn.<\/p>\n","protected":false,"gt_translate_keys":[{"key":"rendered","format":"html"}]},"author":51,"featured_media":384585,"comment_status":"open","ping_status":"open","sticky":false,"template":"","format":"standard","meta":{"footnotes":""},"categories":[65,13],"tags":[],"class_list":["post-384584","post","type-post","status-publish","format-standard","has-post-thumbnail","hentry","category-lajme","category-te-fundit"],"gt_translate_keys":[{"key":"link","format":"url"}],"_links":{"self":[{"href":"https:\/\/www.hashtag.al\/index.php\/wp-json\/wp\/v2\/posts\/384584","targetHints":{"allow":["GET"]}}],"collection":[{"href":"https:\/\/www.hashtag.al\/index.php\/wp-json\/wp\/v2\/posts"}],"about":[{"href":"https:\/\/www.hashtag.al\/index.php\/wp-json\/wp\/v2\/types\/post"}],"author":[{"embeddable":true,"href":"https:\/\/www.hashtag.al\/index.php\/wp-json\/wp\/v2\/users\/51"}],"replies":[{"embeddable":true,"href":"https:\/\/www.hashtag.al\/index.php\/wp-json\/wp\/v2\/comments?post=384584"}],"version-history":[{"count":0,"href":"https:\/\/www.hashtag.al\/index.php\/wp-json\/wp\/v2\/posts\/384584\/revisions"}],"wp:featuredmedia":[{"embeddable":true,"href":"https:\/\/www.hashtag.al\/index.php\/wp-json\/wp\/v2\/media\/384585"}],"wp:attachment":[{"href":"https:\/\/www.hashtag.al\/index.php\/wp-json\/wp\/v2\/media?parent=384584"}],"wp:term":[{"taxonomy":"category","embeddable":true,"href":"https:\/\/www.hashtag.al\/index.php\/wp-json\/wp\/v2\/categories?post=384584"},{"taxonomy":"post_tag","embeddable":true,"href":"https:\/\/www.hashtag.al\/index.php\/wp-json\/wp\/v2\/tags?post=384584"}],"curies":[{"name":"wp","href":"https:\/\/api.w.org\/{rel}","templated":true}]}}