{"id":384347,"date":"2020-07-01T13:03:47","date_gmt":"2020-07-01T11:03:47","guid":{"rendered":"https:\/\/hashtag.al\/?p=384347"},"modified":"2020-07-01T13:06:28","modified_gmt":"2020-07-01T11:06:28","slug":"petro-koci-le-partine-e-tij-dhe-rikthehet-ne-ps-posti-i-ri-qe-i-japin","status":"publish","type":"post","link":"https:\/\/www.hashtag.al\/index.php\/2020\/07\/01\/petro-koci-le-partine-e-tij-dhe-rikthehet-ne-ps-posti-i-ri-qe-i-japin\/","title":{"rendered":"Petro Ko\u00e7i l\u00eb partin\u00eb e tij dhe rikthehet n\u00eb PS, posti i ri q\u00eb i japin","gt_translate_keys":[{"key":"rendered","format":"text"}]},"content":{"rendered":"<p><span style=\"color: #000000;\"><a href=\"https:\/\/hashtag.al\/wp-content\/uploads\/2020\/07\/Petro-Koci.jpg\"><img loading=\"lazy\" decoding=\"async\" class=\"aligncenter size-full wp-image-384349\" src=\"https:\/\/hashtag.al\/wp-content\/uploads\/2020\/07\/Petro-Koci.jpg\" alt=\"\" width=\"960\" height=\"640\" srcset=\"https:\/\/www.hashtag.al\/wp-content\/uploads\/2020\/07\/Petro-Koci.jpg 960w, https:\/\/www.hashtag.al\/wp-content\/uploads\/2020\/07\/Petro-Koci-300x200.jpg 300w, https:\/\/www.hashtag.al\/wp-content\/uploads\/2020\/07\/Petro-Koci-768x512.jpg 768w\" sizes=\"auto, (max-width: 960px) 100vw, 960px\" \/><\/a>Petro Ko\u00e7i ka hequr dor\u00eb nga kryesimi i partis\u00eb s\u00eb tij dhe \u00ebsht\u00eb rikthyer tek Partia Socialiste. Lajmi u b\u00eb i ditur nga Elisa Spiropali, e cila \u00ebsht\u00eb ministre e shtetit p\u00ebr marr\u00ebdh\u00ebniet me Parlamentin.<\/span><\/p>\n<p><span style=\"color: #000000;\">Ajo tha se Ko\u00e7i do t\u00eb mbaj\u00eb postin e kryetarit t\u00eb ri t\u00eb K\u00ebshillit Socialist n\u00eb nj\u00ebsin\u00eb Nr. 6, n\u00eb Tiran\u00eb.<\/span><\/p>\n<p><em><span style=\"color: #000000;\">\u201cK\u00ebnaq\u00ebsi q\u00eb bashk\u00eb me Blerin\u00ebn dhe Ervinin, prezantuam Petro Ko\u00e7in, kryetarin e ri t\u00eb K\u00ebshillit Socialist t\u00eb nj\u00ebsis\u00eb 6. Petro s\u2019ka nevoj\u00eb p\u00ebr shum\u00eb fjal\u00eb hyr\u00ebse, edhe pse p\u00ebr t\u00eb fjal\u00ebt e mira nuk mungojn\u00eb kurr\u00eb.<\/span><\/em><\/p>\n<p><span style=\"color: #000000;\"><em>Faleminderit kandidat\u00ebve t\u00eb tjer\u00eb prezent, q\u00eb unanimisht shpreh\u00ebn d\u00ebshir\u00ebn p\u00ebr t\u00eb punuar si ekip. S\u00eb shpejti, do t\u00eb organizojm\u00eb takimin me t\u00eb gjith\u00eb K\u00ebshillin Socialist t\u00eb nj\u00ebsis\u00eb p\u00ebr t\u00eb filluar pun\u00ebn e p\u00ebrbashk\u00ebt deri n\u00eb fitore, sic ia do zakoni Kombinatit<\/em>\u201d, shkruan Spiropali.<\/span><\/p>\n<p><span style=\"color: #000000;\">Petro Ko\u00e7i q\u00eb nga viti 2009 ka drejtuar <\/span><span style=\"color: #000000;\">partin\u00eb politike \u201cPartia Socialiste e V\u00ebrtet\u00eb 91\u201d. Gjat\u00eb qeverisjes s\u00eb PS-s\u00eb, ai <\/span><span style=\"color: #000000;\">ka mbajtur postin e z\u00ebvend\u00ebs ministrit t\u00eb Mbrojtjes q\u00eb nga viti 2014, pozicion t\u00eb cilin vijon ta ket\u00eb.<\/span><\/p>\n<p><a href=\"https:\/\/hashtag.al\/wp-content\/uploads\/2020\/07\/Spiropali.jpg\"><img loading=\"lazy\" decoding=\"async\" class=\"aligncenter size-full wp-image-384348\" src=\"https:\/\/hashtag.al\/wp-content\/uploads\/2020\/07\/Spiropali.jpg\" alt=\"\" width=\"960\" height=\"640\" srcset=\"https:\/\/www.hashtag.al\/wp-content\/uploads\/2020\/07\/Spiropali.jpg 960w, https:\/\/www.hashtag.al\/wp-content\/uploads\/2020\/07\/Spiropali-300x200.jpg 300w, https:\/\/www.hashtag.al\/wp-content\/uploads\/2020\/07\/Spiropali-768x512.jpg 768w\" sizes=\"auto, (max-width: 960px) 100vw, 960px\" \/><\/a><\/p>\n","protected":false,"gt_translate_keys":[{"key":"rendered","format":"html"}]},"excerpt":{"rendered":"<p>Petro Ko\u00e7i ka hequr dor\u00eb nga kryesimi i partis\u00eb s\u00eb tij dhe \u00ebsht\u00eb rikthyer tek Partia Socialiste. Lajmi u b\u00eb i ditur nga Elisa Spiropali, e cila \u00ebsht\u00eb ministre e shtetit p\u00ebr marr\u00ebdh\u00ebniet me Parlamentin. Ajo tha se Ko\u00e7i do t\u00eb mbaj\u00eb postin e kryetarit t\u00eb ri t\u00eb K\u00ebshillit Socialist n\u00eb nj\u00ebsin\u00eb Nr. 6, n\u00eb [&hellip;]<\/p>\n","protected":false,"gt_translate_keys":[{"key":"rendered","format":"html"}]},"author":30,"featured_media":384349,"comment_status":"open","ping_status":"open","sticky":false,"template":"","format":"standard","meta":{"footnotes":""},"categories":[65,13],"tags":[],"class_list":["post-384347","post","type-post","status-publish","format-standard","has-post-thumbnail","hentry","category-lajme","category-te-fundit"],"gt_translate_keys":[{"key":"link","format":"url"}],"_links":{"self":[{"href":"https:\/\/www.hashtag.al\/index.php\/wp-json\/wp\/v2\/posts\/384347","targetHints":{"allow":["GET"]}}],"collection":[{"href":"https:\/\/www.hashtag.al\/index.php\/wp-json\/wp\/v2\/posts"}],"about":[{"href":"https:\/\/www.hashtag.al\/index.php\/wp-json\/wp\/v2\/types\/post"}],"author":[{"embeddable":true,"href":"https:\/\/www.hashtag.al\/index.php\/wp-json\/wp\/v2\/users\/30"}],"replies":[{"embeddable":true,"href":"https:\/\/www.hashtag.al\/index.php\/wp-json\/wp\/v2\/comments?post=384347"}],"version-history":[{"count":0,"href":"https:\/\/www.hashtag.al\/index.php\/wp-json\/wp\/v2\/posts\/384347\/revisions"}],"wp:featuredmedia":[{"embeddable":true,"href":"https:\/\/www.hashtag.al\/index.php\/wp-json\/wp\/v2\/media\/384349"}],"wp:attachment":[{"href":"https:\/\/www.hashtag.al\/index.php\/wp-json\/wp\/v2\/media?parent=384347"}],"wp:term":[{"taxonomy":"category","embeddable":true,"href":"https:\/\/www.hashtag.al\/index.php\/wp-json\/wp\/v2\/categories?post=384347"},{"taxonomy":"post_tag","embeddable":true,"href":"https:\/\/www.hashtag.al\/index.php\/wp-json\/wp\/v2\/tags?post=384347"}],"curies":[{"name":"wp","href":"https:\/\/api.w.org\/{rel}","templated":true}]}}