{"id":383938,"date":"2020-06-29T14:42:57","date_gmt":"2020-06-29T12:42:57","guid":{"rendered":"https:\/\/hashtag.al\/?p=383938"},"modified":"2020-06-29T14:44:03","modified_gmt":"2020-06-29T12:44:03","slug":"vrasja-e-2-biznesmeneve-ne-lac-gjykata-le-ne-arrest-me-burg-ilir-xhepajn","status":"publish","type":"post","link":"https:\/\/www.hashtag.al\/index.php\/2020\/06\/29\/vrasja-e-2-biznesmeneve-ne-lac-gjykata-le-ne-arrest-me-burg-ilir-xhepajn\/","title":{"rendered":"Vrasja e 2 biznesmen\u00ebve n\u00eb La\u00e7, gjykata l\u00eb n\u00eb &#8220;arrest me burg&#8221; Ilir Xhepajn","gt_translate_keys":[{"key":"rendered","format":"text"}]},"content":{"rendered":"<p><a href=\"https:\/\/hashtag.al\/wp-content\/uploads\/2020\/06\/auto_ilirxhepaj1593345250.jpg\"><img loading=\"lazy\" decoding=\"async\" class=\"aligncenter size-full wp-image-383939\" src=\"https:\/\/hashtag.al\/wp-content\/uploads\/2020\/06\/auto_ilirxhepaj1593345250.jpg\" alt=\"\" width=\"663\" height=\"338\" srcset=\"https:\/\/www.hashtag.al\/wp-content\/uploads\/2020\/06\/auto_ilirxhepaj1593345250.jpg 663w, https:\/\/www.hashtag.al\/wp-content\/uploads\/2020\/06\/auto_ilirxhepaj1593345250-300x153.jpg 300w\" sizes=\"auto, (max-width: 663px) 100vw, 663px\" \/><\/a><\/p>\n<p><span style=\"color: #000000;\">Gjykata ka vendosur mas\u00ebn e siguris\u00eb \u201carrest me burg\u201d p\u00ebr Ilir Xhepajn, personin e dyshuar si bashk\u00ebpuntor i Eduart Lamajt p\u00ebr vrasjen e dy biznesmen\u00ebve n\u00eb La\u00e7, ngjarje e ndodhur m\u00eb 30 maj.<\/span><\/p>\n<p><span style=\"color: #000000;\">Kujtojm\u00eb se Ilir Xhepaj u arrestua dit\u00ebn e djeshme n\u00eb Astir, posht\u00eb pallatit ku jetonte me qira. Ai ishte n\u00eb k\u00ebrkim jo vet\u00ebm p\u00ebr vrasjen e dy biznesmen\u00ebve, por edhe p\u00ebr nj\u00eb tjet\u00ebr atentat.<\/span><\/p>\n<p><span style=\"color: #000000;\">Xhepaj kishte vet\u00ebm 3 muaj q\u00eb kishte fal\u00eb nga burgu, ku ishte d\u00ebnuar p\u00ebr grabitje. Me t\u00eb dal\u00eb nga aty ai dyshohet se kreu 2 atentate, nj\u00ebra plagosje n\u00eb 15 maj dhe rasti i dyt\u00eb \u00ebsht\u00eb ai ku humb\u00ebn jet\u00ebn Bujar Lika dhe Paulin Gjergji.<\/span><\/p>\n","protected":false,"gt_translate_keys":[{"key":"rendered","format":"html"}]},"excerpt":{"rendered":"<p>Gjykata ka vendosur mas\u00ebn e siguris\u00eb \u201carrest me burg\u201d p\u00ebr Ilir Xhepajn, personin e dyshuar si bashk\u00ebpuntor i Eduart Lamajt p\u00ebr vrasjen e dy biznesmen\u00ebve n\u00eb La\u00e7, ngjarje e ndodhur m\u00eb 30 maj. Kujtojm\u00eb se Ilir Xhepaj u arrestua dit\u00ebn e djeshme n\u00eb Astir, posht\u00eb pallatit ku jetonte me qira. Ai ishte n\u00eb k\u00ebrkim jo [&hellip;]<\/p>\n","protected":false,"gt_translate_keys":[{"key":"rendered","format":"html"}]},"author":30,"featured_media":383939,"comment_status":"open","ping_status":"open","sticky":false,"template":"","format":"standard","meta":{"footnotes":""},"categories":[65,13],"tags":[],"class_list":["post-383938","post","type-post","status-publish","format-standard","has-post-thumbnail","hentry","category-lajme","category-te-fundit"],"gt_translate_keys":[{"key":"link","format":"url"}],"_links":{"self":[{"href":"https:\/\/www.hashtag.al\/index.php\/wp-json\/wp\/v2\/posts\/383938","targetHints":{"allow":["GET"]}}],"collection":[{"href":"https:\/\/www.hashtag.al\/index.php\/wp-json\/wp\/v2\/posts"}],"about":[{"href":"https:\/\/www.hashtag.al\/index.php\/wp-json\/wp\/v2\/types\/post"}],"author":[{"embeddable":true,"href":"https:\/\/www.hashtag.al\/index.php\/wp-json\/wp\/v2\/users\/30"}],"replies":[{"embeddable":true,"href":"https:\/\/www.hashtag.al\/index.php\/wp-json\/wp\/v2\/comments?post=383938"}],"version-history":[{"count":0,"href":"https:\/\/www.hashtag.al\/index.php\/wp-json\/wp\/v2\/posts\/383938\/revisions"}],"wp:featuredmedia":[{"embeddable":true,"href":"https:\/\/www.hashtag.al\/index.php\/wp-json\/wp\/v2\/media\/383939"}],"wp:attachment":[{"href":"https:\/\/www.hashtag.al\/index.php\/wp-json\/wp\/v2\/media?parent=383938"}],"wp:term":[{"taxonomy":"category","embeddable":true,"href":"https:\/\/www.hashtag.al\/index.php\/wp-json\/wp\/v2\/categories?post=383938"},{"taxonomy":"post_tag","embeddable":true,"href":"https:\/\/www.hashtag.al\/index.php\/wp-json\/wp\/v2\/tags?post=383938"}],"curies":[{"name":"wp","href":"https:\/\/api.w.org\/{rel}","templated":true}]}}