{"id":383884,"date":"2020-06-29T11:04:20","date_gmt":"2020-06-29T09:04:20","guid":{"rendered":"https:\/\/hashtag.al\/?p=383884"},"modified":"2020-06-29T11:05:59","modified_gmt":"2020-06-29T09:05:59","slug":"gjykata-le-ne-burg-adjola-lakren-avokati-e-verteta-qenka-shpifjet-ne-gazeta","status":"publish","type":"post","link":"https:\/\/www.hashtag.al\/index.php\/2020\/06\/29\/gjykata-le-ne-burg-adjola-lakren-avokati-e-verteta-qenka-shpifjet-ne-gazeta\/","title":{"rendered":"Gjykata l\u00eb n\u00eb burg Adjola Lakr\u00ebn, avokati: E v\u00ebrteta qenka shpifjet n\u00eb gazeta","gt_translate_keys":[{"key":"rendered","format":"text"}]},"content":{"rendered":"<p><a href=\"https:\/\/hashtag.al\/wp-content\/uploads\/2020\/06\/aDJOLA-LAKRA.jpg\"><img loading=\"lazy\" decoding=\"async\" class=\"aligncenter size-full wp-image-383868\" src=\"https:\/\/hashtag.al\/wp-content\/uploads\/2020\/06\/aDJOLA-LAKRA.jpg\" alt=\"\" width=\"1331\" height=\"748\" srcset=\"https:\/\/www.hashtag.al\/wp-content\/uploads\/2020\/06\/aDJOLA-LAKRA.jpg 1331w, https:\/\/www.hashtag.al\/wp-content\/uploads\/2020\/06\/aDJOLA-LAKRA-300x169.jpg 300w, https:\/\/www.hashtag.al\/wp-content\/uploads\/2020\/06\/aDJOLA-LAKRA-768x432.jpg 768w, https:\/\/www.hashtag.al\/wp-content\/uploads\/2020\/06\/aDJOLA-LAKRA-1024x575.jpg 1024w\" sizes=\"auto, (max-width: 1331px) 100vw, 1331px\" \/><\/a><\/p>\n<p><span style=\"color: #000000;\">Gjykata e Tiran\u00ebs ka caktuar sot mas\u00ebn e siguris\u00eb \u201carrest me burg\u201d p\u00ebr Adjola Lakr\u00ebn, 26-vje\u00e7aren nga Berati, e cila akuzohet si bashk\u00ebpun\u00ebtore ne vrasjen e Hekuran Bill\u00ebs.<\/span><\/p>\n<p><span style=\"color: #000000;\">Pas k\u00ebsaj, avokati mbrojt\u00ebs i Lakr\u00ebs ka dal\u00eb i revoltuar n\u00eb nj\u00eb deklarat\u00eb p\u00ebr mediat, ku shprehet se klientja e tij \u00ebsht\u00eb mbajtur n\u00eb burg padrejt\u00ebsisht vet\u00ebm p\u00ebr shkak t\u00eb opinionit.<\/span><\/p>\n<p><span style=\"color: #000000;\"><em>\u00a0\u201cE v\u00ebrteta me sa duket nuk \u00ebsht\u00eb as ajo q\u00eb ka ndodhur dhe as ajo q\u00eb provohet. E v\u00ebrteta qenkan shpifjet q\u00eb publikohen n\u00eb gazeta. Vajza nuk i ka th\u00ebn\u00eb kurr\u00eb ato q\u00eb nxirrni ju. Shum\u00eb shpejt kur t\u00eb dal\u00eb e lir\u00eb do flasim prap\u00eb. Sot ajo ngeli n\u00eb burg p\u00ebr shkak t\u00eb helmimit q\u00eb i \u00ebsht\u00eb b\u00ebr\u00eb opinionit. I vetmi moment m\u00ebkati mund t\u00eb them \u00ebsht\u00eb fatkeq\u00ebsia q\u00eb p\u00ebrpara se t\u00eb njihte viktim\u00ebn ka njohur nj\u00eb prej t\u00eb dyshuarve. Ajo po hetohet n\u00eb rolin e ndihm\u00ebses, por do ta kuptoni q\u00eb as k\u00ebt\u00eb rol nuk e ka\u201d-<\/em> tha avokati.<\/span><\/p>\n<p><span style=\"color: #000000;\">Sipas avokatit, nuk ka snj\u00eb prov\u00eb p\u00ebr t\u00eb v\u00ebrtetuar akuzat ndaj vajz\u00ebs.<\/span><\/p>\n<p><span style=\"color: #000000;\"><em>\u00a0\u201cT\u00eb vetmet prova jan\u00eb vet\u00ebm deklarimet e saj t\u00eb sinqerta. S\u2019ka pasur dijeni p\u00ebr rastin, s\u2019ka qen\u00eb n\u00eb dijeni se kishte gjakmarrje n\u00eb mes. Dit\u00ebn e ngjarjes ajo s\u2019ka telefonuar njeri, por e kan\u00eb telefonuar. U garantoj q\u00eb asnj\u00ebher\u00eb as e ka ditur, as \u00ebsht\u00eb paguar. Njohja me Bill\u00ebn \u00ebsht\u00eb b\u00ebr\u00eb n\u00ebp\u00ebr rrjetet sociale. Por nuk do them gj\u00eb m\u00eb shum\u00eb, pasi n\u00ebse vazhdoj mund t\u00eb c\u00ebnoj hetimin\u201d<\/em>&#8211; tha ai.<\/span><\/p>\n<p><iframe loading=\"lazy\" title=\"Gjykata e la n\u00eb burg pas dyshimit se nxori n\u00eb prit\u00eb  Bill\u00ebn. Flet Avokati i Adjola Lakr\u00ebs\" width=\"1170\" height=\"658\" src=\"https:\/\/www.youtube.com\/embed\/QUtR4wVbma8?feature=oembed\" frameborder=\"0\" allow=\"accelerometer; autoplay; clipboard-write; encrypted-media; gyroscope; picture-in-picture\" allowfullscreen><\/iframe><\/p>\n<p><span style=\"color: #000000;\">Por pavar\u00ebsisht fjal\u00ebve t\u00eb avokatit, prokuroria ka dyshime t\u00eb forta se ka qen\u00eb 26-vje\u00e7arja ajo q\u00eb e ka nxjerr\u00eb n\u00eb prit\u00eb Hekuran Bill\u00ebn.<\/span><\/p>\n","protected":false,"gt_translate_keys":[{"key":"rendered","format":"html"}]},"excerpt":{"rendered":"<p>Gjykata e Tiran\u00ebs ka caktuar sot mas\u00ebn e siguris\u00eb \u201carrest me burg\u201d p\u00ebr Adjola Lakr\u00ebn, 26-vje\u00e7aren nga Berati, e cila akuzohet si bashk\u00ebpun\u00ebtore ne vrasjen e Hekuran Bill\u00ebs. Pas k\u00ebsaj, avokati mbrojt\u00ebs i Lakr\u00ebs ka dal\u00eb i revoltuar n\u00eb nj\u00eb deklarat\u00eb p\u00ebr mediat, ku shprehet se klientja e tij \u00ebsht\u00eb mbajtur n\u00eb burg padrejt\u00ebsisht vet\u00ebm [&hellip;]<\/p>\n","protected":false,"gt_translate_keys":[{"key":"rendered","format":"html"}]},"author":30,"featured_media":383868,"comment_status":"open","ping_status":"open","sticky":false,"template":"","format":"standard","meta":{"footnotes":""},"categories":[65,13],"tags":[],"class_list":["post-383884","post","type-post","status-publish","format-standard","has-post-thumbnail","hentry","category-lajme","category-te-fundit"],"gt_translate_keys":[{"key":"link","format":"url"}],"_links":{"self":[{"href":"https:\/\/www.hashtag.al\/index.php\/wp-json\/wp\/v2\/posts\/383884","targetHints":{"allow":["GET"]}}],"collection":[{"href":"https:\/\/www.hashtag.al\/index.php\/wp-json\/wp\/v2\/posts"}],"about":[{"href":"https:\/\/www.hashtag.al\/index.php\/wp-json\/wp\/v2\/types\/post"}],"author":[{"embeddable":true,"href":"https:\/\/www.hashtag.al\/index.php\/wp-json\/wp\/v2\/users\/30"}],"replies":[{"embeddable":true,"href":"https:\/\/www.hashtag.al\/index.php\/wp-json\/wp\/v2\/comments?post=383884"}],"version-history":[{"count":0,"href":"https:\/\/www.hashtag.al\/index.php\/wp-json\/wp\/v2\/posts\/383884\/revisions"}],"wp:featuredmedia":[{"embeddable":true,"href":"https:\/\/www.hashtag.al\/index.php\/wp-json\/wp\/v2\/media\/383868"}],"wp:attachment":[{"href":"https:\/\/www.hashtag.al\/index.php\/wp-json\/wp\/v2\/media?parent=383884"}],"wp:term":[{"taxonomy":"category","embeddable":true,"href":"https:\/\/www.hashtag.al\/index.php\/wp-json\/wp\/v2\/categories?post=383884"},{"taxonomy":"post_tag","embeddable":true,"href":"https:\/\/www.hashtag.al\/index.php\/wp-json\/wp\/v2\/tags?post=383884"}],"curies":[{"name":"wp","href":"https:\/\/api.w.org\/{rel}","templated":true}]}}