{"id":383878,"date":"2020-06-29T10:43:07","date_gmt":"2020-06-29T08:43:07","guid":{"rendered":"https:\/\/hashtag.al\/?p=383878"},"modified":"2020-06-29T10:50:07","modified_gmt":"2020-06-29T08:50:07","slug":"64-raste-te-reja-dhe-dy-viktima-nga-koronavirusi-ne-24-oret-e-fundit","status":"publish","type":"post","link":"https:\/\/www.hashtag.al\/index.php\/2020\/06\/29\/64-raste-te-reja-dhe-dy-viktima-nga-koronavirusi-ne-24-oret-e-fundit\/","title":{"rendered":"64 raste t\u00eb reja dhe dy viktima nga koronavirusi n\u00eb 24 or\u00ebt e fundit","gt_translate_keys":[{"key":"rendered","format":"text"}]},"content":{"rendered":"<p><span style=\"color: #000000;\"><a style=\"color: #000000;\" href=\"https:\/\/hashtag.al\/wp-content\/uploads\/2020\/06\/Ministria-e-Shendetesise-3.png\"><img loading=\"lazy\" decoding=\"async\" class=\"aligncenter size-full wp-image-383879\" src=\"https:\/\/hashtag.al\/wp-content\/uploads\/2020\/06\/Ministria-e-Shendetesise-3.png\" alt=\"\" width=\"837\" height=\"444\" srcset=\"https:\/\/www.hashtag.al\/wp-content\/uploads\/2020\/06\/Ministria-e-Shendetesise-3.png 837w, https:\/\/www.hashtag.al\/wp-content\/uploads\/2020\/06\/Ministria-e-Shendetesise-3-300x160.png 300w, https:\/\/www.hashtag.al\/wp-content\/uploads\/2020\/06\/Ministria-e-Shendetesise-3-768x407.png 768w, https:\/\/www.hashtag.al\/wp-content\/uploads\/2020\/06\/Ministria-e-Shendetesise-3-620x330.png 620w\" sizes=\"auto, (max-width: 837px) 100vw, 837px\" \/><\/a><\/span><\/p>\n<p><span style=\"color: #000000;\">Gjat\u00eb 24 or\u00ebve t\u00eb fundit, Ministria e Sh\u00ebndet\u00ebsis\u00eb ka konfirmuar 64 raste t\u00eb reja me COVID-19, nd\u00ebrsa kan\u00eb humbur jet\u00ebn edhe 2 persona.<\/span><\/p>\n<p><span style=\"color: #000000;\">Specialistja e ISHP-s\u00eb Eugena Tomini e cila b\u00ebri p\u00ebrdit\u00ebsimin e t\u00eb dh\u00ebnave, tha se dy viktimat jan\u00eb nga Tirana e Durr\u00ebsi.<\/span><\/p>\n<p><span style=\"color: #000000;\"><em>&#8220;N\u00eb 24 or\u00ebt e fundit, referuar sh\u00ebrbimit infektiv, nj\u00eb paciente 78 vje\u00e7are nga Tirana, e transferuar nga nj\u00eb spital jopublik, ka nd\u00ebrruar jet\u00eb n\u00eb spitalin infektiv, megjith\u00eb trajtimin intensiv n\u00eb reanimacion dhe nj\u00eb pacient 83 vje\u00e7ar nga Durr\u00ebsi, n\u00eb terapi intensive, i cili vuante nga hipertensioni. Ministria e Sh\u00ebndet\u00ebsis\u00eb dhe Mbrojtjes Sociale u shpreh ngush\u00ebllimet familjar\u00ebve t\u00eb t\u00eb ndjer\u00ebve.&#8221;-<\/em> tha Tomini.<\/span><\/p>\n<p><span style=\"color: #000000;\">Nd\u00ebrkoh\u00eb, rastet e reja t\u00eb t\u00eb infektuarve jan\u00eb konstatuar n\u00eb: 15 n\u00eb Tiran\u00eb, 13 n\u00eb Kruj\u00eb, 11 n\u00eb Shkod\u00ebr, 7 n\u00eb Durr\u00ebs, 4 n\u00eb Lezh\u00eb, nga 3 raste n\u00eb Kuk\u00ebs, Puk\u00eb, 2 n\u00eb Kurbin, dhe nga 1 rast p\u00ebrkat\u00ebsisht n\u00eb Kor\u00e7\u00eb, Elbasan, Vlor\u00eb, Berat, Mat, Pogradec.<\/span><\/p>\n<p><span style=\"color: #000000;\">Trendi n\u00eb rritje \u00ebsht\u00eb v\u00ebn\u00eb re si n\u00eb numrin e t\u00eb infektuarve dhe viktimave, edhe n\u00eb shtrimet n\u00eb Spitalin Infektiv, ku aktualisht jane 84 pacient\u00eb t\u00eb shtruar. 11 prej tyre ndodhen n\u00eb terapi intensive dhe 2 jan\u00eb t\u00eb intubuar.<\/span><\/p>\n<p><span style=\"color: #000000;\"><strong>T\u00cb DH\u00cbNAT E FUNDIT<\/strong><\/span><\/p>\n<p><span style=\"color: #000000;\">Ministria e Sh\u00ebndet\u00ebsis\u00eb: 64 raste t\u00eb reja, 2 humbje jete, 54 t\u00eb sh\u00ebruar n\u00eb 24 or\u00ebt e fundit.<\/span><\/p>\n<p><span style=\"color: #000000;\">MShMS apel p\u00ebr bizneset bar-kafe, restorante, zbatoni me rigorozitet protokollet higjieno-sanitare t\u00eb siguris\u00eb. Kryeni sh\u00ebrbimin vet\u00ebm n\u00eb ambientet e hapura dhe jo t\u00eb mbyllura, duke respektuar distancimin fizik sipas udh\u00ebzimit t\u00eb autoriteteve sh\u00ebndet\u00ebsore.<\/span><\/p>\n<p><span style=\"color: #000000;\">Dr. Eugena Tomini<\/span><br \/>\n<span style=\"color: #000000;\">Instituti i Sh\u00ebndetit Publik<\/span><\/p>\n<p><span style=\"color: #000000;\">Ministria e Sh\u00ebndet\u00ebsis\u00eb dhe Mbrojtjes Sociale ju informon p\u00ebr situat\u00ebn epidemiologjike n\u00eb vend.<\/span><br \/>\n<span style=\"color: #000000;\">P\u00ebr t\u00eb kat\u00ebrt\u00ebn jav\u00eb t\u00eb vijimit t\u00eb epidemis\u00eb vazhdon nj\u00eb situat\u00eb serioze e rasteve t\u00eb konfirmuara pozitive me Covid19, e rasteve q\u00eb kan\u00eb k\u00ebrkuar shtrim n\u00eb spital apo rasteve n\u00eb terapi intensive. Nj\u00eb tjet\u00ebr trend n\u00eb rritje jan\u00eb edhe rastet q\u00eb kan\u00eb p\u00ebsuar humbje jete. T\u00eb gjith\u00eb k\u00ebta indikator\u00eb tregojn\u00eb q\u00eb virusi po vijon me t\u00eb nj\u00ebjtin intensitet transmetueshm\u00ebrie dhe po paraqet raste me shenja klinike.<\/span><br \/>\n<span style=\"color: #000000;\">Prandaj u drejtohemi si \u00e7do dit\u00eb, qytetar\u00ebve q\u00eb t\u00eb mos e ulin vigjilenc\u00ebn dhe t\u00eb zbatojn\u00eb masat e vendosura, t\u00eb mbajn\u00eb mask\u00ebn kudo ku nuk \u00ebsht\u00eb e mundur t\u00eb ruhet distancimi fizik, kurse bizneset t\u00eb zbatojn\u00eb protokollet e miratuara, p\u00ebr t\u00eb ruajtur punonj\u00ebsit por edhe qytetar\u00ebt t\u00eb cil\u00ebve u sh\u00ebrbejn\u00eb.<\/span><br \/>\n<span style=\"color: #000000;\">N\u00eb 24 or\u00ebt e fundit, referuar sh\u00ebrbimit infektiv, nj\u00eb paciente 78 vje\u00e7are nga Tirana, e transferuar nga nj\u00eb spital jopublik, ka nd\u00ebrruar jet\u00eb n\u00eb spitalin infektiv, megjith\u00eb trajtimin intensiv n\u00eb reanimacion dhe nj\u00eb pacient 83 vje\u00e7ar nga Durr\u00ebsi, n\u00eb terapi intensive, i cili vuante nga hipertensioni. Ministria e Sh\u00ebndet\u00ebsis\u00eb dhe Mbrojtjes Sociale u shpreh ngush\u00ebllimet familjar\u00ebve t\u00eb t\u00eb ndjer\u00ebve.<\/span><br \/>\n<span style=\"color: #000000;\">Vijon t\u00eb ket\u00eb shtrime n\u00eb spitalin infektiv ku aktualisht po trajtohen 84 pacient\u00eb, 11 prej tyre jan\u00eb n\u00eb terapi intensive, nd\u00ebrsa 2 jan\u00eb t\u00eb intubuar.<\/span><br \/>\n<span style=\"color: #000000;\">Pavar\u00ebsisht rasteve ditore t\u00eb identifikuara pozitiv\u00eb, lajmi i mir\u00eb \u00ebsht\u00eb se n\u00eb 24 or\u00ebt e fundit jan\u00eb sh\u00ebruar 54 qytetar\u00eb, duke e \u00e7uar n\u00eb 1438 numrin e t\u00eb sh\u00ebruarve q\u00eb nga fillimi i epidemis\u00eb.<\/span><br \/>\n<span style=\"color: #000000;\">Nd\u00ebrkoh\u00eb kan\u00eb vijuar testimet n\u00eb Laboratorin e Virologjis\u00eb n\u00eb ISHP dhe gjat\u00eb 24 or\u00ebve t\u00eb fundit jan\u00eb kryer 371 testime p\u00ebr t\u00eb dyshuar t\u00eb prekur me Covid19, nga t\u00eb cilat jan\u00eb konfirmuar 64 raste pozitive.<\/span><br \/>\n<span style=\"color: #000000;\">Shp\u00ebrndarja gjeografike e rasteve \u00ebsht\u00eb si vijon: 15 raste n\u00eb Tiran\u00eb, 13 n\u00eb Kruj\u00eb, 11 n\u00eb Shkod\u00ebr, 7 n\u00eb Durr\u00ebs, 4 n\u00eb Lezh\u00eb, nga 3 raste n\u00eb Kuk\u00ebs, Puk\u00eb, 2 n\u00eb Kurbin, dhe nga 1 rast p\u00ebrkat\u00ebsisht n\u00eb Kor\u00e7\u00eb, Elbasan, Vlor\u00eb, Berat, Mat, Pogradec.<\/span><br \/>\n<span style=\"color: #000000;\">N\u00eb vendin ton\u00eb aktualisht jan\u00eb 970 persona aktiv\u00eb me COVID19, kryesisht n\u00eb Tiran\u00eb, Shkod\u00ebr, Durr\u00ebs.<\/span><\/p>\n<p><span style=\"color: #000000;\">Ministria e Sh\u00ebndet\u00ebsis\u00eb dhe Mbrojtjes Sociale ju fton p\u00ebr t\u2019u treguar t\u00eb kujdessh\u00ebm p\u00ebr respektimin e distanc\u00ebs fizike me nj\u00ebri-tjetrin, evitimin e kontakteve, shtrengimit t\u00eb duarve dhe p\u00ebrqafimeve, ruajtjen e higjien\u00ebs personale.<\/span><br \/>\n<span style=\"color: #000000;\">Mbajtja e mask\u00ebs \u00ebsht\u00eb domosdoshm\u00ebri p\u00ebr t\u00eb parandaluar p\u00ebrhapjen e infeksionit n\u00eb ato ambiente ku nuk ruani dot distanc\u00ebn.<\/span><br \/>\n<span style=\"color: #000000;\">Biznese, bar, kafe, restorante, zbatoni me rigorozitet protokollet higjieno-sanitare t\u00eb siguris\u00eb.<\/span><br \/>\n<span style=\"color: #000000;\">Kryeni sh\u00ebrbimin vet\u00ebm n\u00eb ambientet e hapura dhe jo t\u00eb mbyllura, duke respektuar distancimin fizik sipas udh\u00ebzimit t\u00eb autoriteteve sh\u00ebndet\u00ebsore.<\/span><br \/>\n<span style=\"color: #000000;\">T\u00eb nderuar qytetar\u00eb evitoni festat apo ceremonit\u00eb me m\u00eb shum\u00eb se 10 persona n\u00eb k\u00ebto ambiente, dhe p\u00ebr m\u00eb tep\u00ebr duhet t\u00eb jen\u00eb t\u00eb rrethit t\u00eb ngusht\u00eb familjar.<\/span><br \/>\n<span style=\"color: #000000;\">Respektimi strikt i masave t\u00eb vendosura do t\u00eb ruajn\u00eb sh\u00ebndetin tuaj dhe nj\u00ebr\u00ebzve tuaj t\u00eb dashur.<\/span><br \/>\n<span style=\"color: #000000;\">N\u00ebse keni shenja t\u00eb s\u00ebmundjes telefononi n\u00eb numrin e Urgjenc\u00ebs Komb\u00ebtare 127 dhe n\u00eb linj\u00ebn e gjelb\u00ebr 0800 40 40 p\u00ebr k\u00ebshillim psikologjik apo \u00e7do informacion p\u00ebr Covid19.<\/span><\/p>\n<p><span style=\"color: #000000;\">COVID-19 \u2013 Statistika (29 Qershor 2020)<\/span><br \/>\n<span style=\"color: #000000;\">Testime totale 26663<\/span><br \/>\n<span style=\"color: #000000;\">Raste pozitive 2466<\/span><br \/>\n<span style=\"color: #000000;\">Raste t\u00eb sh\u00ebruara 1438<\/span><br \/>\n<span style=\"color: #000000;\">Raste Aktive 970<\/span><br \/>\n<span style=\"color: #000000;\">Humbje jete 58 (Qarku Tiran\u00eb 32, Durr\u00ebs 10, Fier 5, Vlor\u00eb 2, Shkod\u00ebr 7, Kuk\u00ebs 1, Elbasan 1)<\/span><br \/>\n<span style=\"color: #000000;\">Shp\u00ebrndarja gjeografike e rasteve aktive sipas qarqeve:<\/span><br \/>\n<span style=\"color: #000000;\">Tiran\u00eb 358<\/span><br \/>\n<span style=\"color: #000000;\">Durr\u00ebs 198<\/span><br \/>\n<span style=\"color: #000000;\">Shkod\u00ebr 155<\/span><br \/>\n<span style=\"color: #000000;\">Vlor\u00eb 100<\/span><br \/>\n<span style=\"color: #000000;\">Fier 47<\/span><br \/>\n<span style=\"color: #000000;\">Lezh\u00eb 39<\/span><br \/>\n<span style=\"color: #000000;\">Kor\u00e7\u00eb 28<\/span><br \/>\n<span style=\"color: #000000;\">Kuk\u00ebs 18<\/span><br \/>\n<span style=\"color: #000000;\">Elbasan 13<\/span><br \/>\n<span style=\"color: #000000;\">Gjirokast\u00ebr 7<\/span><br \/>\n<span style=\"color: #000000;\">Berat 6<\/span><br \/>\n<span style=\"color: #000000;\">Dib\u00ebr 1<\/span><\/p>\n","protected":false,"gt_translate_keys":[{"key":"rendered","format":"html"}]},"excerpt":{"rendered":"<p>Gjat\u00eb 24 or\u00ebve t\u00eb fundit, Ministria e Sh\u00ebndet\u00ebsis\u00eb ka konfirmuar 64 raste t\u00eb reja me COVID-19, nd\u00ebrsa kan\u00eb humbur jet\u00ebn edhe 2 persona. Specialistja e ISHP-s\u00eb Eugena Tomini e cila b\u00ebri p\u00ebrdit\u00ebsimin e t\u00eb dh\u00ebnave, tha se dy viktimat jan\u00eb nga Tirana e Durr\u00ebsi. &#8220;N\u00eb 24 or\u00ebt e fundit, referuar sh\u00ebrbimit infektiv, nj\u00eb paciente 78 [&hellip;]<\/p>\n","protected":false,"gt_translate_keys":[{"key":"rendered","format":"html"}]},"author":30,"featured_media":383879,"comment_status":"open","ping_status":"open","sticky":false,"template":"","format":"standard","meta":{"footnotes":""},"categories":[65,13],"tags":[],"class_list":["post-383878","post","type-post","status-publish","format-standard","has-post-thumbnail","hentry","category-lajme","category-te-fundit"],"gt_translate_keys":[{"key":"link","format":"url"}],"_links":{"self":[{"href":"https:\/\/www.hashtag.al\/index.php\/wp-json\/wp\/v2\/posts\/383878","targetHints":{"allow":["GET"]}}],"collection":[{"href":"https:\/\/www.hashtag.al\/index.php\/wp-json\/wp\/v2\/posts"}],"about":[{"href":"https:\/\/www.hashtag.al\/index.php\/wp-json\/wp\/v2\/types\/post"}],"author":[{"embeddable":true,"href":"https:\/\/www.hashtag.al\/index.php\/wp-json\/wp\/v2\/users\/30"}],"replies":[{"embeddable":true,"href":"https:\/\/www.hashtag.al\/index.php\/wp-json\/wp\/v2\/comments?post=383878"}],"version-history":[{"count":0,"href":"https:\/\/www.hashtag.al\/index.php\/wp-json\/wp\/v2\/posts\/383878\/revisions"}],"wp:featuredmedia":[{"embeddable":true,"href":"https:\/\/www.hashtag.al\/index.php\/wp-json\/wp\/v2\/media\/383879"}],"wp:attachment":[{"href":"https:\/\/www.hashtag.al\/index.php\/wp-json\/wp\/v2\/media?parent=383878"}],"wp:term":[{"taxonomy":"category","embeddable":true,"href":"https:\/\/www.hashtag.al\/index.php\/wp-json\/wp\/v2\/categories?post=383878"},{"taxonomy":"post_tag","embeddable":true,"href":"https:\/\/www.hashtag.al\/index.php\/wp-json\/wp\/v2\/tags?post=383878"}],"curies":[{"name":"wp","href":"https:\/\/api.w.org\/{rel}","templated":true}]}}