{"id":383726,"date":"2020-06-28T12:48:02","date_gmt":"2020-06-28T10:48:02","guid":{"rendered":"https:\/\/hashtag.al\/?p=383726"},"modified":"2020-06-28T15:55:32","modified_gmt":"2020-06-28T13:55:32","slug":"shefi-i-deputeteve-te-ldk-se-i-infektuar-me-koronavirus","status":"publish","type":"post","link":"https:\/\/www.hashtag.al\/index.php\/2020\/06\/28\/shefi-i-deputeteve-te-ldk-se-i-infektuar-me-koronavirus\/","title":{"rendered":"Shefi i deputet\u00ebve t\u00eb LDK-s\u00eb i infektuar me koronavirus","gt_translate_keys":[{"key":"rendered","format":"text"}]},"content":{"rendered":"<p><a href=\"https:\/\/hashtag.al\/wp-content\/uploads\/2020\/06\/Arben-Gashi.jpg\"><img loading=\"lazy\" decoding=\"async\" class=\"aligncenter size-full wp-image-383727\" src=\"https:\/\/hashtag.al\/wp-content\/uploads\/2020\/06\/Arben-Gashi.jpg\" alt=\"\" width=\"850\" height=\"552\" srcset=\"https:\/\/www.hashtag.al\/wp-content\/uploads\/2020\/06\/Arben-Gashi.jpg 850w, https:\/\/www.hashtag.al\/wp-content\/uploads\/2020\/06\/Arben-Gashi-300x195.jpg 300w, https:\/\/www.hashtag.al\/wp-content\/uploads\/2020\/06\/Arben-Gashi-768x499.jpg 768w\" sizes=\"auto, (max-width: 850px) 100vw, 850px\" \/><\/a><\/p>\n<p><span style=\"color: #000000;\">Konfirmohet me koronavirus shefi i grupit parlamentar t\u00eb LDK-s\u00eb, Arben Gashi. Mediat n\u00eb Kosov\u00eb shkruajn\u00eb se Gashi dhe an\u00ebtar\u00eb t\u00eb familjes s\u00eb tij gjenden n\u00eb mesin e 96 rasteve t\u00eb konfirmuara t\u00eb shtun\u00ebn si pozitiv\u00eb n\u00eb testin p\u00ebr COVID-19.<\/span><\/p>\n<p><span style=\"color: #000000;\">Lajmin e ka konfirmuar vet\u00eb deputeti, p\u00ebrmes nj\u00eb postimi n\u00eb rrjetet sociale.<\/span><\/p>\n<p><span style=\"color: #000000;\"><em>\u201cMe simptoma t\u00eb lehta si kok\u00ebdhembje e temperatur\u00eb, dje shkova t\u00eb testohem n\u00eb repartin e Infektives. Un\u00eb dhe familja ime dje rezultuam pozitiv me COVID-19, dhe p\u00ebr pasoj\u00eb, do t\u00eb jemi n\u00eb izolim shtepiak dyjavor<\/em>\u201d, shkruan Gashi.<\/span><\/p>\n<p><span style=\"color: #000000;\">Dit\u00ebn e djeshme n\u00eb Kosov\u00eb u konfirmuan 96 raste me koronavirus, duke e \u00e7uarn\u00eb 2590 \u00a0numrin e p\u00ebrgjithsh\u00ebm t\u00eb t\u00eb infektuarve.<\/span><\/p>\n","protected":false,"gt_translate_keys":[{"key":"rendered","format":"html"}]},"excerpt":{"rendered":"<p>Konfirmohet me koronavirus shefi i grupit parlamentar t\u00eb LDK-s\u00eb, Arben Gashi. Mediat n\u00eb Kosov\u00eb shkruajn\u00eb se Gashi dhe an\u00ebtar\u00eb t\u00eb familjes s\u00eb tij gjenden n\u00eb mesin e 96 rasteve t\u00eb konfirmuara t\u00eb shtun\u00ebn si pozitiv\u00eb n\u00eb testin p\u00ebr COVID-19. Lajmin e ka konfirmuar vet\u00eb deputeti, p\u00ebrmes nj\u00eb postimi n\u00eb rrjetet sociale. \u201cMe simptoma t\u00eb lehta [&hellip;]<\/p>\n","protected":false,"gt_translate_keys":[{"key":"rendered","format":"html"}]},"author":30,"featured_media":383727,"comment_status":"open","ping_status":"open","sticky":false,"template":"","format":"standard","meta":{"footnotes":""},"categories":[149],"tags":[],"class_list":["post-383726","post","type-post","status-publish","format-standard","has-post-thumbnail","hentry","category-kosoverajon"],"gt_translate_keys":[{"key":"link","format":"url"}],"_links":{"self":[{"href":"https:\/\/www.hashtag.al\/index.php\/wp-json\/wp\/v2\/posts\/383726","targetHints":{"allow":["GET"]}}],"collection":[{"href":"https:\/\/www.hashtag.al\/index.php\/wp-json\/wp\/v2\/posts"}],"about":[{"href":"https:\/\/www.hashtag.al\/index.php\/wp-json\/wp\/v2\/types\/post"}],"author":[{"embeddable":true,"href":"https:\/\/www.hashtag.al\/index.php\/wp-json\/wp\/v2\/users\/30"}],"replies":[{"embeddable":true,"href":"https:\/\/www.hashtag.al\/index.php\/wp-json\/wp\/v2\/comments?post=383726"}],"version-history":[{"count":0,"href":"https:\/\/www.hashtag.al\/index.php\/wp-json\/wp\/v2\/posts\/383726\/revisions"}],"wp:featuredmedia":[{"embeddable":true,"href":"https:\/\/www.hashtag.al\/index.php\/wp-json\/wp\/v2\/media\/383727"}],"wp:attachment":[{"href":"https:\/\/www.hashtag.al\/index.php\/wp-json\/wp\/v2\/media?parent=383726"}],"wp:term":[{"taxonomy":"category","embeddable":true,"href":"https:\/\/www.hashtag.al\/index.php\/wp-json\/wp\/v2\/categories?post=383726"},{"taxonomy":"post_tag","embeddable":true,"href":"https:\/\/www.hashtag.al\/index.php\/wp-json\/wp\/v2\/tags?post=383726"}],"curies":[{"name":"wp","href":"https:\/\/api.w.org\/{rel}","templated":true}]}}