{"id":383465,"date":"2020-06-26T23:00:34","date_gmt":"2020-06-26T21:00:34","guid":{"rendered":"https:\/\/hashtag.al\/?p=383465"},"modified":"2020-06-26T22:41:18","modified_gmt":"2020-06-26T20:41:18","slug":"milani-rikuperon-para-sfides-me-romen-ibrahimovic-dhe-kjaerin","status":"publish","type":"post","link":"https:\/\/www.hashtag.al\/index.php\/2020\/06\/26\/milani-rikuperon-para-sfides-me-romen-ibrahimovic-dhe-kjaerin\/","title":{"rendered":"Milani rikuperon para sfid\u00ebs me Rom\u00ebn, Ibrahimovi\u00e7 dhe Kjaerin","gt_translate_keys":[{"key":"rendered","format":"text"}]},"content":{"rendered":"<p><img loading=\"lazy\" decoding=\"async\" class=\"size-full wp-image-383466\" src=\"https:\/\/hashtag.al\/wp-content\/uploads\/2020\/06\/kajer-zllatan.jpg\" alt=\"\" width=\"1024\" height=\"683\" srcset=\"https:\/\/www.hashtag.al\/wp-content\/uploads\/2020\/06\/kajer-zllatan.jpg 1024w, https:\/\/www.hashtag.al\/wp-content\/uploads\/2020\/06\/kajer-zllatan-300x200.jpg 300w, https:\/\/www.hashtag.al\/wp-content\/uploads\/2020\/06\/kajer-zllatan-768x512.jpg 768w\" sizes=\"auto, (max-width: 1024px) 100vw, 1024px\" \/><\/p>\n<p><span style=\"color: #000000;\">Milani synon fort nj\u00eb vend n\u00eb Europa League p\u00ebr sezonin e ardhsh\u00ebm dhe e rinisi mir\u00eb me nj\u00eb fitore bind\u00ebse 1-4 n\u00eb transfert\u00ebn ndaj Lecces, nd\u00ebrsa t\u00eb diel\u00ebn pasdite do t\u00eb luaj\u00eb nj\u00eb nga ndeshjet m\u00eb t\u00eb r\u00ebnd\u00ebsishme.<\/span><\/p>\n<p><span style=\"color: #000000;\">N\u00eb \u201cSan Siro\u201d do t\u00eb vij\u00eb Roma, nj\u00eb kund\u00ebrshtar direkt i kuqezinjve n\u00eb gar\u00ebn p\u00ebr nj\u00eb vend n\u00eb Europa League, p\u00ebr m\u00eb tep\u00ebr q\u00eb verdhekuqt\u00eb kan\u00eb plot 9 pik\u00eb m\u00eb tep\u00ebr se Milani n\u00eb renditje dhe shpresojn\u00eb ende edhe p\u00ebr nj\u00eb vend n\u00eb zon\u00ebn Champions, ndon\u00ebse do t\u00eb jet\u00eb e v\u00ebshtir\u00eb.<\/span><\/p>\n<p><span style=\"color: #000000;\">Trajneri i Milanit, Stefano Pioli mori lajme mjaft t\u00eb mira nga infermieria sot, pasi mbrojt\u00ebsi Simon Kjaer, i cili doli i d\u00ebmtuar n\u00eb tranfert\u00ebn me Leccen, \u00ebsht\u00eb rikuperuar plot\u00ebsisht dhe do t\u00eb jet\u00eb gati t\u00eb marr\u00eb vendin e tij n\u00eb formacion, n\u00eb krah t\u00eb kapitenit Romagnoli.<\/span><\/p>\n<p><span style=\"color: #000000;\">Por lajmi m\u00eb i bukur vjen nga gjiganti suedez Zlatan Ibrahimovic, i cili sot \u00ebsht\u00eb st\u00ebrvitur plot\u00ebsisht me skuadr\u00ebn dhe tani Pioli do t\u00eb ket\u00eb vet\u00eb n\u00eb dor\u00eb, n\u00ebse do ta aktivizoj\u00eb nga minuta e par\u00eb, apo do ta mbaj\u00eb n\u00eb stol, p\u00ebr ta p\u00ebrdorur n\u00eb loj\u00eb e sip\u00ebr.<\/span><\/p>\n<p><span style=\"color: #000000;\">Kjaer dhe Ibra jan\u00eb dy prej futbollist\u00ebve m\u00eb me eksperienc\u00eb te Milani dhe kontributi i tyre pritet t\u00eb jet\u00eb v\u00ebrtet\u00eb i madh n\u00eb nj\u00eb sfid\u00eb si ajo ndaj Rom\u00ebs, ku kuqezinjt\u00eb do t\u00eb provojn\u00eb nj\u00eb tjet\u00ebr fitore, pasi gara p\u00ebr nj\u00eb vend n\u00eb Europa League \u00ebsht\u00eb v\u00ebrtet\u00eb e ashp\u00ebr.<\/span><\/p>\n","protected":false,"gt_translate_keys":[{"key":"rendered","format":"html"}]},"excerpt":{"rendered":"<p>Milani synon fort nj\u00eb vend n\u00eb Europa League p\u00ebr sezonin e ardhsh\u00ebm dhe e rinisi mir\u00eb me nj\u00eb fitore bind\u00ebse 1-4 n\u00eb transfert\u00ebn ndaj Lecces, nd\u00ebrsa t\u00eb diel\u00ebn pasdite do t\u00eb luaj\u00eb nj\u00eb nga ndeshjet m\u00eb t\u00eb r\u00ebnd\u00ebsishme. N\u00eb \u201cSan Siro\u201d do t\u00eb vij\u00eb Roma, nj\u00eb kund\u00ebrshtar direkt i kuqezinjve n\u00eb gar\u00ebn p\u00ebr nj\u00eb vend [&hellip;]<\/p>\n","protected":false,"gt_translate_keys":[{"key":"rendered","format":"html"}]},"author":32,"featured_media":383466,"comment_status":"open","ping_status":"open","sticky":false,"template":"","format":"standard","meta":{"footnotes":""},"categories":[134,13],"tags":[],"class_list":["post-383465","post","type-post","status-publish","format-standard","has-post-thumbnail","hentry","category-sport","category-te-fundit"],"gt_translate_keys":[{"key":"link","format":"url"}],"_links":{"self":[{"href":"https:\/\/www.hashtag.al\/index.php\/wp-json\/wp\/v2\/posts\/383465","targetHints":{"allow":["GET"]}}],"collection":[{"href":"https:\/\/www.hashtag.al\/index.php\/wp-json\/wp\/v2\/posts"}],"about":[{"href":"https:\/\/www.hashtag.al\/index.php\/wp-json\/wp\/v2\/types\/post"}],"author":[{"embeddable":true,"href":"https:\/\/www.hashtag.al\/index.php\/wp-json\/wp\/v2\/users\/32"}],"replies":[{"embeddable":true,"href":"https:\/\/www.hashtag.al\/index.php\/wp-json\/wp\/v2\/comments?post=383465"}],"version-history":[{"count":0,"href":"https:\/\/www.hashtag.al\/index.php\/wp-json\/wp\/v2\/posts\/383465\/revisions"}],"wp:featuredmedia":[{"embeddable":true,"href":"https:\/\/www.hashtag.al\/index.php\/wp-json\/wp\/v2\/media\/383466"}],"wp:attachment":[{"href":"https:\/\/www.hashtag.al\/index.php\/wp-json\/wp\/v2\/media?parent=383465"}],"wp:term":[{"taxonomy":"category","embeddable":true,"href":"https:\/\/www.hashtag.al\/index.php\/wp-json\/wp\/v2\/categories?post=383465"},{"taxonomy":"post_tag","embeddable":true,"href":"https:\/\/www.hashtag.al\/index.php\/wp-json\/wp\/v2\/tags?post=383465"}],"curies":[{"name":"wp","href":"https:\/\/api.w.org\/{rel}","templated":true}]}}