{"id":383146,"date":"2020-06-25T13:40:27","date_gmt":"2020-06-25T11:40:27","guid":{"rendered":"https:\/\/hashtag.al\/?p=383146"},"modified":"2020-06-25T13:40:27","modified_gmt":"2020-06-25T11:40:27","slug":"levizja-vetevendosje-ne-tirane-duam-drejtesi-per-vdekjen-e-minatorit-ne-martanesh","status":"publish","type":"post","link":"https:\/\/www.hashtag.al\/index.php\/2020\/06\/25\/levizja-vetevendosje-ne-tirane-duam-drejtesi-per-vdekjen-e-minatorit-ne-martanesh\/","title":{"rendered":"L\u00ebvizja Vet\u00ebvendosje n\u00eb Tiran\u00eb: Duam drejt\u00ebsi p\u00ebr vdekjen e minatorit n\u00eb Martanesh","gt_translate_keys":[{"key":"rendered","format":"text"}]},"content":{"rendered":"<p><a href=\"https:\/\/hashtag.al\/wp-content\/uploads\/2020\/06\/Miniere.jpg\"><img loading=\"lazy\" decoding=\"async\" class=\"aligncenter size-full wp-image-383053\" src=\"https:\/\/hashtag.al\/wp-content\/uploads\/2020\/06\/Miniere.jpg\" alt=\"\" width=\"846\" height=\"541\" srcset=\"https:\/\/www.hashtag.al\/wp-content\/uploads\/2020\/06\/Miniere.jpg 846w, https:\/\/www.hashtag.al\/wp-content\/uploads\/2020\/06\/Miniere-300x192.jpg 300w, https:\/\/www.hashtag.al\/wp-content\/uploads\/2020\/06\/Miniere-768x491.jpg 768w\" sizes=\"auto, (max-width: 846px) 100vw, 846px\" \/><\/a><\/p>\n<p><span style=\"color: #000000;\">L\u00ebvizja Vet\u00ebvendosje n\u00eb Tiran\u00eb ka reaguar lidhur me vdekjen e nj\u00eb minatori n\u00eb galerit\u00eb e Martaneshit dit\u00ebn e djeshme.<\/span><\/p>\n<p><span style=\"color: #000000;\">Arrestimin e brigadierit t\u00eb minier\u00ebs, aktivist\u00ebt e L\u00ebvisjet Vet\u00ebvendosje e konsiderojn\u00eb t\u00eb pamjaftueshme nd\u00ebrsa theksojn\u00eb se problem kryesor p\u00ebr vdekjen e minator\u00ebve jan\u00eb kushtet e pasigurta t\u00eb pun\u00ebs.<\/span><\/p>\n<p><em><span style=\"color: #000000;\">\u201cDuhen kushte e siguri n\u00eb pun\u00eb, minator\u00ebt jan\u00eb v\u00ebllez\u00ebrit tan\u00eb<\/span><\/em><\/p>\n<p><em><span style=\"color: #000000;\">Dje n\u00eb Martanesh ka humbur jet\u00ebn n\u00eb minier\u00eb minatori Astrit Xhafa, baba i pes\u00eb f\u00ebmij\u00ebve. L\u00ebvizja VET\u00cbVENDOSJE! Qendra n\u00eb Shqip\u00ebri i shpreh ngush\u00ebllime t\u00eb sinqerta familjes p\u00ebr humbjen e njeriut t\u00eb shtrenjt\u00eb, si dhe t\u00eb gjith\u00eb minator\u00ebve q\u00eb kan\u00eb humbur shokun n\u00eb minier\u00eb.<\/span><\/em><\/p>\n<p><span style=\"color: #000000;\"><em>Mediat kan\u00eb njoftuar sot se policia ka ndaluar brigadierin e minier\u00ebs, pas informacioneve se nuk jan\u00eb marr\u00eb masat e duhura n\u00eb katet mes galerive ku kryheshin punimet, gj\u00eb e cila rezultoi fatale p\u00ebr Astritit Xhafajn. Mir\u00ebpo, nuk mund t\u00eb ket\u00eb m\u00eb shfaj\u00ebsime. institucionet e din\u00eb se ky nuk \u00ebsht\u00eb aspak rast i izoluar. Para vdekjes s\u00eb Astrit Xhafajt, 27 minator\u00eb t\u00eb tjer\u00eb kan\u00eb humbur jet\u00ebn n\u00eb 5 vitet e fundit n\u00eb minierat e Martaneshit dhe Bulqiz\u00ebs.\u201d<\/em>&#8211; thuhet n\u00eb njoftim.<\/span><\/p>\n<p><span style=\"color: #000000;\">L\u00ebvizja Vet\u00ebvendosje thot\u00eb q\u00eb p\u00ebrgjegj\u00ebsi p\u00ebr sigurin\u00eb n\u00eb pun\u00eb mbajn\u00eb jo vet\u00ebm kompanit\u00eb por edhe shteti q\u00eb duhet t\u2019i kontrolloj\u00eb vazhdimisht. LV k\u00ebrkon drejt\u00ebsi p\u00ebr vdekjen e minatorit nd\u00ebrsa b\u00ebn thirrje p\u00ebr organizim.<\/span><\/p>\n<p><em><span style=\"color: #000000;\">\u201cK\u00ebto vdekje jan\u00eb pasoj\u00eb e munges\u00ebs s\u00eb kushteve dhe siguris\u00eb n\u00eb vendin e pun\u00ebs, t\u00eb cilat shteti ka p\u00ebr detyr\u00eb t\u2019i kontrolloj\u00eb vazhdimisht e t\u2019i implementoj\u00eb sipas ligjit. Indiferenca e shtetit \u00ebsht\u00eb bashkuar me praktik\u00ebn e eg\u00ebr t\u00eb privatizuesve q\u00eb nuk kan\u00eb investuar n\u00eb p\u00ebrmir\u00ebsim e mir\u00ebmbajtje, por vet\u00ebm p\u00ebr shfryt\u00ebzim t\u00eb eg\u00ebr e rrjep\u00ebs. Minierat, n\u00eb vend q\u00eb t\u00eb ishin bekimi i kombit, burim mir\u00ebqenie p\u00ebr gjith\u00eb Shqip\u00ebrin\u00eb, jan\u00eb b\u00ebr\u00eb burim pasurimi p\u00ebr nj\u00eb grusht njer\u00ebzish pran\u00eb pushtetit, dhe burim vdekjeje p\u00ebr ata q\u00eb punojn\u00eb aty.<\/span><\/em><\/p>\n<p><em><span style=\"color: #000000;\">Kjo \u00ebsht\u00eb nj\u00eb dhun\u00eb e strukturuar, q\u00eb i vendos njer\u00ebzit para zgjedhjes mes papun\u00ebsis\u00eb e varf\u00ebris\u00eb, apo rrezikimit t\u00eb jet\u00ebs n\u00eb miniera q\u00eb nuk plot\u00ebsojn\u00eb as kushtet minimale t\u00eb pun\u00ebs. Zgjedhja mes mjerimit pa pun\u00eb dhe vdekjes n\u00eb pun\u00eb, \u00ebsht\u00eb skllav\u00ebria moderne ku \u00ebsht\u00eb kapur sot peng minatori shqiptar.<\/span><\/em><\/p>\n<p><span style=\"color: #000000;\"><em>Me dhimbjen p\u00ebr jet\u00ebn e humbur, k\u00ebrkojm\u00eb drejt\u00ebsi p\u00ebr vdekjen e Astrit Xhafajt, dhe p\u00ebr pun\u00ebn e \u00e7do minatori. Dhimbjen duhet ta kthejm\u00eb n\u00eb vullnet p\u00ebr t\u00eb \u00e7uar p\u00ebrpara \u00e7lirimin e minator\u00ebve nga shp\u00ebrdoruesit e aseteve publike. Nuk kemi zgjidhje tjet\u00ebr p\u00ebrve\u00e7 se t\u00eb organizohemi p\u00ebr t\u00eb sjell\u00eb drejt\u00ebsi e p\u00ebr ta ndalur k\u00ebt\u00eb sistem dhune.\u201d<\/em> \u2013 thuhet n\u00eb njoftim.<\/span><\/p>\n","protected":false,"gt_translate_keys":[{"key":"rendered","format":"html"}]},"excerpt":{"rendered":"<p>L\u00ebvizja Vet\u00ebvendosje n\u00eb Tiran\u00eb ka reaguar lidhur me vdekjen e nj\u00eb minatori n\u00eb galerit\u00eb e Martaneshit dit\u00ebn e djeshme. Arrestimin e brigadierit t\u00eb minier\u00ebs, aktivist\u00ebt e L\u00ebvisjet Vet\u00ebvendosje e konsiderojn\u00eb t\u00eb pamjaftueshme nd\u00ebrsa theksojn\u00eb se problem kryesor p\u00ebr vdekjen e minator\u00ebve jan\u00eb kushtet e pasigurta t\u00eb pun\u00ebs. \u201cDuhen kushte e siguri n\u00eb pun\u00eb, minator\u00ebt jan\u00eb [&hellip;]<\/p>\n","protected":false,"gt_translate_keys":[{"key":"rendered","format":"html"}]},"author":30,"featured_media":383053,"comment_status":"open","ping_status":"open","sticky":false,"template":"","format":"standard","meta":{"footnotes":""},"categories":[65,13],"tags":[],"class_list":["post-383146","post","type-post","status-publish","format-standard","has-post-thumbnail","hentry","category-lajme","category-te-fundit"],"gt_translate_keys":[{"key":"link","format":"url"}],"_links":{"self":[{"href":"https:\/\/www.hashtag.al\/index.php\/wp-json\/wp\/v2\/posts\/383146","targetHints":{"allow":["GET"]}}],"collection":[{"href":"https:\/\/www.hashtag.al\/index.php\/wp-json\/wp\/v2\/posts"}],"about":[{"href":"https:\/\/www.hashtag.al\/index.php\/wp-json\/wp\/v2\/types\/post"}],"author":[{"embeddable":true,"href":"https:\/\/www.hashtag.al\/index.php\/wp-json\/wp\/v2\/users\/30"}],"replies":[{"embeddable":true,"href":"https:\/\/www.hashtag.al\/index.php\/wp-json\/wp\/v2\/comments?post=383146"}],"version-history":[{"count":0,"href":"https:\/\/www.hashtag.al\/index.php\/wp-json\/wp\/v2\/posts\/383146\/revisions"}],"wp:featuredmedia":[{"embeddable":true,"href":"https:\/\/www.hashtag.al\/index.php\/wp-json\/wp\/v2\/media\/383053"}],"wp:attachment":[{"href":"https:\/\/www.hashtag.al\/index.php\/wp-json\/wp\/v2\/media?parent=383146"}],"wp:term":[{"taxonomy":"category","embeddable":true,"href":"https:\/\/www.hashtag.al\/index.php\/wp-json\/wp\/v2\/categories?post=383146"},{"taxonomy":"post_tag","embeddable":true,"href":"https:\/\/www.hashtag.al\/index.php\/wp-json\/wp\/v2\/tags?post=383146"}],"curies":[{"name":"wp","href":"https:\/\/api.w.org\/{rel}","templated":true}]}}