{"id":382976,"date":"2020-06-24T18:31:18","date_gmt":"2020-06-24T16:31:18","guid":{"rendered":"https:\/\/hashtag.al\/?p=382976"},"modified":"2020-06-24T18:31:18","modified_gmt":"2020-06-24T16:31:18","slug":"grenell-thaci-anulon-udhetimin-ne-uashington-dialogu-do-zhvillohet-mes-hotit-dhe-vucicit","status":"publish","type":"post","link":"https:\/\/www.hashtag.al\/index.php\/2020\/06\/24\/grenell-thaci-anulon-udhetimin-ne-uashington-dialogu-do-zhvillohet-mes-hotit-dhe-vucicit\/","title":{"rendered":"Grenell: Tha\u00e7i anulon udh\u00ebtimin n\u00eb Uashington, dialogu do zhvillohet mes Hotit dhe Vu\u00e7i\u00e7it","gt_translate_keys":[{"key":"rendered","format":"text"}]},"content":{"rendered":"<p><img loading=\"lazy\" decoding=\"async\" class=\"aligncenter size-full wp-image-381711\" src=\"https:\/\/hashtag.al\/wp-content\/uploads\/2020\/06\/2020-02-21-grenell.jpg\" alt=\"\" width=\"937\" height=\"528\" srcset=\"https:\/\/www.hashtag.al\/wp-content\/uploads\/2020\/06\/2020-02-21-grenell.jpg 937w, https:\/\/www.hashtag.al\/wp-content\/uploads\/2020\/06\/2020-02-21-grenell-300x169.jpg 300w, https:\/\/www.hashtag.al\/wp-content\/uploads\/2020\/06\/2020-02-21-grenell-768x433.jpg 768w\" sizes=\"auto, (max-width: 937px) 100vw, 937px\" \/><\/p>\n<p><span style=\"color: #000000;\">I d\u00ebrguari i posa\u00e7\u00ebm i SHBA-s\u00eb p\u00ebr dialogun mes Kosov\u00ebs dhe Serbis\u00eb Richard Grenell ka lajm\u00ebruar se Presidenti Hashim Tha\u00e7i ka anuluar pjes\u00ebmarrjen n\u00eb dialog pas daljes s\u00eb lajmit se Prokuroria Speciale ka ngritur akuza p\u00ebr krime lufte p\u00ebr t\u00eb dhe Kadri Veselin.<\/span><\/p>\n<p><span style=\"color: #000000;\">\u201c<em>Presidenti i Kosov\u00ebs sapo ka informuar se ka anuluar udh\u00ebtimin n\u00eb Uashington e cila ndjek deklarat\u00ebn e b\u00ebr\u00eb nga Zyra e Prokurorit Specialit. <\/em><\/span><\/p>\n<p><span style=\"color: #000000;\"><em>Un\u00eb respektoj vendimin p\u00ebr mos-pjes\u00ebmarrjen n\u00eb diskutime derisa t\u00eb sqarohen \u00e7\u00ebshtjet ligjore<\/em>\u201d-shkruan Grenell. M\u00eb pas ai shton se <em>\u201cshohim p\u00ebrpara q\u00eb diskutimet e t\u00eb Shtun\u00ebs t\u00eb ecin p\u00ebrpara t\u00eb cilat do udh\u00ebhiqen nga Presidenti Vu\u00e7i\u00e7 dhe Kryeministri Hoti<\/em>.<\/span><\/p>\n<p>&nbsp;<\/p>\n","protected":false,"gt_translate_keys":[{"key":"rendered","format":"html"}]},"excerpt":{"rendered":"<p>I d\u00ebrguari i posa\u00e7\u00ebm i SHBA-s\u00eb p\u00ebr dialogun mes Kosov\u00ebs dhe Serbis\u00eb Richard Grenell ka lajm\u00ebruar se Presidenti Hashim Tha\u00e7i ka anuluar pjes\u00ebmarrjen n\u00eb dialog pas daljes s\u00eb lajmit se Prokuroria Speciale ka ngritur akuza p\u00ebr krime lufte p\u00ebr t\u00eb dhe Kadri Veselin. \u201cPresidenti i Kosov\u00ebs sapo ka informuar se ka anuluar udh\u00ebtimin n\u00eb Uashington [&hellip;]<\/p>\n","protected":false,"gt_translate_keys":[{"key":"rendered","format":"html"}]},"author":32,"featured_media":381711,"comment_status":"open","ping_status":"open","sticky":false,"template":"","format":"standard","meta":{"footnotes":""},"categories":[65,13],"tags":[],"class_list":["post-382976","post","type-post","status-publish","format-standard","has-post-thumbnail","hentry","category-lajme","category-te-fundit"],"gt_translate_keys":[{"key":"link","format":"url"}],"_links":{"self":[{"href":"https:\/\/www.hashtag.al\/index.php\/wp-json\/wp\/v2\/posts\/382976","targetHints":{"allow":["GET"]}}],"collection":[{"href":"https:\/\/www.hashtag.al\/index.php\/wp-json\/wp\/v2\/posts"}],"about":[{"href":"https:\/\/www.hashtag.al\/index.php\/wp-json\/wp\/v2\/types\/post"}],"author":[{"embeddable":true,"href":"https:\/\/www.hashtag.al\/index.php\/wp-json\/wp\/v2\/users\/32"}],"replies":[{"embeddable":true,"href":"https:\/\/www.hashtag.al\/index.php\/wp-json\/wp\/v2\/comments?post=382976"}],"version-history":[{"count":0,"href":"https:\/\/www.hashtag.al\/index.php\/wp-json\/wp\/v2\/posts\/382976\/revisions"}],"wp:featuredmedia":[{"embeddable":true,"href":"https:\/\/www.hashtag.al\/index.php\/wp-json\/wp\/v2\/media\/381711"}],"wp:attachment":[{"href":"https:\/\/www.hashtag.al\/index.php\/wp-json\/wp\/v2\/media?parent=382976"}],"wp:term":[{"taxonomy":"category","embeddable":true,"href":"https:\/\/www.hashtag.al\/index.php\/wp-json\/wp\/v2\/categories?post=382976"},{"taxonomy":"post_tag","embeddable":true,"href":"https:\/\/www.hashtag.al\/index.php\/wp-json\/wp\/v2\/tags?post=382976"}],"curies":[{"name":"wp","href":"https:\/\/api.w.org\/{rel}","templated":true}]}}