{"id":382971,"date":"2020-06-24T18:01:56","date_gmt":"2020-06-24T16:01:56","guid":{"rendered":"https:\/\/hashtag.al\/?p=382971"},"modified":"2020-06-24T18:01:56","modified_gmt":"2020-06-24T16:01:56","slug":"haradinaj-i-del-ne-mbeshtetje-thacit-dhe-veselit-besojme-ne-pafajsine-tuaj","status":"publish","type":"post","link":"https:\/\/www.hashtag.al\/index.php\/2020\/06\/24\/haradinaj-i-del-ne-mbeshtetje-thacit-dhe-veselit-besojme-ne-pafajsine-tuaj\/","title":{"rendered":"Haradinaj i del n\u00eb mb\u00ebshtetje Tha\u00e7it dhe Veselit: Besojm\u00eb n\u00eb pafajsin\u00eb tuaj","gt_translate_keys":[{"key":"rendered","format":"text"}]},"content":{"rendered":"<p><img loading=\"lazy\" decoding=\"async\" class=\"aligncenter size-full wp-image-382972\" src=\"https:\/\/hashtag.al\/wp-content\/uploads\/2020\/06\/thaci-haradinaj-veseli.jpg\" alt=\"\" width=\"1023\" height=\"575\" srcset=\"https:\/\/www.hashtag.al\/wp-content\/uploads\/2020\/06\/thaci-haradinaj-veseli.jpg 1023w, https:\/\/www.hashtag.al\/wp-content\/uploads\/2020\/06\/thaci-haradinaj-veseli-300x169.jpg 300w, https:\/\/www.hashtag.al\/wp-content\/uploads\/2020\/06\/thaci-haradinaj-veseli-768x432.jpg 768w\" sizes=\"auto, (max-width: 1023px) 100vw, 1023px\" \/><\/p>\n<p><span style=\"color: #000000;\">Ish-kryeministri i Kosov\u00ebs Ramush Haradinaj, reagoi p\u00ebr lajmin se Prokuroria Speciale ka ngritur akuza ndaj Presidentit Hashim Tha\u00e7i dhe Kadri Veselit.<\/span><\/p>\n<p><span style=\"color: #000000;\">Haradinaj i ka dal\u00eb n\u00eb mb\u00ebshtetje Tha\u00e7it dhe Veselit n\u00eb pafajsin\u00eb e tyre p\u00ebrball\u00eb akuzave.<\/span><\/p>\n<p><span style=\"color: #000000;\">\u201c<em>Populli shqiptar i Kosov\u00ebs me t\u00eb drejt\u00eb zhvilloi luft\u00eb p\u00ebr liri, pas shtypjes s\u00eb eg\u00ebr nga regjimet e ndryshme serbe, q\u00eb zgjati pothuajse nj\u00eb shekull, duke kulmuar me regjimin e Millosheviqit.<br \/>\nUshtria \u00c7lirimtare e Kosov\u00ebs ka b\u00ebr\u00eb luft\u00eb t\u00eb past\u00ebr, rezultat i s\u00eb cil\u00ebs ishte liria dhe themelimi i Republik\u00ebs s\u00eb Kosov\u00ebs.<br \/>\nNe besojm\u00eb n\u00eb pafaj\u00ebsin\u00eb e Presidentit Tha\u00e7i, kryetarit Veseli dhe t\u00eb gjith\u00eb bashk\u00ebluftetar\u00ebve t\u00eb tjer\u00eb<\/em>\u201d-.<\/span><\/p>\n","protected":false,"gt_translate_keys":[{"key":"rendered","format":"html"}]},"excerpt":{"rendered":"<p>Ish-kryeministri i Kosov\u00ebs Ramush Haradinaj, reagoi p\u00ebr lajmin se Prokuroria Speciale ka ngritur akuza ndaj Presidentit Hashim Tha\u00e7i dhe Kadri Veselit. Haradinaj i ka dal\u00eb n\u00eb mb\u00ebshtetje Tha\u00e7it dhe Veselit n\u00eb pafajsin\u00eb e tyre p\u00ebrball\u00eb akuzave. \u201cPopulli shqiptar i Kosov\u00ebs me t\u00eb drejt\u00eb zhvilloi luft\u00eb p\u00ebr liri, pas shtypjes s\u00eb eg\u00ebr nga regjimet e ndryshme [&hellip;]<\/p>\n","protected":false,"gt_translate_keys":[{"key":"rendered","format":"html"}]},"author":32,"featured_media":382972,"comment_status":"open","ping_status":"open","sticky":false,"template":"","format":"standard","meta":{"footnotes":""},"categories":[149,13],"tags":[],"class_list":["post-382971","post","type-post","status-publish","format-standard","has-post-thumbnail","hentry","category-kosoverajon","category-te-fundit"],"gt_translate_keys":[{"key":"link","format":"url"}],"_links":{"self":[{"href":"https:\/\/www.hashtag.al\/index.php\/wp-json\/wp\/v2\/posts\/382971","targetHints":{"allow":["GET"]}}],"collection":[{"href":"https:\/\/www.hashtag.al\/index.php\/wp-json\/wp\/v2\/posts"}],"about":[{"href":"https:\/\/www.hashtag.al\/index.php\/wp-json\/wp\/v2\/types\/post"}],"author":[{"embeddable":true,"href":"https:\/\/www.hashtag.al\/index.php\/wp-json\/wp\/v2\/users\/32"}],"replies":[{"embeddable":true,"href":"https:\/\/www.hashtag.al\/index.php\/wp-json\/wp\/v2\/comments?post=382971"}],"version-history":[{"count":0,"href":"https:\/\/www.hashtag.al\/index.php\/wp-json\/wp\/v2\/posts\/382971\/revisions"}],"wp:featuredmedia":[{"embeddable":true,"href":"https:\/\/www.hashtag.al\/index.php\/wp-json\/wp\/v2\/media\/382972"}],"wp:attachment":[{"href":"https:\/\/www.hashtag.al\/index.php\/wp-json\/wp\/v2\/media?parent=382971"}],"wp:term":[{"taxonomy":"category","embeddable":true,"href":"https:\/\/www.hashtag.al\/index.php\/wp-json\/wp\/v2\/categories?post=382971"},{"taxonomy":"post_tag","embeddable":true,"href":"https:\/\/www.hashtag.al\/index.php\/wp-json\/wp\/v2\/tags?post=382971"}],"curies":[{"name":"wp","href":"https:\/\/api.w.org\/{rel}","templated":true}]}}