{"id":382905,"date":"2020-06-24T13:47:52","date_gmt":"2020-06-24T11:47:52","guid":{"rendered":"https:\/\/hashtag.al\/?p=382905"},"modified":"2020-06-24T13:49:45","modified_gmt":"2020-06-24T11:49:45","slug":"pd-qeveria-ka-paguar-500-mije-euro-dje-per-banden-e-inceneratorit-ne-fier","status":"publish","type":"post","link":"https:\/\/www.hashtag.al\/index.php\/2020\/06\/24\/pd-qeveria-ka-paguar-500-mije-euro-dje-per-banden-e-inceneratorit-ne-fier\/","title":{"rendered":"PD: Qeveria ka paguar 500 mij\u00eb euro dje p\u00ebr band\u00ebn e inceneratorit n\u00eb Fier","gt_translate_keys":[{"key":"rendered","format":"text"}]},"content":{"rendered":"<p><a href=\"https:\/\/hashtag.al\/wp-content\/uploads\/2020\/06\/Dorian-Teliti-e1592999187673.jpg\"><img loading=\"lazy\" decoding=\"async\" class=\"aligncenter size-full wp-image-382906\" src=\"https:\/\/hashtag.al\/wp-content\/uploads\/2020\/06\/Dorian-Teliti-e1592999187673.jpg\" alt=\"\" width=\"1280\" height=\"853\" srcset=\"https:\/\/www.hashtag.al\/wp-content\/uploads\/2020\/06\/Dorian-Teliti-e1592999187673.jpg 1280w, https:\/\/www.hashtag.al\/wp-content\/uploads\/2020\/06\/Dorian-Teliti-e1592999187673-300x200.jpg 300w, https:\/\/www.hashtag.al\/wp-content\/uploads\/2020\/06\/Dorian-Teliti-e1592999187673-768x512.jpg 768w, https:\/\/www.hashtag.al\/wp-content\/uploads\/2020\/06\/Dorian-Teliti-e1592999187673-1024x682.jpg 1024w\" sizes=\"auto, (max-width: 1280px) 100vw, 1280px\" \/><\/a><\/p>\n<p><span style=\"color: #000000;\">N\u00eb vazhd\u00ebn e akuzave p\u00ebr incenerator\u00ebt, Partia Demokratike ka akuzuar kryeministrin Edi Rama se i ka paguar dje 500 mij\u00eb euro, nj\u00eb inceneratori q\u00eb nuk ekziston n\u00eb qytetin e Fierit.<\/span><\/p>\n<p><span style=\"color: #000000;\">Drejtori i kabinetit n\u00eb PD, Dorian Teliti tha n\u00eb nj\u00eb deklarat\u00eb p\u00ebr mediat:<em>\u201dQeveria i ka paguar vetes dhe band\u00ebs s\u00eb tij tek inceneratori i Fierit rreth 500 mij\u00eb euro vet\u00ebm dje. Jan\u00eb gjys\u00ebm milioni euro p\u00ebr 5 njer\u00ebz, nd\u00ebrkoh\u00eb q\u00eb p\u00ebr qytetar\u00ebt nuk ka m\u00eb asnj\u00eb ndihm\u00eb tjet\u00ebr. P\u00ebr vete marrin 500 mij\u00eb euro me nj\u00eb dor\u00eb, qytetar\u00ebve n\u00eb dit\u00ebn e tyre m\u00eb t\u00eb keqe i pagoi mesatarisht nga 10 euro dhe as nuk ka nd\u00ebrmend t\u00eb shtij\u00eb asnj\u00eb qindark\u00eb m\u00eb shum\u00eb.\u201d<\/em><\/span><\/p>\n<p><span style=\"color: #000000;\">Teliti tha se kryeministri Edi Rama do t\u00eb mbahet mend si kryeministri q\u00eb theu \u00e7do rekord p\u00ebr falimentimin e bizneseve dhe p\u00ebr mbylljen e dhjet\u00ebra mij\u00ebra vendeve t\u00eb pun\u00ebs.<\/span><\/p>\n<p><strong><span style=\"color: #000000;\">DEKLARATA E TELITIT<\/span><\/strong><\/p>\n<p><span style=\"color: #000000;\">Me Edi Ram\u00ebn n\u00eb krye t\u00eb qeveris\u00eb, abuzimi me parat\u00eb e shqiptar\u00ebve nuk ka t\u00eb ndalur. Gjith\u00e7ka \u00ebsht\u00eb p\u00ebr klient\u00ebt, asgj\u00eb p\u00ebr qytetar\u00ebt.<\/span><\/p>\n<p><span style=\"color: #000000;\">Incenerator\u00ebt jan\u00eb modeli m\u00eb korruptiv i k\u00ebsaj qeverie. Jan\u00eb shembulli sesi ata punojn\u00eb p\u00ebr t\u00eb mbushur xhepat e tyre dhe t\u00eb disa klient\u00ebve, me t\u00eb cil\u00ebt pasurohen.<\/span><\/p>\n<p><span style=\"color: #000000;\">Qeveria i ka paguar vetes dhe band\u00ebs s\u00eb tij tek inceneratori i Fierit rreth 500 mij\u00eb euro vet\u00ebm dje. Jan\u00eb gjys\u00ebm milioni euro p\u00ebr 5 njer\u00ebz, nd\u00ebrkoh\u00eb q\u00eb p\u00ebr qytetar\u00ebt nuk ka m\u00eb asnj\u00eb ndihm\u00eb tjet\u00ebr. P\u00ebr vete marrin 500 mij\u00eb euro me nj\u00eb dor\u00eb, qytetar\u00ebve n\u00eb dit\u00ebn e tyre m\u00eb t\u00eb keqe i pagoi mesatarisht nga 10 euro dhe as nuk ka nd\u00ebrmend t\u00eb shtij\u00eb asnj\u00eb qindark\u00eb m\u00eb shum\u00eb.<\/span><\/p>\n<p><span style=\"color: #000000;\">Vendimi p\u00ebr t\u00eb vazhduar pagesat miliona euro p\u00ebr incenerator\u00eb q\u00eb nuk ekzistojn\u00eb \u00ebsht\u00eb kriminal.<\/span><\/p>\n<p><span style=\"color: #000000;\">Deri tani, p\u00ebr incenerator\u00ebt e Elbasanit, Fierit dhe Tiran\u00ebs jan\u00eb paguar 9.1 milion\u00eb euro nga taksat e shqiptar\u00ebve.<\/span><\/p>\n<p><span style=\"color: #000000;\">\u00c7far\u00eb p\u00ebrfitojn\u00eb qytetar\u00ebt prej tyre? Asgj\u00eb!<\/span><\/p>\n<p><span style=\"color: #000000;\">E gjith\u00eb kjo vjedhje dhe abuzim po ndodh kur ekonomia \u00ebsht\u00eb realisht n\u00eb recesionin me te madh te 30 viteve te fundit, kur t\u00eb ardhurat ne arken e shtetit jan\u00eb n\u00eb pik\u00ebn e tyre m\u00eb t\u00eb ul\u00ebt dhe kur borxhi publik vazhdon t\u00eb rritet me ritme marramend\u00ebse.<\/span><\/p>\n<p><span style=\"color: #000000;\">Vet\u00ebm dit\u00ebn e djeshme 1568 familje nuk pat\u00ebn mund\u00ebsi t\u00eb merrnin pages\u00ebn 40 mij\u00eb lek\u00ebshe, pasi parat\u00eb e tyre shkuan n\u00eb xhepat e Inceneratorit t\u00eb Fierit, duke e paguar k\u00ebt\u00eb t\u00eb fundit me 510 mij\u00eb euro nga parat\u00eb e taksapaguesve.<\/span><\/p>\n<p><span style=\"color: #000000;\">Duke i paguar vetes n\u00eb nj\u00eb dor\u00eb gjys\u00ebm milioni euro p\u00ebr inceneratorin q\u00eb nuk ekziston, qeveria ka marr\u00eb vul\u00ebn e turpit t\u00eb \u201ckap \u00e7a t\u2019kap\u00ebsh\u201d disa muaj p\u00ebrpara largimit.<\/span><\/p>\n<p><span style=\"color: #000000;\">Edi Rama do t\u00eb mbahet mend si kryeministri q\u00eb theu \u00e7do rekord p\u00ebr falimentimin e bizneseve, p\u00ebr mbylljen e dhjet\u00ebra mij\u00ebra vendeve t\u00eb pun\u00ebs, si kryeministri q\u00eb ka abuzuar miliona e miliona euro dhe pasuri t\u00eb tjera, duke u rritur taksat shqiptar\u00ebve,<\/span><\/p>\n<p><span style=\"color: #000000;\">Me Edi Ram\u00ebn ka vet\u00ebm varf\u00ebrim, prandaj ne duhet ta ndryshojm\u00eb k\u00ebt\u00eb gjendje p\u00ebr t\u2019i dh\u00ebn\u00eb vendit nj\u00eb qeveri q\u00eb nuk punon p\u00ebr pasurimin e kryeministrit dhe t\u00eb nj\u00eb grushti pushtetar\u00ebsh, oligark\u00ebsh e kriminel\u00ebsh, por p\u00ebr mir\u00ebqenien e shqiptar\u00ebve.<\/span><\/p>\n","protected":false,"gt_translate_keys":[{"key":"rendered","format":"html"}]},"excerpt":{"rendered":"<p>N\u00eb vazhd\u00ebn e akuzave p\u00ebr incenerator\u00ebt, Partia Demokratike ka akuzuar kryeministrin Edi Rama se i ka paguar dje 500 mij\u00eb euro, nj\u00eb inceneratori q\u00eb nuk ekziston n\u00eb qytetin e Fierit. Drejtori i kabinetit n\u00eb PD, Dorian Teliti tha n\u00eb nj\u00eb deklarat\u00eb p\u00ebr mediat:\u201dQeveria i ka paguar vetes dhe band\u00ebs s\u00eb tij tek inceneratori i Fierit [&hellip;]<\/p>\n","protected":false,"gt_translate_keys":[{"key":"rendered","format":"html"}]},"author":30,"featured_media":382906,"comment_status":"open","ping_status":"open","sticky":false,"template":"","format":"standard","meta":{"footnotes":""},"categories":[65,13],"tags":[],"class_list":["post-382905","post","type-post","status-publish","format-standard","has-post-thumbnail","hentry","category-lajme","category-te-fundit"],"gt_translate_keys":[{"key":"link","format":"url"}],"_links":{"self":[{"href":"https:\/\/www.hashtag.al\/index.php\/wp-json\/wp\/v2\/posts\/382905","targetHints":{"allow":["GET"]}}],"collection":[{"href":"https:\/\/www.hashtag.al\/index.php\/wp-json\/wp\/v2\/posts"}],"about":[{"href":"https:\/\/www.hashtag.al\/index.php\/wp-json\/wp\/v2\/types\/post"}],"author":[{"embeddable":true,"href":"https:\/\/www.hashtag.al\/index.php\/wp-json\/wp\/v2\/users\/30"}],"replies":[{"embeddable":true,"href":"https:\/\/www.hashtag.al\/index.php\/wp-json\/wp\/v2\/comments?post=382905"}],"version-history":[{"count":0,"href":"https:\/\/www.hashtag.al\/index.php\/wp-json\/wp\/v2\/posts\/382905\/revisions"}],"wp:featuredmedia":[{"embeddable":true,"href":"https:\/\/www.hashtag.al\/index.php\/wp-json\/wp\/v2\/media\/382906"}],"wp:attachment":[{"href":"https:\/\/www.hashtag.al\/index.php\/wp-json\/wp\/v2\/media?parent=382905"}],"wp:term":[{"taxonomy":"category","embeddable":true,"href":"https:\/\/www.hashtag.al\/index.php\/wp-json\/wp\/v2\/categories?post=382905"},{"taxonomy":"post_tag","embeddable":true,"href":"https:\/\/www.hashtag.al\/index.php\/wp-json\/wp\/v2\/tags?post=382905"}],"curies":[{"name":"wp","href":"https:\/\/api.w.org\/{rel}","templated":true}]}}