{"id":382557,"date":"2020-06-22T21:13:10","date_gmt":"2020-06-22T19:13:10","guid":{"rendered":"https:\/\/hashtag.al\/?p=382557"},"modified":"2020-06-22T21:13:10","modified_gmt":"2020-06-22T19:13:10","slug":"thaci-ne-uashington-pervec-ekonomise-do-hapet-edhe-tema-e-paqes-dhe-stabilitetit-ne-ballkan","status":"publish","type":"post","link":"https:\/\/www.hashtag.al\/index.php\/2020\/06\/22\/thaci-ne-uashington-pervec-ekonomise-do-hapet-edhe-tema-e-paqes-dhe-stabilitetit-ne-ballkan\/","title":{"rendered":"Tha\u00e7i: N\u00eb Uashington p\u00ebrve\u00e7 ekonomis\u00eb do hapet edhe tema e paqes dhe stabilitetit n\u00eb Ballkan","gt_translate_keys":[{"key":"rendered","format":"text"}]},"content":{"rendered":"<p><img loading=\"lazy\" decoding=\"async\" class=\"aligncenter size-full wp-image-370669\" src=\"https:\/\/hashtag.al\/wp-content\/uploads\/2020\/05\/thaci2-e1588353838734.jpeg\" alt=\"\" width=\"1280\" height=\"853\" srcset=\"https:\/\/www.hashtag.al\/wp-content\/uploads\/2020\/05\/thaci2-e1588353838734.jpeg 1280w, https:\/\/www.hashtag.al\/wp-content\/uploads\/2020\/05\/thaci2-e1588353838734-300x200.jpeg 300w, https:\/\/www.hashtag.al\/wp-content\/uploads\/2020\/05\/thaci2-e1588353838734-768x512.jpeg 768w, https:\/\/www.hashtag.al\/wp-content\/uploads\/2020\/05\/thaci2-e1588353838734-1024x682.jpeg 1024w\" sizes=\"auto, (max-width: 1280px) 100vw, 1280px\" \/><\/p>\n<p><span style=\"color: #000000;\">Presidenti i Kosov\u00ebs Hashim Tha\u00e7i ka folur rreth takimit me delegacionin serb n\u00eb Sht\u00ebpin\u00eb e Bardh\u00eb m\u00eb \u00a027 qershor. Thot\u00eb se p\u00ebrve\u00e7 \u00e7\u00ebshtjeve ekonomike mund t\u00eb hapen edhe tema t\u00eb tjera.<\/span><\/p>\n<p><span style=\"color: #000000;\">\u201cAjo q\u00eb \u00ebsht\u00eb m\u00eb e r\u00ebnd\u00ebsishmja \u00ebsht\u00eb rifokusimi i SHBA-s\u00eb p\u00ebr Kosov\u00ebn dhe t\u00ebr\u00eb Ballkanin Per\u00ebndimor. P\u00ebr her\u00eb t\u00eb par\u00eb n\u00eb historin\u00eb e k\u00ebtyre tre dekadave ndodh nj\u00eb takim i till\u00eb i Ballkanit Per\u00ebndimor n\u00eb Sht\u00ebpin\u00eb e Bardh\u00eb. Kjo tregon angazhim t\u00eb drejtp\u00ebrdrejt t\u00eb Trump dhe Grenell\u2019, tha Tha\u00e7i.<\/span><\/p>\n<p><span style=\"color: #000000;\">Por a \u00ebsht\u00eb gati delegacioni i Kosov\u00ebs p\u00ebr k\u00ebt\u00eb proces?<\/span><\/p>\n<p><span style=\"color: #000000;\">\u201cDelegacioni i Kosov\u00ebs natyrisht se \u00ebsht\u00eb gati, si baz\u00eb p\u00ebr gjith\u00e7ka, apo korniz\u00eb e angazhimit ton\u00eb do t\u00eb jet\u00eb respektimi i plot\u00eb i Kushtetut\u00ebs s\u00eb Republik\u00ebs s\u00eb Kosov\u00ebs. Ne shkojm\u00eb atje me flamurin dhe integritetin territorial t\u00eb Kosov\u00ebs. Natyrsh\u00ebm q\u00eb presim hapjen e \u00e7\u00ebshtjeve me interes dhe mund t\u00eb kemi pajtueshm\u00ebri t\u00eb dy vendet por do t\u00eb jet\u00eb nj\u00eb takim jo i leht\u00eb, i v\u00ebshtir\u00eb dhe plot me gj\u00ebra t\u00eb cilat mund t\u00eb ballafaqohemi p\u00ebrball\u00eb nj\u00ebra-tjetr\u00ebs. Si delegacion i Kosov\u00ebs do t\u00eb jemi unik, do t\u00eb flasim me nj\u00eb z\u00eb\u201d, tha Tha\u00e7i p\u00ebr RTK-n\u00eb.<\/span><\/p>\n<p><span style=\"color: #000000;\">Presidenti pret q\u00eb t\u00eb diskutohet p\u00ebr stabilitetin n\u00eb Ballkanin Per\u00ebndimor.<\/span><\/p>\n<p><span style=\"color: #000000;\">\u201cUn\u00eb pres q\u00eb mund t\u00eb kemi \u00e7\u00ebshtje t\u00eb cilat mund t\u00eb hapen, ato t\u00eb cilat mund t\u00eb jen\u00eb m\u00eb afruese me nj\u00ebra-tjetr\u00ebn m\u00eb pak dalluese dhe me interes t\u00eb p\u00ebrbashk\u00ebt. Por natyrisht p\u00ebrve\u00e7 \u00e7\u00ebshtjeve ekonomike mund t\u00eb hapen edhe tema t\u00eb cilat jan\u00eb me interes p\u00ebr paqen dhe stabilitetin n\u00eb Kosov\u00eb, Serbi dhe Ballkan\u201d, theksoi ai.<\/span><\/p>\n<p><span style=\"color: #000000;\">\u201cKosova nuk zgjedh mes Uashingtonit dhe Brukselit. SHBA vazhdon t\u00eb jet\u00eb partneri yn\u00eb i p\u00ebrjetsh\u00ebm dhe special, me nj\u00eb besim shum\u00eb t\u00eb fuqish\u00ebm dhe m\u00eb pro-amerikan t\u00eb qytetar\u00ebve t\u00eb Kosov\u00ebs n\u00eb bot\u00eb dhe natyrisht q\u00eb kjo rrit shpres\u00ebn dhe besimin e institucioneve p\u00ebr takimin n\u00eb Uashington. Por nuk duhet t\u00eb jemi optimist n\u00eb kuptimin e naivitetit por shpresoj q\u00eb do t\u00eb arrijm\u00eb m\u00eb tep\u00ebr se\u00e7 presin skeptik\u00ebt. Takimi do t\u00eb jet\u00eb me plot\u00eb v\u00ebshtir\u00ebsi dhe do t\u00eb jet\u00eb shum\u00eb i r\u00ebnd\u00eb sepse Serbia p\u00ebr fat t\u00eb keq ende vazhdon e shikon kah e kaluara dhe pak t\u00eb fokusohet p\u00ebr t\u00eb ardhmen\u201d, tha Tha\u00e7i.<\/span><\/p>\n<p><span style=\"color: #000000;\">Ritheksoi se procesi do t\u00eb p\u00ebrfundoj\u00eb me njohje reciproke.<\/span><\/p>\n<p><span style=\"color: #000000;\">\u201cMendoj se takimi i Uashingtonit do t\u00eb jet\u00eb fillimi i fundit pozitiv q\u00eb do t\u00eb rezultoj\u00eb si proces me an\u00ebtar\u00ebsimin e Kosov\u00ebs n\u00eb OKB dhe njohjen reciproke e cila \u00ebsht\u00eb e vetmja qasje reale\u2019, tha Tha\u00e7i.<\/span><\/p>\n","protected":false,"gt_translate_keys":[{"key":"rendered","format":"html"}]},"excerpt":{"rendered":"<p>Presidenti i Kosov\u00ebs Hashim Tha\u00e7i ka folur rreth takimit me delegacionin serb n\u00eb Sht\u00ebpin\u00eb e Bardh\u00eb m\u00eb \u00a027 qershor. Thot\u00eb se p\u00ebrve\u00e7 \u00e7\u00ebshtjeve ekonomike mund t\u00eb hapen edhe tema t\u00eb tjera. \u201cAjo q\u00eb \u00ebsht\u00eb m\u00eb e r\u00ebnd\u00ebsishmja \u00ebsht\u00eb rifokusimi i SHBA-s\u00eb p\u00ebr Kosov\u00ebn dhe t\u00ebr\u00eb Ballkanin Per\u00ebndimor. P\u00ebr her\u00eb t\u00eb par\u00eb n\u00eb historin\u00eb e k\u00ebtyre [&hellip;]<\/p>\n","protected":false,"gt_translate_keys":[{"key":"rendered","format":"html"}]},"author":32,"featured_media":370669,"comment_status":"open","ping_status":"open","sticky":false,"template":"","format":"standard","meta":{"footnotes":""},"categories":[149,13],"tags":[],"class_list":["post-382557","post","type-post","status-publish","format-standard","has-post-thumbnail","hentry","category-kosoverajon","category-te-fundit"],"gt_translate_keys":[{"key":"link","format":"url"}],"_links":{"self":[{"href":"https:\/\/www.hashtag.al\/index.php\/wp-json\/wp\/v2\/posts\/382557","targetHints":{"allow":["GET"]}}],"collection":[{"href":"https:\/\/www.hashtag.al\/index.php\/wp-json\/wp\/v2\/posts"}],"about":[{"href":"https:\/\/www.hashtag.al\/index.php\/wp-json\/wp\/v2\/types\/post"}],"author":[{"embeddable":true,"href":"https:\/\/www.hashtag.al\/index.php\/wp-json\/wp\/v2\/users\/32"}],"replies":[{"embeddable":true,"href":"https:\/\/www.hashtag.al\/index.php\/wp-json\/wp\/v2\/comments?post=382557"}],"version-history":[{"count":0,"href":"https:\/\/www.hashtag.al\/index.php\/wp-json\/wp\/v2\/posts\/382557\/revisions"}],"wp:featuredmedia":[{"embeddable":true,"href":"https:\/\/www.hashtag.al\/index.php\/wp-json\/wp\/v2\/media\/370669"}],"wp:attachment":[{"href":"https:\/\/www.hashtag.al\/index.php\/wp-json\/wp\/v2\/media?parent=382557"}],"wp:term":[{"taxonomy":"category","embeddable":true,"href":"https:\/\/www.hashtag.al\/index.php\/wp-json\/wp\/v2\/categories?post=382557"},{"taxonomy":"post_tag","embeddable":true,"href":"https:\/\/www.hashtag.al\/index.php\/wp-json\/wp\/v2\/tags?post=382557"}],"curies":[{"name":"wp","href":"https:\/\/api.w.org\/{rel}","templated":true}]}}