{"id":382481,"date":"2020-06-22T14:24:42","date_gmt":"2020-06-22T12:24:42","guid":{"rendered":"https:\/\/hashtag.al\/?p=382481"},"modified":"2020-06-22T14:24:42","modified_gmt":"2020-06-22T12:24:42","slug":"koreja-e-jugut-konfirmon-valen-e-dyte-te-koronavirusit","status":"publish","type":"post","link":"https:\/\/www.hashtag.al\/index.php\/2020\/06\/22\/koreja-e-jugut-konfirmon-valen-e-dyte-te-koronavirusit\/","title":{"rendered":"Koreja e Jugut konfirmon val\u00ebn e dyt\u00eb t\u00eb koronavirusit","gt_translate_keys":[{"key":"rendered","format":"text"}]},"content":{"rendered":"<p><a href=\"https:\/\/hashtag.al\/wp-content\/uploads\/2020\/06\/Kore-e-Jugut.jpg\"><img loading=\"lazy\" decoding=\"async\" class=\"aligncenter size-full wp-image-382483\" src=\"https:\/\/hashtag.al\/wp-content\/uploads\/2020\/06\/Kore-e-Jugut.jpg\" alt=\"\" width=\"634\" height=\"423\" srcset=\"https:\/\/www.hashtag.al\/wp-content\/uploads\/2020\/06\/Kore-e-Jugut.jpg 634w, https:\/\/www.hashtag.al\/wp-content\/uploads\/2020\/06\/Kore-e-Jugut-300x200.jpg 300w\" sizes=\"auto, (max-width: 634px) 100vw, 634px\" \/><\/a><\/p>\n<p><span style=\"color: #000000;\">Koreja e Jugut ka konfirmuar se po kalon \u201c<em>nj\u00eb val\u00eb t\u00eb dyt\u00eb\u201d<\/em> t\u00eb koronavirusit dhe ministri i sh\u00ebndet\u00ebsis\u00eb atje paralajm\u00ebron p\u00ebr nj\u00eb <em>&#8220;situat\u00eb t\u00eb r\u00ebnd\u00eb<\/em>&#8221; n\u00eb vend.<\/span><\/p>\n<p><span style=\"color: #000000;\">Ministri i Sh\u00ebndet\u00ebsis\u00eb dhe Mir\u00ebqenies, Park Neung-hoo tha se gjat\u00eb jav\u00ebs s\u00eb kaluar jan\u00eb identifikuar 90 raste t\u00eb importuara, duke treguar nj\u00eb rritje t\u00eb mpreht\u00eb nga 48 q\u00eb ishin n\u00eb jav\u00ebn e kaluar.<\/span><\/p>\n<p><span style=\"color: #000000;\"><em>&#8220;Qeveria po p\u00ebrballet me nj\u00eb situat\u00eb t\u00eb r\u00ebnd\u00eb pasi zyrtar\u00ebt sh\u00ebndet\u00ebsor\u00eb jo vet\u00ebm q\u00eb duhet t\u00eb p\u00ebrmbajn\u00eb infeksionet e transmetuara n\u00eb vend, por edhe t\u00eb menaxhojn\u00eb raste t\u00eb importuara&#8221;-<\/em> tha ministri, citon <span style=\"color: #0000ff;\"><a style=\"color: #0000ff;\" href=\"https:\/\/www.dailymail.co.uk\/news\/article-8446753\/South-Korea-confirms-second-wave-Covid-19-health-minister-warns-grave-situation.html\">Daily Mail<\/a><\/span>.<\/span><\/p>\n<p><span style=\"color: #000000;\">N\u00eb 24 or\u00ebt e fundit, Qendra e Kores\u00eb p\u00ebr Kontrollin dhe Parandalimin e S\u00ebmundjeve (KCDC) raportoi 17 raste t\u00eb t\u00eb reja me koronavirus. 6 prej tyre ishin raste t\u00eb importuara.<\/span><\/p>\n<p><span style=\"color: #000000;\">N\u00eb total Koreja e Jugut ka konfirmuar 12.438 raste me koronavirus.<\/span><\/p>\n<p>&nbsp;<\/p>\n","protected":false,"gt_translate_keys":[{"key":"rendered","format":"html"}]},"excerpt":{"rendered":"<p>Koreja e Jugut ka konfirmuar se po kalon \u201cnj\u00eb val\u00eb t\u00eb dyt\u00eb\u201d t\u00eb koronavirusit dhe ministri i sh\u00ebndet\u00ebsis\u00eb atje paralajm\u00ebron p\u00ebr nj\u00eb &#8220;situat\u00eb t\u00eb r\u00ebnd\u00eb&#8221; n\u00eb vend. Ministri i Sh\u00ebndet\u00ebsis\u00eb dhe Mir\u00ebqenies, Park Neung-hoo tha se gjat\u00eb jav\u00ebs s\u00eb kaluar jan\u00eb identifikuar 90 raste t\u00eb importuara, duke treguar nj\u00eb rritje t\u00eb mpreht\u00eb nga 48 q\u00eb [&hellip;]<\/p>\n","protected":false,"gt_translate_keys":[{"key":"rendered","format":"html"}]},"author":30,"featured_media":382483,"comment_status":"open","ping_status":"open","sticky":false,"template":"","format":"standard","meta":{"footnotes":""},"categories":[6,13],"tags":[],"class_list":["post-382481","post","type-post","status-publish","format-standard","has-post-thumbnail","hentry","category-nderkombetare","category-te-fundit"],"gt_translate_keys":[{"key":"link","format":"url"}],"_links":{"self":[{"href":"https:\/\/www.hashtag.al\/index.php\/wp-json\/wp\/v2\/posts\/382481","targetHints":{"allow":["GET"]}}],"collection":[{"href":"https:\/\/www.hashtag.al\/index.php\/wp-json\/wp\/v2\/posts"}],"about":[{"href":"https:\/\/www.hashtag.al\/index.php\/wp-json\/wp\/v2\/types\/post"}],"author":[{"embeddable":true,"href":"https:\/\/www.hashtag.al\/index.php\/wp-json\/wp\/v2\/users\/30"}],"replies":[{"embeddable":true,"href":"https:\/\/www.hashtag.al\/index.php\/wp-json\/wp\/v2\/comments?post=382481"}],"version-history":[{"count":0,"href":"https:\/\/www.hashtag.al\/index.php\/wp-json\/wp\/v2\/posts\/382481\/revisions"}],"wp:featuredmedia":[{"embeddable":true,"href":"https:\/\/www.hashtag.al\/index.php\/wp-json\/wp\/v2\/media\/382483"}],"wp:attachment":[{"href":"https:\/\/www.hashtag.al\/index.php\/wp-json\/wp\/v2\/media?parent=382481"}],"wp:term":[{"taxonomy":"category","embeddable":true,"href":"https:\/\/www.hashtag.al\/index.php\/wp-json\/wp\/v2\/categories?post=382481"},{"taxonomy":"post_tag","embeddable":true,"href":"https:\/\/www.hashtag.al\/index.php\/wp-json\/wp\/v2\/tags?post=382481"}],"curies":[{"name":"wp","href":"https:\/\/api.w.org\/{rel}","templated":true}]}}