{"id":381974,"date":"2020-06-19T19:58:58","date_gmt":"2020-06-19T17:58:58","guid":{"rendered":"https:\/\/hashtag.al\/?p=381974"},"modified":"2020-06-19T20:46:36","modified_gmt":"2020-06-19T18:46:36","slug":"zbardhet-opinioni-i-venecias-per-kushtetuesen-shkeljet-e-ardian-dvoranit","status":"publish","type":"post","link":"https:\/\/www.hashtag.al\/index.php\/2020\/06\/19\/zbardhet-opinioni-i-venecias-per-kushtetuesen-shkeljet-e-ardian-dvoranit\/","title":{"rendered":"Zbardhet opinioni i Venecias p\u00ebr Kushtetuesen, shkeljet e Ardian Dvoranit","gt_translate_keys":[{"key":"rendered","format":"text"}]},"content":{"rendered":"<p><a href=\"https:\/\/hashtag.al\/index.php\/2020\/02\/03\/osbe-ja-con-ne-venecia-propozimet-per-te-ashtuquajturen-paketa-anti-shpifje\/venecia\/\" rel=\"attachment wp-att-351051\"><img loading=\"lazy\" decoding=\"async\" class=\"aligncenter size-full wp-image-351051\" src=\"https:\/\/hashtag.al\/wp-content\/uploads\/2020\/02\/venecia.jpg\" alt=\"\" width=\"1585\" height=\"863\" srcset=\"https:\/\/www.hashtag.al\/wp-content\/uploads\/2020\/02\/venecia.jpg 1585w, https:\/\/www.hashtag.al\/wp-content\/uploads\/2020\/02\/venecia-300x163.jpg 300w, https:\/\/www.hashtag.al\/wp-content\/uploads\/2020\/02\/venecia-768x418.jpg 768w, https:\/\/www.hashtag.al\/wp-content\/uploads\/2020\/02\/venecia-1024x558.jpg 1024w\" sizes=\"auto, (max-width: 1585px) 100vw, 1585px\" \/><\/a><\/p>\n<p>\u00cbsht\u00eb zbardhur raporti i Komisionit t\u00eb Venecias lidhur me situat\u00ebn n\u00eb Gjykat\u00ebn Kushtetuese.<\/p>\n<p>N\u00eb p\u00ebrfundim t\u00eb tij, Venecia thekson se Presidenti Meta nuk ka b\u00ebr\u00eb asnj\u00eb shkelje nd\u00ebrsa veprimet e tij jan\u00eb t\u00eb justifikuara e t\u00eb arsyeshme p\u00ebr sa u p\u00ebrket em\u00ebrimeve n\u00eb Gjykat\u00ebn Kushtetuese por edhe refuzimit t\u00eb betimit t\u00eb Arta Vorpsit, e cila u vet\u00ebshpall an\u00ebtare e Gjykat\u00ebs Kushtetuese pas betimit te nj\u00eb notere.<\/p>\n<p>N\u00eb raportin e zbardur Komisioni i Venecias shpjegon arsyet e bllokimit t\u00eb Gjykat\u00ebs Kushtetuese t\u00eb cilat kan\u00eb ardhur si pasoj\u00eb e vettingut e mosfunksionimi i K\u00ebshillit t\u00eb Em\u00ebrimeve n\u00eb Drejt\u00ebsi.<\/p>\n<p>Bllokimi i funksionalitetit t\u00eb Gjykat\u00ebs Kushtetuese dhe vonesat n\u00eb em\u00ebrimet e reja n\u00eb k\u00ebt\u00eb\u00a0 Gjykat\u00eb jan\u00eb shkaktuar nga disa fakor\u00eb:<\/p>\n<ul>\n<li>Si pasoj\u00eb e vetting disa nga an\u00ebtar\u00ebt e Gjykat\u00ebs Kushtetuese u shkarkuan nga detyra; disa t\u00eb tjer\u00eb dhan\u00eb dor\u00ebheqjen apo u mbaroi mandati;<\/li>\n<li>Mosfunksionim i KED p\u00ebr vitin 2007 dhe 2008 p\u00ebr shkak se pjesa e m\u00eb e madhe e an\u00ebtar\u00ebve t\u00eb tyre ishin t\u00eb pavetuar; Kushtetuat parashikon q\u00eb an\u00ebtar\u00ebt e KED t\u00eb vetohen menj\u00ebher\u00eb<\/li>\n<li>Vende vakante t\u00eb krijuara n\u00eb t\u00eb nj\u00ebjt\u00ebn koh\u00eb n\u00eb Gjykat\u00ebn Kushtetuese;<\/li>\n<li>Numri i kufizuar i kandidat\u00ebve p\u00ebr gjyqtar\u00eb n\u00eb Gjykat\u00ebn Kushtetues\u00eb p\u00ebr shum\u00eb vende vakante;<\/li>\n<\/ul>\n<p><strong>Rekomandimet e Komisionit t\u00eb Venecias<\/strong><\/p>\n<p><em>Rekomandime p\u00ebr procesin e vettingut<\/em><\/p>\n<p>Nd\u00ebrsa reforma e gjyq\u00ebsorit dhe procedura e vettingut mbesin prioritet dhe duhet t\u00eb \u00e7ohen n\u00eb nj\u00eb p\u00ebrfundim t\u00eb mir\u00eb, duhet t\u00eb vler\u00ebsohet n\u00ebse rregullat si\u00e7 zbatohen lejojn\u00eb nj\u00eb p\u00ebrfundim t\u00eb shpejt\u00eb t\u00eb procesit t\u00eb vettingut, ve\u00e7an\u00ebrisht n\u00eb rast se verifikimi i gjyqtar\u00ebve \u00e7on n\u00eb gjykata jofunksionale, ve\u00e7an\u00ebrisht ato te larta.<\/p>\n<p><em>Rekomandime ne lidhje me procesin e em\u00ebrimit t\u00eb an\u00ebtar\u00ebve t\u00eb Gjykat\u00ebs Kushtetuese<\/em><\/p>\n<p><strong>Radha<\/strong><\/p>\n<p>Radha e em\u00ebrimeve n\u00eb Gjykat\u00eb Kushtetuese nga Presidenti, Parlamenti dhe Gjykata e Lart\u00eb\u00a0 Radha p\u00ebr em\u00ebrimet n\u00eb Gjykat\u00eb Kushtetuese nga Presidenti, Parlamenti dhe Gjykata e Lart\u00eb i referohet alokimit t\u00eb vendeve vakante dhe jo radh\u00ebs s\u00eb vendimeve aktuale t\u00eb em\u00ebrimit t\u00eb gjyqtar\u00ebve. Tre autoritetet jan\u00eb t\u00eb pavarura dhe mund t\u00eb veprojn\u00eb n\u00eb m\u00ebnyr\u00eb autonome n\u00eb em\u00ebrimet p\u00ebrkat\u00ebse. Mungesa e em\u00ebrimit t\u00eb anetar\u00ebve t\u00eb Gjykat\u00ebs Kushtetuese nga Gjykata e Lart\u00eb nuk pengon Kuvendin dhe Presidentin t\u00eb zgjedhin\/em\u00ebrojn\u00eb an\u00ebtar\u00ebt p\u00ebrkat\u00ebs t\u00eb Gjykat\u00ebs Kushtetuese.<\/p>\n<p><strong>Mekanizmi zhbllokues<\/strong><\/p>\n<p>Mekanizmi zhbllokues p\u00ebr em\u00ebrimet nga Presidenti dhe Gjykata e Lart\u00eb, i parashikuar n\u00eb Ligjin e Gjykat\u00ebs Kushtetuese duket se ka ndikuar n\u00eb krijimin e nj\u00eb konflikti. Nd\u00ebrsa ky mekaniz\u00ebm \u00ebsht\u00eb n\u00eb fuqi dhe detyrues, rekomandohet t\u00eb vihet n\u00eb tekstin e Kushtetut\u00ebs, sic \u00ebsht\u00eb p\u00ebr Kuvendin.<\/p>\n<p><strong>Pezullimi i afatit 30 ditor t\u00eb mekanizmit zhbllokues<\/strong><\/p>\n<p>Pezullimi i k\u00ebtij afati nuk parashikohet n\u00eb Kushtetut\u00eb e n\u00eb ligj. Pezullimi mund t\u00eb justifikohet n\u00ebse ka nj\u00eb vakum ligjor. Sipas K.Venecias bllokimet e q\u00ebllimshme dhe me vullnet t\u00eb keq mund t\u00eb konsiderohen si pezullime t\u00eb paarsyeshme t\u00eb afatit t\u00eb nj\u00eb mekanizmi zhbllokues. Gjithsesi nj\u00eb parashikim i till\u00eb nuk gjendet n\u00eb ligj.<\/p>\n<p><strong>Nisma e mazhoranc\u00ebs p\u00ebr betimin e gjyqtarit Kushtetues para Presidentit<\/strong><\/p>\n<p>Parashikimet q\u00eb p\u00ebrmban draftligji p\u00ebr betimin, n\u00ebse \u00e7mohen t\u00eb nevojshme p\u00ebr t\u00eb evituar bllokimet e mundshme n\u00eb t\u00eb ardhmen dhe abuzimet me t\u00eb drejt\u00ebn e betimit nga ana e Presidentit, t\u00eb parashikohen n\u00eb Kushtetut\u00eb.<\/p>\n<p><strong>Rekomandime n\u00eb lidhje me pun\u00ebn e KED-s\u00eb<\/strong><\/p>\n<ul>\n<li>ndryshim i rregullores se KED, duke mund\u00ebsuar q\u00eb Avokati i Popullit t\u00eb marr\u00eb pjes\u00eb n\u00eb mbledhjet ku KED merr vendim p\u00ebr kandidatet. Kjo p\u00ebr hir t\u00eb rritjes s\u00eb transparenc\u00ebs s\u00eb KED. Ky rekomandim p\u00ebr t\u2019u adresuar k\u00ebrkon ndryshime n\u00eb Ligjin n.115\/2016 \u201cP\u00ebr organet e qeverisjes s\u00eb sistemit t\u00eb drejt\u00ebsis\u00eb\u201d dhe legjislacionit n\u00eb fuqi p\u00ebr organet kolegjiale.<\/li>\n<li>T\u00eb botoj\u00eb sa m\u00eb par\u00eb procesverbalet e mbledhjeve.<\/li>\n<li>KED duhet t\u00eb kryej\u00eb listimin e kandidat\u00ebve vet\u00ebm kur dosjet e t\u00eb gjith\u00eb kandidat\u00ebve n\u00eb list\u00eb jan\u00eb t\u00eb plota dhe kryetari i KED duhet t\u00eb d\u00ebrgoj\u00eb list\u00ebn s\u00eb bashku me dosjet menj\u00ebher\u00eb te t\u00eb gjitha institucionet p\u00ebrkat\u00ebse pa vones\u00eb.<\/li>\n<li>T\u00eb propozoj\u00eb kandidat\u00eb t\u00eb vetuar.<\/li>\n<\/ul>\n<p><strong>Nevoja p\u00ebr ndryshime Kushtetuese<\/strong><\/p>\n<p>Komisioni i Venecias rekomandon ndryshime t\u00eb Kushtetut\u00ebs p\u00ebr ta qart\u00ebsuar dhe leht\u00ebsuar procedur\u00ebn e em\u00ebrimit t\u00eb gjyqtar\u00ebve kushtetues\u00eb si dhe garantimin e mandatit t\u00eb plot\u00eb 9 vjecar p\u00ebr secilin prej tyre.<\/p>\n<p><strong>T\u00eb tjera<\/strong><\/p>\n<p><em>Em\u00ebrimi i gjyqtarit t\u00eb fundit nga Presidenti<\/em><\/p>\n<p>Mungesa e kandidat\u00ebve, fakti q\u00eb lista e KED d\u00ebrguar Presidentit mbeti pa kandidat\u00eb pas em\u00ebrimit nga Kuvendi t\u00eb dy an\u00ebtar\u00ebve t\u00eb Gj.Kushtetuese dhe paqart\u00ebsit\u00eb n\u00eb dispozitat ligjore kushtetuese sipas Komisioni i Venecias, mund t\u00eb konsiderojn\u00eb t\u00eb arsyeshme em\u00ebrimin e fundit t\u00eb Presidentit kryer tej afatit 30 ditor dhe jasht\u00eb list\u00ebs me tre kandidat\u00ebt e renditur t\u00eb par\u00ebt nga KED, dhe pse vet\u00eb Komisioni i Venecias pranon se pezullimi i mekanizmit zhbllokues nuk p\u00ebrligjet n\u00eb asnj\u00eb dispozit\u00eb ligjore.<\/p>\n<p><span style=\"color: #000000;\"><span style=\"color: #ff0000;\"><strong>VINI RE<\/strong><\/span>: Opinionin e plot\u00eb t\u00eb Komisionit t\u00eb Venecias e lexoni <a href=\"https:\/\/www.venice.coe.int\/webforms\/documents\/?pdf=CDL-AD%282020%29010-e&amp;fbclid=IwAR0d45iKmT_QW6Eu4aXucbK72VMLOJuKEtE9eYLIZX7saqgpzfmf8ERVIkE\"><span style=\"color: #0000ff;\">K\u00ebtu<\/span><\/a>.<\/span><\/p>\n","protected":false,"gt_translate_keys":[{"key":"rendered","format":"html"}]},"excerpt":{"rendered":"<p>\u00cbsht\u00eb zbardhur raporti i Komisionit t\u00eb Venecias lidhur me situat\u00ebn n\u00eb Gjykat\u00ebn Kushtetuese. N\u00eb p\u00ebrfundim t\u00eb tij, Venecia thekson se Presidenti Meta nuk ka b\u00ebr\u00eb asnj\u00eb shkelje nd\u00ebrsa veprimet e tij jan\u00eb t\u00eb justifikuara e t\u00eb arsyeshme p\u00ebr sa u p\u00ebrket em\u00ebrimeve n\u00eb Gjykat\u00ebn Kushtetuese por edhe refuzimit t\u00eb betimit t\u00eb Arta Vorpsit, e cila [&hellip;]<\/p>\n","protected":false,"gt_translate_keys":[{"key":"rendered","format":"html"}]},"author":51,"featured_media":351051,"comment_status":"open","ping_status":"open","sticky":false,"template":"","format":"standard","meta":{"footnotes":""},"categories":[65,13],"tags":[],"class_list":["post-381974","post","type-post","status-publish","format-standard","has-post-thumbnail","hentry","category-lajme","category-te-fundit"],"gt_translate_keys":[{"key":"link","format":"url"}],"_links":{"self":[{"href":"https:\/\/www.hashtag.al\/index.php\/wp-json\/wp\/v2\/posts\/381974","targetHints":{"allow":["GET"]}}],"collection":[{"href":"https:\/\/www.hashtag.al\/index.php\/wp-json\/wp\/v2\/posts"}],"about":[{"href":"https:\/\/www.hashtag.al\/index.php\/wp-json\/wp\/v2\/types\/post"}],"author":[{"embeddable":true,"href":"https:\/\/www.hashtag.al\/index.php\/wp-json\/wp\/v2\/users\/51"}],"replies":[{"embeddable":true,"href":"https:\/\/www.hashtag.al\/index.php\/wp-json\/wp\/v2\/comments?post=381974"}],"version-history":[{"count":0,"href":"https:\/\/www.hashtag.al\/index.php\/wp-json\/wp\/v2\/posts\/381974\/revisions"}],"wp:featuredmedia":[{"embeddable":true,"href":"https:\/\/www.hashtag.al\/index.php\/wp-json\/wp\/v2\/media\/351051"}],"wp:attachment":[{"href":"https:\/\/www.hashtag.al\/index.php\/wp-json\/wp\/v2\/media?parent=381974"}],"wp:term":[{"taxonomy":"category","embeddable":true,"href":"https:\/\/www.hashtag.al\/index.php\/wp-json\/wp\/v2\/categories?post=381974"},{"taxonomy":"post_tag","embeddable":true,"href":"https:\/\/www.hashtag.al\/index.php\/wp-json\/wp\/v2\/tags?post=381974"}],"curies":[{"name":"wp","href":"https:\/\/api.w.org\/{rel}","templated":true}]}}