{"id":381969,"date":"2020-06-19T19:36:52","date_gmt":"2020-06-19T17:36:52","guid":{"rendered":"https:\/\/hashtag.al\/?p=381969"},"modified":"2020-06-19T20:04:22","modified_gmt":"2020-06-19T18:04:22","slug":"komisioni-i-venecias-presidenti-meta-asnje-shkelje-per-emerimet-ne-gjykaten-kushtetuese","status":"publish","type":"post","link":"https:\/\/www.hashtag.al\/index.php\/2020\/06\/19\/komisioni-i-venecias-presidenti-meta-asnje-shkelje-per-emerimet-ne-gjykaten-kushtetuese\/","title":{"rendered":"Komisioni i Venecias: Presidenti asnj\u00eb shkelje p\u00ebr em\u00ebrimet n\u00eb Kushtetuese","gt_translate_keys":[{"key":"rendered","format":"text"}]},"content":{"rendered":"<p><a href=\"https:\/\/hashtag.al\/index.php\/2020\/06\/19\/komisioni-i-venecias-presidenti-meta-asnje-shkelje-per-emerimet-ne-gjykaten-kushtetuese\/metavenecia-6\/\" rel=\"attachment wp-att-381971\"><img loading=\"lazy\" decoding=\"async\" class=\"aligncenter size-full wp-image-381971\" src=\"https:\/\/hashtag.al\/wp-content\/uploads\/2020\/06\/metavenecia.jpeg\" alt=\"\" width=\"1280\" height=\"853\" srcset=\"https:\/\/www.hashtag.al\/wp-content\/uploads\/2020\/06\/metavenecia.jpeg 1280w, https:\/\/www.hashtag.al\/wp-content\/uploads\/2020\/06\/metavenecia-300x200.jpeg 300w, https:\/\/www.hashtag.al\/wp-content\/uploads\/2020\/06\/metavenecia-768x512.jpeg 768w, https:\/\/www.hashtag.al\/wp-content\/uploads\/2020\/06\/metavenecia-1024x682.jpeg 1024w\" sizes=\"auto, (max-width: 1280px) 100vw, 1280px\" \/><\/a><\/p>\n<p><span style=\"color: #000000;\">Komisioni i Venecias i ka dh\u00ebn\u00eb t\u00eb drejt\u00eb presidentit Meta p\u00ebr sa u p\u00ebrket em\u00ebrimeve n\u00eb Gjykat\u00ebn Kushtetuese. <\/span><\/p>\n<p><span style=\"color: #000000;\">N\u00eb opinionin e zbardhur lidhur me k\u00ebt\u00eb \u00e7\u00ebshtje theksohet se veprimet e kreut t\u00eb shtetit jan\u00eb t\u00eb justifikuara e t\u00eb arsyeshme.<\/span><\/p>\n<p><span style=\"color: #000000;\"> Venecia v\u00ebren gjithashtu se em\u00ebrimi i kandidates s\u00eb dyt\u00eb n\u00eb Gjykat\u00ebn Kushtetuese dhe refuzimi i betimit t\u00eb Arta Vorpsit ishin veprime t\u00eb arsyeshme.<\/span><\/p>\n<p><span style=\"color: #000000;\">Komisioni i Venecias v\u00ebren se p\u00ebr zgjidhjen e ng\u00ebr\u00e7it t\u00eb betimeve t\u00eb an\u00ebtar\u00ebve t\u00eb Gjykat\u00ebs Kushtetuese do ishte e udh\u00ebs q\u00eb ata t\u00eb betoheshin te kreu i k\u00ebsaj gjykate, por duke qen\u00eb se ajo nuk e ka nj\u00eb t\u00eb till\u00eb, ka p\u00ebrplasje mes Presidenc\u00ebs e Kuvendit.<\/span><\/p>\n<p><span style=\"color: #000000;\"><strong>Paragrafi 98<\/strong><\/span><\/p>\n<p><span style=\"color: #000000;\"><em>\u201cPresidenti, p\u00ebrmes Aktit t\u00eb tij t\u00eb 5 n\u00ebntorit 2019, pezulloi n\u00eb m\u00ebnyr\u00eb t\u00eb nj\u00ebanshme procedur\u00ebn e em\u00ebrimit para skadimit t\u00eb afatit 30 ditor t\u00eb p\u00ebrcaktuar n\u00eb ligj. Nd\u00ebrsa nj\u00eb pezullim i till\u00eb nuk parashikohet n\u00eb m\u00ebnyr\u00eb eksplicite nga Ligji p\u00ebr Gjykat\u00ebn Kushtetuese, ai mund t\u00eb jet\u00eb n\u00eb p\u00ebrputhje me nj\u00eb mekaniz\u00ebm zhbllokues q\u00eb ka p\u00ebr q\u00ebllim zhbllokimin e nj\u00eb situate kur ka mosveprim ose vullnet dashakeq nga nj\u00ebri prej aktor\u00ebve t\u00eb p\u00ebrfshir\u00eb. N\u00ebse nuk ka as vullnet dashakeq dhe as mosveprim, por p\u00ebrkundrazi duhet t\u00eb plot\u00ebsohet nj\u00eb boshll\u00ebk ligjor, ratio legis i mekanizmit zhbllokues nuk do t\u00eb ishte i zbatuesh\u00ebm. Si pasoj\u00eb, do t\u00eb duhet t\u00eb ekzistoj\u00eb mund\u00ebsia p\u00ebr t\u00eb nd\u00ebrprer\u00eb funksionimin \u2013 p\u00ebrndryshe automatik \u2013 t\u00eb mekanizmit zhbllokues. Ndaj, n\u00eb baz\u00eb t\u00eb nj\u00eb interpretimi teleologjik t\u00eb dispozitave ligjore, \u00ebsht\u00eb e justifikueshme t\u00eb pranohet em\u00ebrimi i m\u00ebvonsh\u00ebm i nj\u00eb kandidati t\u00eb dyt\u00eb nga Presidenti. Prandaj duket e arsyeshme q\u00eb Presidenti refuzoi t\u00eb pranonte betimin e gjyqtares q\u00eb pretendon se u em\u00ebrua automatikisht.\u201d<\/em> &#8211; shkruhet n\u00eb raport.<\/span><\/p>\n","protected":false,"gt_translate_keys":[{"key":"rendered","format":"html"}]},"excerpt":{"rendered":"<p>Komisioni i Venecias i ka dh\u00ebn\u00eb t\u00eb drejt\u00eb presidentit Meta p\u00ebr sa u p\u00ebrket em\u00ebrimeve n\u00eb Gjykat\u00ebn Kushtetuese. N\u00eb opinionin e zbardhur lidhur me k\u00ebt\u00eb \u00e7\u00ebshtje theksohet se veprimet e kreut t\u00eb shtetit jan\u00eb t\u00eb justifikuara e t\u00eb arsyeshme. Venecia v\u00ebren gjithashtu se em\u00ebrimi i kandidates s\u00eb dyt\u00eb n\u00eb Gjykat\u00ebn Kushtetuese dhe refuzimi i betimit [&hellip;]<\/p>\n","protected":false,"gt_translate_keys":[{"key":"rendered","format":"html"}]},"author":51,"featured_media":381971,"comment_status":"open","ping_status":"open","sticky":false,"template":"","format":"standard","meta":{"footnotes":""},"categories":[22,65,13],"tags":[],"class_list":["post-381969","post","type-post","status-publish","format-standard","has-post-thumbnail","hentry","category-ballina","category-lajme","category-te-fundit"],"gt_translate_keys":[{"key":"link","format":"url"}],"_links":{"self":[{"href":"https:\/\/www.hashtag.al\/index.php\/wp-json\/wp\/v2\/posts\/381969","targetHints":{"allow":["GET"]}}],"collection":[{"href":"https:\/\/www.hashtag.al\/index.php\/wp-json\/wp\/v2\/posts"}],"about":[{"href":"https:\/\/www.hashtag.al\/index.php\/wp-json\/wp\/v2\/types\/post"}],"author":[{"embeddable":true,"href":"https:\/\/www.hashtag.al\/index.php\/wp-json\/wp\/v2\/users\/51"}],"replies":[{"embeddable":true,"href":"https:\/\/www.hashtag.al\/index.php\/wp-json\/wp\/v2\/comments?post=381969"}],"version-history":[{"count":0,"href":"https:\/\/www.hashtag.al\/index.php\/wp-json\/wp\/v2\/posts\/381969\/revisions"}],"wp:featuredmedia":[{"embeddable":true,"href":"https:\/\/www.hashtag.al\/index.php\/wp-json\/wp\/v2\/media\/381971"}],"wp:attachment":[{"href":"https:\/\/www.hashtag.al\/index.php\/wp-json\/wp\/v2\/media?parent=381969"}],"wp:term":[{"taxonomy":"category","embeddable":true,"href":"https:\/\/www.hashtag.al\/index.php\/wp-json\/wp\/v2\/categories?post=381969"},{"taxonomy":"post_tag","embeddable":true,"href":"https:\/\/www.hashtag.al\/index.php\/wp-json\/wp\/v2\/tags?post=381969"}],"curies":[{"name":"wp","href":"https:\/\/api.w.org\/{rel}","templated":true}]}}