{"id":381687,"date":"2020-06-18T13:58:28","date_gmt":"2020-06-18T11:58:28","guid":{"rendered":"https:\/\/hashtag.al\/?p=381687"},"modified":"2020-06-18T13:58:28","modified_gmt":"2020-06-18T11:58:28","slug":"valteri-nxori-videon-nga-atentati-ndaj-prokurorit-ndoja-spak-u-i-kerkon-te-dorezoje-provat-video","status":"publish","type":"post","link":"https:\/\/www.hashtag.al\/index.php\/2020\/06\/18\/valteri-nxori-videon-nga-atentati-ndaj-prokurorit-ndoja-spak-u-i-kerkon-te-dorezoje-provat-video\/","title":{"rendered":"Valteri nxori videon nga atentati ndaj prokurorit Ndoja, SPAK-u i k\u00ebrkon t\u00eb dor\u00ebzoj\u00eb provat (Video)","gt_translate_keys":[{"key":"rendered","format":"text"}]},"content":{"rendered":"<p><img loading=\"lazy\" decoding=\"async\" class=\"aligncenter size-full wp-image-381688\" src=\"https:\/\/hashtag.al\/wp-content\/uploads\/2020\/06\/valteri.jpg\" alt=\"\" width=\"662\" height=\"364\" srcset=\"https:\/\/www.hashtag.al\/wp-content\/uploads\/2020\/06\/valteri.jpg 662w, https:\/\/www.hashtag.al\/wp-content\/uploads\/2020\/06\/valteri-300x165.jpg 300w\" sizes=\"auto, (max-width: 662px) 100vw, 662px\" \/><\/p>\n<p><span style=\"color: #000000;\">Deputeti i opozit\u00ebs parlamentare, Halit Valteri, nga foltorja e Kuvendit nxori nj\u00eb video q\u00eb sipas tij shihen dy autor\u00ebt e atentatit ndaj prokurorit Arjan Ndoja n\u00eb Shijak.<\/span><\/p>\n<p><span style=\"color: #000000;\">Sipas deputetit, p\u00ebrve\u00e7 nj\u00eb nga autor\u00ebve tashm\u00eb t\u00eb arrestuar Redjan Rrahja shfaqet edhe nj\u00eb person tjet\u00ebr i cili n\u00eb video sipas tij \u00ebsht\u00eb pa kapele.<\/span><\/p>\n<p><span style=\"color: #000000;\">Ai akuzoi policin\u00eb se nuk ka sekuestruar kamerat n\u00eb vendngjarje q\u00eb t\u00eb zbuloj\u00eb ngjarjen e plot\u00eb.<\/span><\/p>\n<p><span style=\"color: #000000;\">\u201c<em>Un\u00eb si deputet kam shkuar n\u00eb tre biznese dhe kam marr\u00eb kamerat e siguris\u00eb, q\u00eb ju si polici ia lini \u00e7\u00ebshtjen Tiran\u00ebs nd\u00ebrkoh\u00eb q\u00eb patrullat e Durr\u00ebsit, inspektor\u00ebt e krimit n\u00eb Durr\u00ebsit, t\u00eb policis\u00eb, oficer\u00ebt sekret nuk i kan\u00eb k\u00ebto pamje. K\u00ebtu tregohet shum\u00eb qart\u00eb, vras\u00ebsi Redjan Rraja dhe ky tjetri pa kapele nuk u gjeta, nuk e gjen dot se e keni karamelen n\u00eb fut, n\u00eb k\u00ebt\u00eb sall\u00eb, pengohet zbardhja e k\u00ebsaj ngjarjeje. N\u00ebse keni vullnet, b\u00ebjeni dhe jepuni qet\u00ebsi k\u00ebtyre prind\u00ebrve. N\u00ebse nuk doni se keni hall q\u00eb pas tyre fshihen ata q\u00eb ju komandojn\u00eb, do ishte e udh\u00ebs t\u00eb jepni dor\u00ebheqjen sa t\u00eb mos turp\u00ebroheni m\u00eb. Un\u00eb\u00a0kuptova q\u00eb je vet\u00ebm p\u00ebr tendera aty ose p\u00ebr em\u00ebrime, ti je minist\u00ebr teknik. Nuk ta ka shpjeguar kryeministri Rama q\u00eb je personi p\u00ebrgjegj\u00ebs p\u00ebr gjith\u00e7ka ndodh. Na p\u00ebrmende Lazaratin, po n\u00eb Mirdit\u00eb ke dyfishin e drog\u00ebs, \u00e7oja paraadh\u00ebsit t\u00ebnd OFL-n\u00eb, e jo atyre. Nuk na b\u00ebn pallavra p\u00ebr k\u00ebt\u00eb pun\u00eb. I ke t\u00eb 12 drejtor\u00ebt e qarqeve p\u00ebr p\u00ebrfshir\u00eb n\u00eb krim, 30% q\u00eb merrte paraardh\u00ebsi yt, ndoshta ti s&#8217;ke informacion, se ndoshta s&#8217;t\u00eb kan\u00eb dh\u00ebn\u00eb lek\u00eb, se p\u00ebr mua ti dukesh nj\u00eb burr\u00eb shum\u00eb i mir\u00eb. Ju ndoshta i shihni si shifra, por un\u00eb uroj q\u00eb ajo harta shpresoj q\u00eb t\u00eb shkoj drejt zero, mos t\u00eb kemi t\u00eb vrar\u00eb, k\u00ebshtu si e keni katandisur ju policin\u00eb e shtetit, do vriten dhe do shkat\u00ebrroheni<\/em>&#8220;-deklaroi Valteri.<\/span><\/p>\n<p><span style=\"color: #000000;\">Menj\u00ebher\u00eb pas deklarat\u00ebs, Valteri \u00ebsht\u00eb kontaktuar nga SPAK-i, q\u00eb t\u00eb d\u00ebshmoj\u00eb dhe t\u00eb dor\u00ebzoj\u00eb materialin q\u00eb posedon, raporton Report TV.<\/span><\/p>\n<p><iframe loading=\"lazy\" src=\"https:\/\/www.youtube.com\/embed\/srW0lhkca_A\" width=\"583\" height=\"344\" frameborder=\"0\" allowfullscreen=\"allowfullscreen\"><\/iframe><\/p>\n","protected":false,"gt_translate_keys":[{"key":"rendered","format":"html"}]},"excerpt":{"rendered":"<p>Deputeti i opozit\u00ebs parlamentare, Halit Valteri, nga foltorja e Kuvendit nxori nj\u00eb video q\u00eb sipas tij shihen dy autor\u00ebt e atentatit ndaj prokurorit Arjan Ndoja n\u00eb Shijak. Sipas deputetit, p\u00ebrve\u00e7 nj\u00eb nga autor\u00ebve tashm\u00eb t\u00eb arrestuar Redjan Rrahja shfaqet edhe nj\u00eb person tjet\u00ebr i cili n\u00eb video sipas tij \u00ebsht\u00eb pa kapele. Ai akuzoi policin\u00eb [&hellip;]<\/p>\n","protected":false,"gt_translate_keys":[{"key":"rendered","format":"html"}]},"author":32,"featured_media":381688,"comment_status":"open","ping_status":"open","sticky":false,"template":"","format":"standard","meta":{"footnotes":""},"categories":[65,13],"tags":[],"class_list":["post-381687","post","type-post","status-publish","format-standard","has-post-thumbnail","hentry","category-lajme","category-te-fundit"],"gt_translate_keys":[{"key":"link","format":"url"}],"_links":{"self":[{"href":"https:\/\/www.hashtag.al\/index.php\/wp-json\/wp\/v2\/posts\/381687","targetHints":{"allow":["GET"]}}],"collection":[{"href":"https:\/\/www.hashtag.al\/index.php\/wp-json\/wp\/v2\/posts"}],"about":[{"href":"https:\/\/www.hashtag.al\/index.php\/wp-json\/wp\/v2\/types\/post"}],"author":[{"embeddable":true,"href":"https:\/\/www.hashtag.al\/index.php\/wp-json\/wp\/v2\/users\/32"}],"replies":[{"embeddable":true,"href":"https:\/\/www.hashtag.al\/index.php\/wp-json\/wp\/v2\/comments?post=381687"}],"version-history":[{"count":0,"href":"https:\/\/www.hashtag.al\/index.php\/wp-json\/wp\/v2\/posts\/381687\/revisions"}],"wp:featuredmedia":[{"embeddable":true,"href":"https:\/\/www.hashtag.al\/index.php\/wp-json\/wp\/v2\/media\/381688"}],"wp:attachment":[{"href":"https:\/\/www.hashtag.al\/index.php\/wp-json\/wp\/v2\/media?parent=381687"}],"wp:term":[{"taxonomy":"category","embeddable":true,"href":"https:\/\/www.hashtag.al\/index.php\/wp-json\/wp\/v2\/categories?post=381687"},{"taxonomy":"post_tag","embeddable":true,"href":"https:\/\/www.hashtag.al\/index.php\/wp-json\/wp\/v2\/tags?post=381687"}],"curies":[{"name":"wp","href":"https:\/\/api.w.org\/{rel}","templated":true}]}}